{"id":581049,"date":"2025-12-06T01:06:31","date_gmt":"2025-12-06T01:06:31","guid":{"rendered":"https:\/\/www.europesays.com\/fr\/581049\/"},"modified":"2025-12-06T01:06:31","modified_gmt":"2025-12-06T01:06:31","slug":"psg-rennes-lheure-du-grand-retour-pour-matvey-safonov","status":"publish","type":"post","link":"https:\/\/www.europesays.com\/fr\/581049\/","title":{"rendered":"PSG-Rennes\u00a0: l\u2019heure du grand retour pour Matvey Safonov\u00a0?"},"content":{"rendered":"<p class=\"paragraph text_align_left lp-f-body-02\">Il attend ce moment depuis de longues semaines. Dans l\u2019ombre de <a href=\"https:\/\/www.leparisien.fr\/sports\/football\/lucas-chevalier\/\" target=\"_blank\" rel=\"noreferrer noopener\">Lucas Chevalier<\/a> depuis le d\u00e9but de saison, <a href=\"https:\/\/www.leparisien.fr\/sports\/football\/psg\/football-pourquoi-le-gardien-matvey-safonov-a-t-il-ete-remis-a-la-disposition-du-psg-apres-une-boulette-avec-la-russie-13-11-2025-KMQJKG4ISBBN5JS2GN5FDQSW2E.php\" target=\"_blank\" rel=\"noreferrer noopener\">Matvey Safonov<\/a> devrait \u00ab profiter \u00bb de la blessure du gardien fran\u00e7ais, encore en d\u00e9licatesse avec <a href=\"https:\/\/www.leparisien.fr\/sports\/football\/ligue-1\/il-a-eu-beaucoup-de-chance-colere-sourde-du-psg-suite-a-lenorme-faute-sur-lucas-chevalier-29-11-2025-KFYQLPXKAZCNBDT7BGEIPBBC2U.php\" target=\"_blank\" rel=\"noreferrer noopener\">sa cheville droite touch\u00e9e lors du dernier match \u00e0 Monaco (1-0)<\/a>, pour occuper le but <a href=\"https:\/\/www.leparisien.fr\/sports\/football\/psg\/\" target=\"_blank\" rel=\"noreferrer noopener\">du PSG<\/a> ce samedi soir (21h5) contre Rennes.<\/p>\n<p class=\"paragraph text_align_left lp-f-body-02\">Alors qu\u2019il n\u2019a plus rev\u00eatu le maillot parisien depuis le 24 mai et la finale de Coupe de France remport\u00e9e <a href=\"https:\/\/www.leparisien.fr\/sports\/football\/psg\/psg-reims-3-0-paris-label-coupe-24-05-2025-B5N5O2PCQZGERKHCGCCJAU3OFY.php\" target=\"_blank\" rel=\"noreferrer noopener\">contre Reims (3-0),<\/a> le Russe ne s\u2019imaginait pas rester sur le banc durant cette p\u00e9riode, certain que son temps de jeu d\u00e9collerait plus t\u00f4t. Son heure devrait donc finir par arriver ce week-end et le portier de 26 ans est plus que jamais pr\u00eat \u00e0 saisir cette opportunit\u00e9 pour prouver sa valeur.<\/p>\n<p class=\"paragraph text_align_left lp-f-body-02\"><a href=\"https:\/\/www.leparisien.fr\/sports\/football\/ligue-1\/psg-rennes-le-championnat-est-plus-motivant-en-ce-moment-assure-luis-enrique-05-12-2025-MRY5CQV5IBAJVNDE7AXHHNHSZQ.php\" target=\"_blank\" rel=\"noreferrer noopener\">En conf\u00e9rence de presse ce vendredi<\/a>, Luis Enrique n\u2019a pas souhait\u00e9 confirmer la premi\u00e8re titularisation de la saison de Matvey Safonov, laissant entendre que le troisi\u00e8me gardien, <a href=\"https:\/\/www.leparisien.fr\/sports\/football\/psg\/mercato-un-reve-qui-devient-realite-le-psg-officialise-larrivee-de-renato-marin-17-07-2025-ODZP7Y5ZTVD2LNQY6L3VFF7COQ.php\" target=\"_blank\" rel=\"noreferrer noopener\">Renato Marin,<\/a> postulait \u00e9galement \u00e0 une place dans le onze. \u00ab Je ne veux rien dire sur Safonov ou Renato Marin. Quel que soit celui qui joue, ce sera une bonne option pour l\u2019\u00e9quipe \u00bb, a expliqu\u00e9 l\u2019Asturien. Le coach est un adepte des surprises mais, en interne, la tendance \u00e9tait bien de voir le Russe dans le but face aux Bretons.<\/p>\n<p class=\"paragraph text_align_left lp-f-body-02\">Pour sa deuxi\u00e8me saison dans la capitale, le natif de Krasnodar pensait <a href=\"https:\/\/www.leparisien.fr\/sports\/football\/psg\/prouver-que-je-merite-ma-place-matvey-safonov-la-concurrence-avec-lucas-chevalier-03-09-2025-XUVCGVNFORB43MDYWMQIA3I3KI.php\" target=\"_blank\" rel=\"noreferrer noopener\">faire le match avec Lucas Chevalier<\/a> apr\u00e8s que Gianluigi Donnarumma a mis fin \u00e0 toute forme de d\u00e9bat lors du pr\u00e9c\u00e9dent exercice. L\u2019\u00e9t\u00e9 dernier, alors qu\u2019il avait fait l\u2019objet de multiples sollicitations sur le march\u00e9 des transferts, Safonov avait vu <a href=\"https:\/\/www.leparisien.fr\/sports\/football\/luis-enrique\/\" target=\"_blank\" rel=\"noreferrer noopener\">Luis Enrique<\/a> lui maintenir sa confiance et lui avait fait part de sa satisfaction de compter sur un deuxi\u00e8me gardien de haut niveau.<\/p>\n<p>\u00ab Matvey doit changer d\u2019\u00e9quipe \u00bb<\/p>\n<p class=\"paragraph text_align_left lp-f-body-02\">Cette confiance ne s\u2019est pas traduite par du temps de jeu, ce qui a pu g\u00e9n\u00e9rer une forme de frustration chez le Russe, peu satisfait par son statut. \u00ab Ce serait triste s\u2019il \u00e9tait content d\u2019\u00eatre sur le banc, explique un intime du groupe. C\u2019est normal qu\u2019il veuille jouer davantage. Luis Enrique l\u2019appr\u00e9cie beaucoup et il va avoir des opportunit\u00e9s de se montrer. \u00bb Il aura normalement l\u2019occasion d\u2019encha\u00eener lors du 32e de finale de Coupe de France contre Fontenay, le 20 d\u00e9cembre.<\/p>\n<p class=\"paragraph text_align_left lp-f-body-02\">Suffisant pour satisfaire son app\u00e9tit de comp\u00e9titeur ? Matvey Safonov prend r\u00e9guli\u00e8rement le pouls aupr\u00e8s de Luis Enrique et Luis Campos pour leur demander s\u2019ils sont satisfaits de ses services. Au club, on assure pourtant que le gardien n\u2019a jamais demand\u00e9 \u00e0 quitter le PSG, o\u00f9 il est sous contrat jusqu\u2019en 2029. On d\u00e9crit un homme tr\u00e8s professionnel, \u00e0 l\u2019\u00e9coute des consignes, discret et tr\u00e8s bien int\u00e9gr\u00e9 \u00e0 la vie parisienne, comme en t\u00e9moigne sa bonne ma\u00eetrise du fran\u00e7ais.<\/p>\n<p class=\"paragraph text_align_left lp-f-body-02\">Une satisfaction qui tranche avec l\u2019incompr\u00e9hension des suiveurs russes qui jugent un d\u00e9part in\u00e9vitable \u00e0 court terme. \u00ab Je ne pense pas que Matvey soit beaucoup plus faible que Chevalier, explique Andrey Pankov, journaliste pour le site russe championat.com. M\u00eame sous Donnarumma, il a disput\u00e9 17 matchs et a donn\u00e9 l\u2019impression d\u2019\u00eatre vraiment en concurrence. Je ne pense pas que ce soit tr\u00e8s juste pour lui. Il a m\u00e9rit\u00e9 sa chance la saison derni\u00e8re. \u00c0 Paris, il a d\u00e9j\u00e0 tout gagn\u00e9 et il pourrait jouer davantage dans une \u00e9quipe comme la Lazio ou l\u2019Atl\u00e9tico de Madrid. Je pense que Matvey doit changer d\u2019\u00e9quipe. \u00bb <\/p>\n<p class=\"paragraph text_align_left lp-f-body-02\">Ce samedi, c\u2019est bien sous le maillot du PSG que Safonov est attendu et qu\u2019il jouera gros.<\/p>\n","protected":false},"excerpt":{"rendered":"Il attend ce moment depuis de longues semaines. Dans l\u2019ombre de Lucas Chevalier depuis le d\u00e9but de saison,&hellip;\n","protected":false},"author":2,"featured_media":581050,"comment_status":"","ping_status":"","sticky":false,"template":"","format":"standard","meta":{"footnotes":""},"categories":[2821],"tags":[1111,11,829,1777,674,63,1011,27,66,12,584,25,60],"class_list":{"0":"post-581049","1":"post","2":"type-post","3":"status-publish","4":"format-standard","5":"has-post-thumbnail","7":"category-rennes","8":"tag-actu","9":"tag-actualites","10":"tag-bretagne","11":"tag-eu","12":"tag-europe","13":"tag-football","14":"tag-fr","15":"tag-france","16":"tag-ligue-1","17":"tag-news","18":"tag-rennes","19":"tag-republique-francaise","20":"tag-sports"},"share_on_mastodon":{"url":"https:\/\/pubeurope.com\/@fr\/115669944885204001","error":""},"_links":{"self":[{"href":"https:\/\/www.europesays.com\/fr\/wp-json\/wp\/v2\/posts\/581049","targetHints":{"allow":["GET"]}}],"collection":[{"href":"https:\/\/www.europesays.com\/fr\/wp-json\/wp\/v2\/posts"}],"about":[{"href":"https:\/\/www.europesays.com\/fr\/wp-json\/wp\/v2\/types\/post"}],"author":[{"embeddable":true,"href":"https:\/\/www.europesays.com\/fr\/wp-json\/wp\/v2\/users\/2"}],"replies":[{"embeddable":true,"href":"https:\/\/www.europesays.com\/fr\/wp-json\/wp\/v2\/comments?post=581049"}],"version-history":[{"count":0,"href":"https:\/\/www.europesays.com\/fr\/wp-json\/wp\/v2\/posts\/581049\/revisions"}],"wp:featuredmedia":[{"embeddable":true,"href":"https:\/\/www.europesays.com\/fr\/wp-json\/wp\/v2\/media\/581050"}],"wp:attachment":[{"href":"https:\/\/www.europesays.com\/fr\/wp-json\/wp\/v2\/media?parent=581049"}],"wp:term":[{"taxonomy":"category","embeddable":true,"href":"https:\/\/www.europesays.com\/fr\/wp-json\/wp\/v2\/categories?post=581049"},{"taxonomy":"post_tag","embeddable":true,"href":"https:\/\/www.europesays.com\/fr\/wp-json\/wp\/v2\/tags?post=581049"}],"curies":[{"name":"wp","href":"https:\/\/api.w.org\/{rel}","templated":true}]}}