{"id":581055,"date":"2025-12-06T01:09:26","date_gmt":"2025-12-06T01:09:26","guid":{"rendered":"https:\/\/www.europesays.com\/fr\/581055\/"},"modified":"2025-12-06T01:09:26","modified_gmt":"2025-12-06T01:09:26","slug":"garde-a-vue-pour-un-chauffeur-de-bus-nicois-et-son-remplacant-improvise-age-de-16-ans","status":"publish","type":"post","link":"https:\/\/www.europesays.com\/fr\/581055\/","title":{"rendered":"Garde \u00e0 vue pour un chauffeur de bus ni\u00e7ois et son \u00ab rempla\u00e7ant \u00bb improvis\u00e9 \u00e2g\u00e9 de&#8230; 16 ans"},"content":{"rendered":"<p class=\"fs-5 \">Seize ans. C\u2019est l\u2019\u00e2ge du pr\u00e9tendu \u00ab chauffeur \u00bb de substitution auquel un agent Lignes d\u2019Azur a confi\u00e9 le volant de son bus, dans la nuit de mardi \u00e0 mercredi.<\/p>\n<p class=\"fs-5 \"><a href=\"https:\/\/www.nicematin.com\/faits-divers\/a-nice-un-chauffeur-confie-son-bus-et-ses-passagers-a-un-collegue-sauf-que-celui-ci-n-etait-pas-conducteur-a-lignes-d-azur-ni-un-pilote-10659340\" target=\"_blank\" rel=\"noopener\">Ce sc\u00e9nario surr\u00e9aliste a conduit \u00e0 un accident heureusement sans gravit\u00e9<\/a>, et au placement en garde \u00e0 vue des deux int\u00e9ress\u00e9s, ce vendredi.<\/p>\n<p class=\"fs-5 \">Sollicit\u00e9 par nos soins, le parquet de Nice confirme cette information et pr\u00e9cise les circonstances des faits que nous avions rapport\u00e9s. <\/p>\n<p class=\"fs-5 \">\u00ab Au cours d\u2019un service de conduite d\u2019un bus de la ligne n\u00b0 10, faisant le circuit Magnan-Croix de Berra, un mineur \u00e2g\u00e9 de 16 ans prenait le volant du bus lors de la pause du conducteur ligne d\u2019azur. Au cours du trajet, le bus percutait un v\u00e9hicule en stationnement. Compte-tenu de l\u2019absence de passagers dans le bus et dans le v\u00e9hicule accident\u00e9, des d\u00e9g\u00e2ts uniquement mat\u00e9riels \u00e9taient constat\u00e9s. \u00bb<\/p>\n<p class=\"fs-5 \">Des d\u00e9g\u00e2ts strictement mat\u00e9riels, mais spectaculaires. <a href=\"https:\/\/www.nicematin.com\/faits-divers\/a-deux-ou-trois-heures-pres-j-etais-morte-vive-emotion-et-polemique-politique-apres-l-accident-du-faux-chauffeur-de-bus-a-nice-10659547\" target=\"_blank\" rel=\"noopener\">Une \u00e9tudiante en m\u00e9decine a retrouv\u00e9 sa Renault Clio fracass\u00e9e.<\/a><\/p>\n<p class=\"fs-5 \">Le r\u00e9gie Lignes d\u2019Azur a d\u00e9pos\u00e9 plainte contre son agent et son \u00ab rempla\u00e7ant \u00bb improvis\u00e9. Ce dernier n\u2019avait bien \u00e9videmment aucune l\u00e9gitimit\u00e9 pour prendre le volant. Et m\u00eame pas le permis.<\/p>\n<p class=\"fs-5 \">Le premier, \u00e2g\u00e9 de 36 ans, a \u00e9t\u00e9 plac\u00e9 en garde \u00e0 vue \u00e0 la caserne Auvare ce vendredi, face aux enqu\u00eateurs du groupe d\u2019appui judiciaire du service local de police judiciaire (SLPJ) de Nice.<\/p>\n<p class=\"fs-5 \">Il r\u00e9pond de \u00ab mise en danger d\u2019autrui par violation manifestement d\u00e9lib\u00e9r\u00e9e d\u2019une obligation r\u00e9glementaire de s\u00e9curit\u00e9 ou de prudence lors de la conduite d\u2019un v\u00e9hicule \u00bb et \u00ab abus de confiance au pr\u00e9judice de Lignes d\u2019Azur \u00bb.<\/p>\n<p>                                                                                Il conduisait sans permis<\/p>\n<p class=\"fs-5 \">L\u2019adolescent a \u00e9galement \u00e9t\u00e9 plac\u00e9 en garde \u00e0 vue pour \u00ab mise en danger d\u2019autrui \u00bb, mais aussi pour \u00ab conduite d\u2019un v\u00e9hicule sans permis \u00bb et \u00ab d\u00e9lit de fuite apr\u00e8s un accident par conducteur de v\u00e9hicule \u00bb.<\/p>\n<p class=\"fs-5 \">\u00ab Les investigations, compl\u00e8te le parquet, sont en cours afin de d\u00e9terminer les circonstances exactes des faits. \u00bb<\/p>\n<p class=\"fs-5 \">L\u2019affaire s\u2019invite donc, logiquement, sur le terrain judiciaire. Elle conna\u00eet aussi des cons\u00e9quences disciplinaires et politiques.<\/p>\n<p class=\"fs-5 \">Le chauffeur RLA, fra\u00eechement embauch\u00e9 selon nos informations, pourrait \u00eatre licenci\u00e9. \u00c0 Nice, l\u2019opposition de gauche pointe du doigt la \u00ab gestion calamiteuse \u00bb de la r\u00e9gie Lignes d\u2019Azur par son pr\u00e9sident Ga\u00ebl Nofri.<\/p>\n<p class=\"fs-5 \">L\u2019adjoint au maire d\u00e9l\u00e9gu\u00e9 aux Transports a pour sa part <a href=\"https:\/\/www.nicematin.com\/societe\/transports\/accident-de-bus-par-un-faux-chauffeur-a-nice-lignes-d-azur-condamne-a-son-tour-le-comportement-isole-et-irresponsable-de-son-agent-10659506\" target=\"_blank\" rel=\"noopener\">\u00ab condamn\u00e9 fermement \u00bb un incident \u00ab hallucinant et scandaleux \u00bb<\/a>. \u00c0 ses yeux, cette sortie de route est le fait \u00ab du comportement isol\u00e9 et irresponsable d\u2019un chauffeur, qui ne refl\u00e8te en rien l\u2019engagement et le travail des 1700 employ\u00e9s \u00bb, et des 1.000 conducteurs et conductrices qu\u2019ils comptent dans leurs rangs.<\/p>\n","protected":false},"excerpt":{"rendered":"Seize ans. C\u2019est l\u2019\u00e2ge du pr\u00e9tendu \u00ab chauffeur \u00bb de substitution auquel un agent Lignes d\u2019Azur a confi\u00e9&hellip;\n","protected":false},"author":2,"featured_media":581056,"comment_status":"","ping_status":"","sticky":false,"template":"","format":"standard","meta":{"footnotes":""},"categories":[2819],"tags":[1111,11,1777,674,1011,27,12,2401,882,25],"class_list":{"0":"post-581055","1":"post","2":"type-post","3":"status-publish","4":"format-standard","5":"has-post-thumbnail","7":"category-nice","8":"tag-actu","9":"tag-actualites","10":"tag-eu","11":"tag-europe","12":"tag-fr","13":"tag-france","14":"tag-news","15":"tag-nice","16":"tag-provence-alpes-cote-dazur","17":"tag-republique-francaise"},"share_on_mastodon":{"url":"https:\/\/pubeurope.com\/@fr\/115669956345130908","error":""},"_links":{"self":[{"href":"https:\/\/www.europesays.com\/fr\/wp-json\/wp\/v2\/posts\/581055","targetHints":{"allow":["GET"]}}],"collection":[{"href":"https:\/\/www.europesays.com\/fr\/wp-json\/wp\/v2\/posts"}],"about":[{"href":"https:\/\/www.europesays.com\/fr\/wp-json\/wp\/v2\/types\/post"}],"author":[{"embeddable":true,"href":"https:\/\/www.europesays.com\/fr\/wp-json\/wp\/v2\/users\/2"}],"replies":[{"embeddable":true,"href":"https:\/\/www.europesays.com\/fr\/wp-json\/wp\/v2\/comments?post=581055"}],"version-history":[{"count":0,"href":"https:\/\/www.europesays.com\/fr\/wp-json\/wp\/v2\/posts\/581055\/revisions"}],"wp:featuredmedia":[{"embeddable":true,"href":"https:\/\/www.europesays.com\/fr\/wp-json\/wp\/v2\/media\/581056"}],"wp:attachment":[{"href":"https:\/\/www.europesays.com\/fr\/wp-json\/wp\/v2\/media?parent=581055"}],"wp:term":[{"taxonomy":"category","embeddable":true,"href":"https:\/\/www.europesays.com\/fr\/wp-json\/wp\/v2\/categories?post=581055"},{"taxonomy":"post_tag","embeddable":true,"href":"https:\/\/www.europesays.com\/fr\/wp-json\/wp\/v2\/tags?post=581055"}],"curies":[{"name":"wp","href":"https:\/\/api.w.org\/{rel}","templated":true}]}}