{"id":581057,"date":"2025-12-06T01:11:12","date_gmt":"2025-12-06T01:11:12","guid":{"rendered":"https:\/\/www.europesays.com\/fr\/581057\/"},"modified":"2025-12-06T01:11:12","modified_gmt":"2025-12-06T01:11:12","slug":"previsions-du-samedi-6-decembre-2025","status":"publish","type":"post","link":"https:\/\/www.europesays.com\/fr\/581057\/","title":{"rendered":"pr\u00e9visions du samedi 6 d\u00e9cembre 2025"},"content":{"rendered":"<p>Aujourd&rsquo;hui, un important soleil rayonnera sur Nice. Les temp\u00e9ratures s&rsquo;\u00e9chelonneront entre 8\u00b0C et 12\u00b0C. Le matin, on pr\u00e9voit des valeurs d&rsquo;environ 10\u00b0C. Une brise de nord soufflera l\u00e9g\u00e8rement. Les temp\u00e9ratures seront de 10\u00b0C au minimum et de 12\u00b0C au maximum l&rsquo;apr\u00e8s-midi. Le ciel va s&rsquo;\u00e9claircir dans la soir\u00e9e. Les valeurs tourneront autour des 9\u00b0C. C&rsquo;est un ciel limpide que conna\u00eetra la nuit de samedi \u00e0 dimanche.<\/p>\n<p>Un beau soleil est pr\u00e9vu demain \u00e0 Nice. Une m\u00e9t\u00e9o plus chaude est attendue \u00e9tant donn\u00e9 que les temp\u00e9ratures vont conna\u00eetre une augmentation. Le mercure affichera 11\u00b0C en moyenne. Il va faire 10\u00b0C en moyenne le matin. Un vent de nord-ouest soufflera l\u00e9g\u00e8rement, avec 7 km\/h. Les temp\u00e9ratures iront de 10 \u00e0 13\u00b0C sur l&rsquo;ensemble de l&rsquo;apr\u00e8s-midi. Demain soir, le vent va peu \u00e0 peu \u00e9loigner les nuages. Un petit vent de nord-ouest sera ressenti par les habitants.<\/p>\n<p>Le temps restera stable les jours \u00e0 venir. Une m\u00e9t\u00e9o ensoleill\u00e9e, avec des temp\u00e9ratures de 11\u00b0C en moyenne, est \u00e0 pr\u00e9voir.<\/p>\n<p><\/p>\n","protected":false},"excerpt":{"rendered":"Aujourd&rsquo;hui, un important soleil rayonnera sur Nice. Les temp\u00e9ratures s&rsquo;\u00e9chelonneront entre 8\u00b0C et 12\u00b0C. Le matin, on pr\u00e9voit&hellip;\n","protected":false},"author":2,"featured_media":581058,"comment_status":"","ping_status":"","sticky":false,"template":"","format":"standard","meta":{"footnotes":""},"categories":[2819],"tags":[1111,11,1777,674,1011,27,12,2401,2119,882,25],"class_list":{"0":"post-581057","1":"post","2":"type-post","3":"status-publish","4":"format-standard","5":"has-post-thumbnail","7":"category-nice","8":"tag-actu","9":"tag-actualites","10":"tag-eu","11":"tag-europe","12":"tag-fr","13":"tag-france","14":"tag-news","15":"tag-nice","16":"tag-previsions-meteo","17":"tag-provence-alpes-cote-dazur","18":"tag-republique-francaise"},"share_on_mastodon":{"url":"https:\/\/pubeurope.com\/@fr\/115669964186233434","error":""},"_links":{"self":[{"href":"https:\/\/www.europesays.com\/fr\/wp-json\/wp\/v2\/posts\/581057","targetHints":{"allow":["GET"]}}],"collection":[{"href":"https:\/\/www.europesays.com\/fr\/wp-json\/wp\/v2\/posts"}],"about":[{"href":"https:\/\/www.europesays.com\/fr\/wp-json\/wp\/v2\/types\/post"}],"author":[{"embeddable":true,"href":"https:\/\/www.europesays.com\/fr\/wp-json\/wp\/v2\/users\/2"}],"replies":[{"embeddable":true,"href":"https:\/\/www.europesays.com\/fr\/wp-json\/wp\/v2\/comments?post=581057"}],"version-history":[{"count":0,"href":"https:\/\/www.europesays.com\/fr\/wp-json\/wp\/v2\/posts\/581057\/revisions"}],"wp:featuredmedia":[{"embeddable":true,"href":"https:\/\/www.europesays.com\/fr\/wp-json\/wp\/v2\/media\/581058"}],"wp:attachment":[{"href":"https:\/\/www.europesays.com\/fr\/wp-json\/wp\/v2\/media?parent=581057"}],"wp:term":[{"taxonomy":"category","embeddable":true,"href":"https:\/\/www.europesays.com\/fr\/wp-json\/wp\/v2\/categories?post=581057"},{"taxonomy":"post_tag","embeddable":true,"href":"https:\/\/www.europesays.com\/fr\/wp-json\/wp\/v2\/tags?post=581057"}],"curies":[{"name":"wp","href":"https:\/\/api.w.org\/{rel}","templated":true}]}}