{"id":58106,"date":"2025-04-28T01:28:08","date_gmt":"2025-04-28T01:28:08","guid":{"rendered":"https:\/\/www.europesays.com\/fr\/58106\/"},"modified":"2025-04-28T01:28:08","modified_gmt":"2025-04-28T01:28:08","slug":"le-garrec-decisif-paris-sombre-les-coups-de-coeur-et-coups-de-griffe-de-nos-specialistes-rugby","status":"publish","type":"post","link":"https:\/\/www.europesays.com\/fr\/58106\/","title":{"rendered":"Le Garrec d\u00e9cisif, Paris sombre\u2026 Les coups de c\u0153ur et coups de griffe de nos sp\u00e9cialistes rugby"},"content":{"rendered":"<p>Apr\u00e8s la victoire des Racingmen dans le derby (49-24), d\u00e9couvrez ce qui a retenu l\u2019attention de nos journalistes pr\u00e9sents \u00e0 Paris La D\u00e9fense Arena.<\/p>\n<p class=\"fig-paragraph\"><strong>COUPS DE C\u0152UR<\/strong><\/p>\n<p><strong>La grosse bouff\u00e9e d\u2019air pour le Racing<\/strong><\/p>\n<p class=\"fig-paragraph\">La claque de la semaine derni\u00e8re \u00e0 Perpignan a \u00e9t\u00e9 \u00e9vacu\u00e9e. Le\u00a0<a href=\"http:\/\/www.lefigaro.fr\/sports\/rugby\/top-14\/top-14-humilie-par-le-racing-92-le-stade-francais-n-en-finit-plus-de-couler-20250427\" data-fig-type=\"NewsFlash\" data-gtm-custom-categorie=\"navigation\" data-gtm-custom-action=\"crossclick\" data-gtm-custom-label=\"Contextuel\" data-gtm-event=\"customEventSPE\" data-fig-domain=\"LEFIGARO\" target=\"_blank\" rel=\"noopener\">Racing<\/a>\u00a0s\u2019est l\u00e9g\u00e8rement \u00e9loign\u00e9 du bas de classement et donn\u00e9 un peu d\u2019air, en s\u2019imposant largement ce dimanche dans le derby francilien (<a href=\"https:\/\/www.lefigaro.fr\/sports\/rugby\/live\/top-14\/2025\/943324\/racing-st-francais\" data-fig-type=\"Live\" data-gtm-custom-categorie=\"navigation\" data-gtm-custom-action=\"crossclick\" data-gtm-custom-label=\"Contextuel\" data-gtm-event=\"customEventSPE\" data-fig-domain=\"LEFIGARO\" target=\"_blank\" rel=\"noopener\">49-24<\/a>). Apr\u00e8s un premier acte brouillon avec de nombreuses fautes de main, les Ciel et Blanc ont su redresser la barre et faire parler leur exp\u00e9rience. M\u00eame si tout n\u2019a pas \u00e9t\u00e9 parfait, loin de l\u00e0 avec de nombreuses approximations et tout autant de ballons perdus. Mais l\u2019essentiel est l\u00e0, la zone rouge s\u2019\u00e9loigne. Et symboliquement, les Racingmen ont remis les pendules \u00e0 l\u2019heure, eux qui restaient sur deux revers dans leur Arena face aux rivaux parisiens, d\u00e9sormais \u00e0 9 points au classement. Les joueurs de Patrice Collazo (qui f\u00eatait ce dimanche ses 51 ans) vont pouvoir pr\u00e9parer au mieux leur demi-finale de Challenge Cup, dimanche prochain (13h30), face \u00e0 Lyon. Car, malgr\u00e9 sa saison plus que chaotique, le club des Hauts-de-Seine, d\u00e9sormais 10e du Top 14, n\u2019est qu\u2019\u00e0 deux matches d\u2019un premier titre europ\u00e9en. Dr\u00f4le de paradoxe.<\/p>\n<p><strong>Le Garrec porte les siens<\/strong><\/p>\n<p class=\"fig-paragraph\">C\u2019est une grosse perte pour le Racing 92. \u00c0 l\u2019issue de la saison,\u00a0<a href=\"http:\/\/www.lefigaro.fr\/sports\/rugby\/top-14\/j-aimerais-qu-on-se-souvienne-de-moi-comme-d-un-joueur-qui-a-tout-donne-au-racing-92-les-confidences-de-nolann-le-garrec-au-figaro-20250418\" data-fig-type=\"Article\" data-gtm-custom-categorie=\"navigation\" data-gtm-custom-action=\"crossclick\" data-gtm-custom-label=\"Contextuel\" data-gtm-event=\"customEventSPE\" data-fig-domain=\"LEFIGARO\" target=\"_blank\" rel=\"noopener\">Nolann Le Garrec<\/a>\u00a0quittera le 92 pour rejoindre le Stade Rochelais. Dans l\u2019entretien qu\u2019il nous avait r\u00e9cemment accord\u00e9, il confiait\u00a0: \u00abJ\u2019aimerais qu\u2019on se souvienne de moi comme d\u2019un joueur qui a tout donn\u00e9 eu Racing.\u00bb Il aura marqu\u00e9 de son empreinte ce derby. Ce dimanche, le demi de m\u00eal\u00e9e international a \u00e9t\u00e9 le d\u00e9tonateur de la victoire francilienne. S\u2019il a connu des rat\u00e9s dans son jeu au pied en premi\u00e8re p\u00e9riode (1\/4) avant de c\u00e9der le but \u00e0 Owen Farrell, il a en revanche inscrit deux essais, au retour des vestiaires, qui ont permis aux siens de faire la diff\u00e9rence. Toujours aussi rapide et pr\u00e9cis dans ses lib\u00e9rations de balle, le Breton est l\u2019homme en forme de cette saison, apr\u00e8s avoir dig\u00e9r\u00e9 un dernier Tournoi des six nations compliqu\u00e9 o\u00f9 il avait perdu sa place de deuxi\u00e8me num\u00e9ro 9 au profit de\u00a0<a href=\"http:\/\/www.lefigaro.fr\/sports\/rugby\/6-nations\/six-nations-il-nous-rend-fiers-le-portrait-touchant-de-maxime-lucu-raconte-par-son-frere-ximun-20250315\" data-fig-type=\"NewsFlash\" data-gtm-custom-categorie=\"navigation\" data-gtm-custom-action=\"crossclick\" data-gtm-custom-label=\"Contextuel\" data-gtm-event=\"customEventSPE\" data-fig-domain=\"LEFIGARO\" target=\"_blank\" rel=\"noopener\">Maxime Lucu<\/a>. Avec un Le Garrec au meilleur de sa forme, le Racing est assur\u00e9ment une \u00e9quipe diff\u00e9rente. Plus en ad\u00e9quation avec son standing.<\/p>\n<p><strong>Farrell, leader aux deux visages<\/strong><\/p>\n<p class=\"fig-paragraph\">C\u2019\u00e9tait la recrue star du Racing 92 lors de la derni\u00e8re intersaison. Mais, une nouvelle fois,\u00a0<a href=\"http:\/\/www.lefigaro.fr\/sports\/rugby\/top-14\/top-14-owen-farrell-un-maestro-en-quete-du-bon-tempo-20241011\" data-fig-type=\"Article\" data-gtm-custom-categorie=\"navigation\" data-gtm-custom-action=\"crossclick\" data-gtm-custom-label=\"Contextuel\" data-gtm-event=\"customEventSPE\" data-fig-domain=\"LEFIGARO\" target=\"_blank\" rel=\"noopener\">Owen Farrell<\/a>\u00a0n\u2019a pas \u00e9t\u00e9 en vue dans le jeu, ce dimanche, lors du derby francilien. On peine \u00e0 voir son influence sur le jeu des Ciel et Blanc, des choix qui ne p\u00e8sent gu\u00e8re et un manque cruel de tranchant. D\u00e9cevant de la part d\u2019un joueur de ce calibre, v\u00e9ritable ic\u00f4ne du XV de la Rose, mais quelconque avec le Racing. Certes, il a \u00e9t\u00e9 longtemps bless\u00e9 cette saison et op\u00e9r\u00e9 d\u2019une pubalgie, mais il est loin d\u2019avoir la m\u00eame influence chez les Franciliens que chez les Saracens, o\u00f9 il \u00e9tait incontournable. En d\u00e9fense et dans son r\u00f4le de buteur, en revanche, il reste une valeur s\u00fbre. S\u2019il est \u00e0 l\u2019\u00e9vidence mont\u00e9 en puissance dans le deuxi\u00e8me acte, \u00e0 l\u2019image de cette superbe passe au pied \u00e0 la 76e minute qui a conduit \u00e0 l\u2019essai de Fickou, on attend logiquement plus de lui. Du moins sur 80 minutes\u2026<\/p>\n<p class=\"fig-paragraph\"><strong>COUPS DE GRIFFE<\/strong><\/p>\n<p><strong>Le Stade Fran\u00e7ais tout au bord du pr\u00e9cipice<\/strong><\/p>\n<p class=\"fig-paragraph\">La veille, le\u00a0<a href=\"http:\/\/www.lefigaro.fr\/sports\/rugby\/top-14\/top-14-l-immense-exploit-de-vannes-succes-important-pour-clermont-les-resultats-du-multiplex-20250426\" data-fig-type=\"NewsFlash\" data-gtm-custom-categorie=\"navigation\" data-gtm-custom-action=\"crossclick\" data-gtm-custom-label=\"Contextuel\" data-gtm-event=\"customEventSPE\" data-fig-domain=\"LEFIGARO\" target=\"_blank\" rel=\"noopener\">RC Vannes<\/a>\u00a0avait accompli l\u2019exploit de battre le RCT Toulon, qui plus est avec le bonus offensif. Le promu breton \u00e9tait ainsi revenu \u00e0 un point du Stade Fran\u00e7ais. Qui avait donc le plus de pression avant de d\u00e9fier le Racing 92, 11e avec 4 points d\u2019avance. La lourde d\u00e9faite conc\u00e9d\u00e9e sur la pelouse synth\u00e9tique de l\u2019Arena confirme le danger. Alarme \u00e9carlate\u00a0! Le Racing ayant pris le large (+ 9 points au classement avec son succ\u00e8s bonifi\u00e9, la guerre des trois va avoir lieu entre le Stade Fran\u00e7ais, l\u2019USAP et Vannes, qui se tiennent en un point. Et, dans deux semaines (apr\u00e8s la pause europ\u00e9enne), les Parisiens se rendent \u00e0\u2026 Perpignan. Malheur au vaincu\u00a0! Il restera bien encore trois journ\u00e9es de saison r\u00e9guli\u00e8re pour tenter d\u2019accrocher le maintien, mais le programme s\u2019annonce cors\u00e9 pour Paris\u00a0: r\u00e9ceptions de Lyon et de Castres, d\u00e9placement \u00e0 Clermont, trois \u00e9quipes en qu\u00eate de points pour accrocher, eux, la phase finale. Et comme le moral est forc\u00e9ment atteint apr\u00e8s cette d\u00e9culott\u00e9e (49-24), ces sept essais conc\u00e9d\u00e9s au rival francilien, qui suivent une d\u00e9faite \u00e0 domicile contre l\u2019\u00e9quipe B de Toulouse, l\u2019heure n\u2019est franchement pas \u00e0 l\u2019espoir. Un avenir inqui\u00e9tant, et peut-\u00eatre sans l\u2019arri\u00e8re international du SFP, L\u00e9o Barr\u00e9, rudement touch\u00e9 \u00e0 l\u2019\u00e9paule sur une grosse charge du deuxi\u00e8me-ligne Romain Taofifenua.<\/p>\n<p><strong>Un derby d\u2019un niveau technique d\u00e9solant<\/strong><\/p>\n<p class=\"fig-paragraph\">Bon OK, quand le 11e re\u00e7oit le 12e, la pression du maintien rendant les mains moites, on ne s\u2019attend pas \u00e0 un sommet de jeu. Mais en regardant ces deux \u00e9clop\u00e9s s\u2019affronter, on s\u2019est dit que, ni le Racing 92, ni le Stade Fran\u00e7ais n\u2019avaient vol\u00e9 leurs places en bas du classement. Un festival d\u2019impr\u00e9cisions, de passes approximatives en r\u00e9ceptions en-avant, des batailles de chiffonniers au sol pour tenter de ma\u00eetriser l\u2019objet oblong. Et une ribambelle de mauvais choix, dans le zig quand il fallait aller dans le zag, et vice-versa. M\u00eame face aux poteaux, Nolann Le Garrec s\u2019est mis au diapason avec un 1 sur 4 dans son r\u00f4le de buteur. Bref, un affrontement entre deux \u00e9quipes au niveau de jeu d\u00e9solant vu les effectifs.<\/p>\n","protected":false},"excerpt":{"rendered":"Apr\u00e8s la victoire des Racingmen dans le derby (49-24), d\u00e9couvrez ce qui a retenu l\u2019attention de nos journalistes&hellip;\n","protected":false},"author":2,"featured_media":58107,"comment_status":"","ping_status":"","sticky":false,"template":"","format":"standard","meta":{"footnotes":""},"categories":[1888],"tags":[1111,1928,11,1927,525,4590,1981,2313,814,1777,674,1011,27,955,12,1926,15351,626,1925,4589,2311,5421,25,1980,479,2259,2558,478,2310,2312],"class_list":{"0":"post-58106","1":"post","2":"type-post","3":"status-publish","4":"format-standard","5":"has-post-thumbnail","7":"category-paris","8":"tag-actu","9":"tag-actu-paris","10":"tag-actualites","11":"tag-actualites-paris","12":"tag-calendrier","13":"tag-championnat-france","14":"tag-classement","15":"tag-clermont","16":"tag-direct","17":"tag-eu","18":"tag-europe","19":"tag-fr","20":"tag-france","21":"tag-match","22":"tag-news","23":"tag-news-paris","24":"tag-nolann-le-garrec","25":"tag-paris","26":"tag-paris-news","27":"tag-phase-finale","28":"tag-racing","29":"tag-racing-92","30":"tag-republique-francaise","31":"tag-resultats","32":"tag-rugby","33":"tag-score","34":"tag-stade-francais","35":"tag-top-14","36":"tag-toulon","37":"tag-toulouse"},"share_on_mastodon":{"url":"https:\/\/pubeurope.com\/@fr\/114412998096388170","error":""},"_links":{"self":[{"href":"https:\/\/www.europesays.com\/fr\/wp-json\/wp\/v2\/posts\/58106","targetHints":{"allow":["GET"]}}],"collection":[{"href":"https:\/\/www.europesays.com\/fr\/wp-json\/wp\/v2\/posts"}],"about":[{"href":"https:\/\/www.europesays.com\/fr\/wp-json\/wp\/v2\/types\/post"}],"author":[{"embeddable":true,"href":"https:\/\/www.europesays.com\/fr\/wp-json\/wp\/v2\/users\/2"}],"replies":[{"embeddable":true,"href":"https:\/\/www.europesays.com\/fr\/wp-json\/wp\/v2\/comments?post=58106"}],"version-history":[{"count":0,"href":"https:\/\/www.europesays.com\/fr\/wp-json\/wp\/v2\/posts\/58106\/revisions"}],"wp:featuredmedia":[{"embeddable":true,"href":"https:\/\/www.europesays.com\/fr\/wp-json\/wp\/v2\/media\/58107"}],"wp:attachment":[{"href":"https:\/\/www.europesays.com\/fr\/wp-json\/wp\/v2\/media?parent=58106"}],"wp:term":[{"taxonomy":"category","embeddable":true,"href":"https:\/\/www.europesays.com\/fr\/wp-json\/wp\/v2\/categories?post=58106"},{"taxonomy":"post_tag","embeddable":true,"href":"https:\/\/www.europesays.com\/fr\/wp-json\/wp\/v2\/tags?post=58106"}],"curies":[{"name":"wp","href":"https:\/\/api.w.org\/{rel}","templated":true}]}}