{"id":581063,"date":"2025-12-06T01:14:20","date_gmt":"2025-12-06T01:14:20","guid":{"rendered":"https:\/\/www.europesays.com\/fr\/581063\/"},"modified":"2025-12-06T01:14:20","modified_gmt":"2025-12-06T01:14:20","slug":"lex-lr-guillaume-garrigues-rejoint-les-groupes-ecologistes-de-la-metropole-et-de-talence","status":"publish","type":"post","link":"https:\/\/www.europesays.com\/fr\/581063\/","title":{"rendered":"l\u2019ex-LR Guillaume Garrigues rejoint les groupes \u00e9cologistes de la M\u00e9tropole et de Talence"},"content":{"rendered":"<p>Et son intervention dans le cadre du d\u00e9bat sur le Rapport d\u2019orientation budg\u00e9taire a confirm\u00e9 cette prise de distance, malicieusement soulign\u00e9e par la pr\u00e9sidente socialiste Christine Bost\u00a0: \u00ab\u00a0Merci M. Garrigues dont je salue la sagesse et la maturit\u00e9 dans la jeunesse.\u00a0&amp;raquo&#8230;<\/p>\n<p>Et son intervention dans le cadre du d\u00e9bat sur le Rapport d\u2019orientation budg\u00e9taire a confirm\u00e9 cette prise de distance, malicieusement soulign\u00e9e par la pr\u00e9sidente socialiste Christine Bost\u00a0: \u00ab\u00a0Merci M. Garrigues dont je salue la sagesse et la maturit\u00e9 dans la jeunesse.\u00a0\u00bb<\/p>\n<p>L\u2019\u00e9lu communautaire, et de Talence, o\u00f9 il si\u00e8ge depuis 12\u00a0ans, a officialis\u00e9 son \u00ab\u00a0transfert\u00a0\u00bb vers les groupes \u00e9cologistes \u00c9cologie et solidarit\u00e9 de Bordeaux M\u00e9tropole et Talence en transition. Le point commun entre les deux\u00a0: Isabelle Rami, candidate d\u2019opposition \u00e0 la mairie de Talence qui lance officiellement sa campagne \u00e9lectorale dans la soir\u00e9e du vendredi 5 d\u00e9cembre, en pr\u00e9sence de Guillaume Garrigues. \u00ab\u00a0C\u2019est le fruit d\u2019une longue r\u00e9flexion sur mon engagement face au constat d\u2019un mod\u00e8le de d\u00e9veloppement des m\u00e9tropoles \u00e0 bout de souffle et de l\u2019explosion de l\u2019isolement, des in\u00e9galit\u00e9s et de la pauvret\u00e9. Ma place n\u2019est plus o\u00f9 elle \u00e9tait\u00a0\u00bb, a-t-il expliqu\u00e9.<\/p>\n<p>\u00ab\u00a0Il trahit son parti\u00a0\u00bb<\/p>\n<p>S\u2019il n\u2019a pas adh\u00e9r\u00e9 \u00e0 un autre parti depuis sa d\u00e9mission des R\u00e9publicains cet \u00e9t\u00e9, et s\u2019il se dit \u00ab\u00a0toujours de centre droit\u00a0\u00bb, Guillaume Garrigues se reconna\u00eet mieux, aujourd\u2019hui, dans l\u2019action telle qu\u2019elle est pratiqu\u00e9e par les \u00e9cologistes. \u00ab\u00a0Je souhaite mener une politique de long terme et j\u2019avais le sentiment de courir derri\u00e8re les \u00e9ch\u00e9ances \u00e9lectorales et d\u2019\u00eatre dans une politique de communication.\u00a0\u00bb<\/p>\n<p>\u00c0 trois mois des municipales, cette annonce est un gros caillou dans la chaussure d\u2019Emmanuel Sallaberry, qui devrait, lui, se lancer en d\u00e9but d\u2019ann\u00e9e 2026. Sans surprise, le maire juge durement la d\u00e9cision de son ancien colistier. \u00ab\u00a0Quand il a d\u00e9missionn\u00e9 de LR, il avait promis qu\u2019il serait loyal et ne rejoindrait pas Talence en transition. Il prend une trajectoire tr\u00e8s personnelle. Par cette d\u00e9cision, il trahit la confiance de son parti et des Talen\u00e7ais<strong> <\/strong>qui nous ont choisis.<strong>\u00a0<\/strong>\u00bb<\/p>\n","protected":false},"excerpt":{"rendered":"Et son intervention dans le cadre du d\u00e9bat sur le Rapport d\u2019orientation budg\u00e9taire a confirm\u00e9 cette prise de&hellip;\n","protected":false},"author":2,"featured_media":581064,"comment_status":"","ping_status":"","sticky":false,"template":"","format":"standard","meta":{"footnotes":""},"categories":[2817],"tags":[1111,11,1997,1777,674,1011,27,12,2219,25],"class_list":{"0":"post-581063","1":"post","2":"type-post","3":"status-publish","4":"format-standard","5":"has-post-thumbnail","7":"category-bordeaux","8":"tag-actu","9":"tag-actualites","10":"tag-bordeaux","11":"tag-eu","12":"tag-europe","13":"tag-fr","14":"tag-france","15":"tag-news","16":"tag-nouvelle-aquitaine","17":"tag-republique-francaise"},"share_on_mastodon":{"url":"https:\/\/pubeurope.com\/@fr\/115669975936357510","error":""},"_links":{"self":[{"href":"https:\/\/www.europesays.com\/fr\/wp-json\/wp\/v2\/posts\/581063","targetHints":{"allow":["GET"]}}],"collection":[{"href":"https:\/\/www.europesays.com\/fr\/wp-json\/wp\/v2\/posts"}],"about":[{"href":"https:\/\/www.europesays.com\/fr\/wp-json\/wp\/v2\/types\/post"}],"author":[{"embeddable":true,"href":"https:\/\/www.europesays.com\/fr\/wp-json\/wp\/v2\/users\/2"}],"replies":[{"embeddable":true,"href":"https:\/\/www.europesays.com\/fr\/wp-json\/wp\/v2\/comments?post=581063"}],"version-history":[{"count":0,"href":"https:\/\/www.europesays.com\/fr\/wp-json\/wp\/v2\/posts\/581063\/revisions"}],"wp:featuredmedia":[{"embeddable":true,"href":"https:\/\/www.europesays.com\/fr\/wp-json\/wp\/v2\/media\/581064"}],"wp:attachment":[{"href":"https:\/\/www.europesays.com\/fr\/wp-json\/wp\/v2\/media?parent=581063"}],"wp:term":[{"taxonomy":"category","embeddable":true,"href":"https:\/\/www.europesays.com\/fr\/wp-json\/wp\/v2\/categories?post=581063"},{"taxonomy":"post_tag","embeddable":true,"href":"https:\/\/www.europesays.com\/fr\/wp-json\/wp\/v2\/tags?post=581063"}],"curies":[{"name":"wp","href":"https:\/\/api.w.org\/{rel}","templated":true}]}}