{"id":581071,"date":"2025-12-06T01:18:17","date_gmt":"2025-12-06T01:18:17","guid":{"rendered":"https:\/\/www.europesays.com\/fr\/581071\/"},"modified":"2025-12-06T01:18:17","modified_gmt":"2025-12-06T01:18:17","slug":"voici-nos-10-idees-de-sorties-a-lille-et-dans-ses-alentours-pour-ce-samedi-6-decembre","status":"publish","type":"post","link":"https:\/\/www.europesays.com\/fr\/581071\/","title":{"rendered":"Voici nos 10 id\u00e9es de sorties \u00e0 Lille et dans ses alentours pour ce samedi 6 d\u00e9cembre"},"content":{"rendered":"<p>                    Par<br \/>\n        <strong><br \/>\n            <a href=\"https:\/\/actu.fr\/auteur\/nicolas-demollien\" title=\"Consulter tous les articles de Nicolas Demollien\" target=\"_blank\" rel=\"noopener\">Nicolas Demollien<\/a><br \/>\n                    <\/strong><\/p>\n<p>        Publi\u00e9 le<\/p>\n<p>            5 d\u00e9c. 2025 \u00e0 16h40        <\/p>\n<p><b>Que faire<\/b> \u00e0 <a href=\"https:\/\/actu.fr\/hauts-de-france\/lille_59350\" target=\"_blank\" rel=\"noopener\">Lille<\/a> (Nord) et dans ses alentours ce <b>samedi 6 d\u00e9cembre 2025<\/b> ? Pour vous aider \u00e0 <b>occuper de la meilleure des fa\u00e7ons<\/b> cette belle journ\u00e9e, nous avons s\u00e9lectionn\u00e9 pour vous <b>10 id\u00e9es de sorties<\/b> \u00e0 faire seul, en famille ou entre amis. Il ne vous reste plus qu\u2019\u00e0 choisir.<\/p>\n<p>Que faire \u00e0 Lille samedi 6 d\u00e9cembre ?\u00a0<\/p>\n<ul class=\" wall-content\">\n<li><a href=\"https:\/\/actu.fr\/loisirs-culture\/a-un-peu-plus-dune-heure-de-lille-visitez-la-ville-la-plus-laide-du-monde_61968474.html\" target=\"_blank\" rel=\"noopener\">\u00c0 un peu plus d\u2019une heure de Lille, visitez la ville la plus laide du monde !<\/a><\/li>\n<\/ul>\n<p class=\" wall-content\">Saviez-vous que la ville r\u00e9guli\u00e8rement comme \u00e9tant la plus laide du monde se situe \u00e0 un peu plus d\u2019une heure de Lille (Nord). Et elle ne manque finalement pas d\u2019atouts.<\/p>\n<ul class=\" wall-content\">\n<li><a href=\"https:\/\/actu.fr\/hauts-de-france\/roubaix_59512\/les-marches-de-noel-prevus-dans-le-nord-le-week-end-des-6-et-7-decembre_63527708.html\" target=\"_blank\" rel=\"noopener\">Les march\u00e9s de No\u00ebl pr\u00e9vus dans le Nord le week-end des 6 et 7 d\u00e9cembre<\/a><\/li>\n<\/ul>\n<p class=\" wall-content\">De nombreux march\u00e9s de No\u00ebl sont pr\u00e9vus dans le Nord, le week-end des samedi 6 et dimanche 7 d\u00e9cembre 2025. Le programme des ventes, avec les infos pratiques.<\/p>\n<ul class=\" wall-content\">\n<li><a href=\"https:\/\/actu.fr\/loisirs-culture\/les-brocantes-en-salle-et-bourses-aux-jouets-des-6-et-7-decembre-dans-le-nord-pas-de-calais_63504187.html\" target=\"_blank\" rel=\"noopener\">Les brocantes en salle et bourses aux jouets des 6 et 7 d\u00e9cembre dans le Nord \u2013 Pas-de-Calais<\/a><\/li>\n<\/ul>\n<p class=\" wall-content\">Le week-end des samedi 6 et dimanche 7 d\u00e9cembre 2025, plusieurs brocantes en salle et bourses aux jouets sont pr\u00e9vues dans le Nord et le Pas-de-Calais. Voici la liste.<\/p>\n<p>Votre r\u00e9gion, votre actu !<\/p>\n<p>Recevez chaque jour les infos qui comptent pour vous.<\/p>\n<p>\t<a href=\"https:\/\/actu.fr\/newsletter\" class=\"ac-btn ac-btn--corner ac-btn--medium ac-btn--blue800\" target=\"_blank\" rel=\"noopener\">S&rsquo;incrire<\/a><\/p>\n<ul class=\" wall-content\">\n<li><a href=\"https:\/\/actu.fr\/hauts-de-france\/lille_59350\/ou-rencontrer-saint-nicolas-son-ane-et-le-pere-fouettard-a-lille-et-dans-la-metropole_63525315.html\" target=\"_blank\" rel=\"noopener\">O\u00f9 rencontrer Saint-Nicolas, son \u00e2ne, et le P\u00e8re Fouettard \u00e0 Lille et dans la m\u00e9tropole ?<\/a><\/li>\n<\/ul>\n<p class=\" wall-content\">Le 6\u00a0d\u00e9cembre, c\u2019est la Saint-Nicolas, appr\u00e9ci\u00e9 des enfants\u2009! Ils pourront le rencontrer \u00e0 Lille et dans la m\u00e9tropole lilloise ce samedi 6\u00a0d\u00e9cembre 2025.<\/p>\n<ul class=\" wall-content\">\n<li><a href=\"https:\/\/actu.fr\/hauts-de-france\/rieulay_59501\/le-terril-de-rieulay-une-reconversion-reussie-pour-ce-vestige-du-patrimoine-industriel_63492295.html\" target=\"_blank\" rel=\"noopener\">Le terril de Rieulay : une reconversion r\u00e9ussie pour ce vestige du patrimoine industriel<\/a><\/li>\n<\/ul>\n<p class=\" wall-content\">\u00c0 Rieulay, dans le Nord, se trouve le terril 144. Situ\u00e9e sur les vestiges du plus vaste terril plat d\u2019Europe, l\u2019endroit \u00e0 \u00e9t\u00e9 remarquablement transform\u00e9 en une base de loisirs.<\/p>\n<ul class=\" wall-content\">\n<li><a href=\"https:\/\/actu.fr\/hauts-de-france\/roubaix_59512\/roubaix-une-expo-remarquable-pour-celebrer-les-100-ans-de-lart-deco-au-musee-de-la-piscine_63364885.html\" target=\"_blank\" rel=\"noopener\">Roubaix. Une expo remarquable pour c\u00e9l\u00e9brer les 100 ans de l\u2019Art d\u00e9co au mus\u00e9e de La Piscine<\/a><\/li>\n<\/ul>\n<p class=\" wall-content\">Jusqu\u2019au 11 janvier 2026, d\u00e9couvrez l\u2019univers de la peintre Odette Pauvert au mus\u00e9e La Piscine \u00e0 Roubaix. Artiste oubli\u00e9e, elle a \u00e9t\u00e9 une figure de proue des Arts d\u00e9coratifs.<\/p>\n<ul class=\" wall-content\">\n<li><a href=\"https:\/\/actu.fr\/hauts-de-france\/marcq-en-baroeul_59378\/une-des-plus-belles-patinoires-de-noel-de-la-metropole-de-lille-ouvre-ses-portes-ce-samedi_63516630.html\" target=\"_blank\" rel=\"noopener\">Une des plus belles patinoires de No\u00ebl de la m\u00e9tropole de Lille ouvre ses portes ce samedi<\/a><\/li>\n<\/ul>\n<p class=\" wall-content\">Elle est ind\u00e9niablement l\u2019une des plus belles de la m\u00e9tropole de Lille (Nord). Ce samedi 6\u00a0d\u00e9cembre 2025, la patinoire de No\u00ebl de Marcq-en-Bar\u0153ul va ouvrir ses portes. D\u00e9tails.<\/p>\n<ul class=\" wall-content\">\n<li><a href=\"https:\/\/actu.fr\/hauts-de-france\/villeneuve-d-ascq_59009\/villeneuve-dascq-bal-annees-80-chasse-au-tresor-la-rose-des-vents-fete-sa-reouverture-ce-week-end_63517676.html\" target=\"_blank\" rel=\"noopener\">Villeneuve-d\u2019Ascq. Bal ann\u00e9es 80, chasse au tr\u00e9sor\u2026 La Rose des Vents f\u00eate sa r\u00e9ouverture ce week-end !<\/a><\/li>\n<\/ul>\n<p class=\" wall-content\">Apr\u00e8s plus de 4\u00a0ans de nomadisme, la structure culturelle la Rose des Vents revient chez elle \u00e0 Villeneuve-d\u2019Ascq (Nord).\u00a0Plusieurs \u00e9v\u00e9nements marquent la r\u00e9ouverture.<\/p>\n<ul class=\" wall-content\">\n<li><a href=\"https:\/\/actu.fr\/hauts-de-france\/lille_59350\/les-geek-days-font-leur-grand-retour-durant-tout-le-week-end-a-lille-voici-ce-quil-faut-savoir_63512654.html\" target=\"_blank\" rel=\"noopener\">Les Geek Days font leur grand retour durant tout le week-end \u00e0 Lille : voici ce qu\u2019il faut savoir<\/a><\/li>\n<\/ul>\n<p class=\" wall-content\">Ils sont de retour et devraient \u00e0 nouveau attirer des centaines de passionn\u00e9s et de curieux. Samedi 6 et dimanche 7 d\u00e9cembre 2025, place aux Geek Days \u00e0 Lille (Nord). Programme.<\/p>\n<ul class=\" wall-content\">\n<li><a href=\"https:\/\/actu.fr\/hauts-de-france\/lille_59350\/un-an-apres-sa-reouverture-ce-musee-du-nord-affiche-deja-des-records-daffluence_63480831.html\" target=\"_blank\" rel=\"noopener\">Un an apr\u00e8s sa r\u00e9ouverture, ce mus\u00e9e du Nord affiche d\u00e9j\u00e0 des records d\u2019affluence<\/a><\/li>\n<\/ul>\n<p class=\" wall-content\">C\u2019est un des artistes fran\u00e7ais les plus embl\u00e9matiques. Henri Matisse a son mus\u00e9e dans le Nord. Fin novembre\u00a02025, un an apr\u00e8s sa r\u00e9ouverture, il affiche des records d\u2019affluence.<\/p>\n<p class=\" wall-content\">Personnalisez votre actualit\u00e9 en ajoutant vos villes et m\u00e9dias en favori avec <a href=\"https:\/\/moncompte.actu.fr\" title=\"D\u00e9couvez Mon Actu\" rel=\"nofollow noopener\" data-trk=\"{&quot;cta&quot;:{&quot;action&quot;:&quot;https:\\\/\\\/moncompte.actu.fr&quot;,&quot;category&quot;:&quot;mon compte&quot;,&quot;from&quot;:&quot;article footer&quot;,&quot;name&quot;:&quot;Mon actu&quot;,&quot;type&quot;:&quot;cta&quot;}}\" target=\"_blank\">Mon Actu<\/a>.<\/p>\n","protected":false},"excerpt":{"rendered":"Par Nicolas Demollien Publi\u00e9 le 5 d\u00e9c. 2025 \u00e0 16h40 Que faire \u00e0 Lille (Nord) et dans ses&hellip;\n","protected":false},"author":2,"featured_media":581072,"comment_status":"","ping_status":"","sticky":false,"template":"","format":"standard","meta":{"footnotes":""},"categories":[2815],"tags":[1111,11,1777,674,1011,27,811,1307,1652,12,25],"class_list":{"0":"post-581071","1":"post","2":"type-post","3":"status-publish","4":"format-standard","5":"has-post-thumbnail","7":"category-lille","8":"tag-actu","9":"tag-actualites","10":"tag-eu","11":"tag-europe","12":"tag-fr","13":"tag-france","14":"tag-hauts-de-france","15":"tag-lille","16":"tag-loisirs-culture","17":"tag-news","18":"tag-republique-francaise"},"share_on_mastodon":{"url":"https:\/\/pubeurope.com\/@fr\/115669991718956497","error":""},"_links":{"self":[{"href":"https:\/\/www.europesays.com\/fr\/wp-json\/wp\/v2\/posts\/581071","targetHints":{"allow":["GET"]}}],"collection":[{"href":"https:\/\/www.europesays.com\/fr\/wp-json\/wp\/v2\/posts"}],"about":[{"href":"https:\/\/www.europesays.com\/fr\/wp-json\/wp\/v2\/types\/post"}],"author":[{"embeddable":true,"href":"https:\/\/www.europesays.com\/fr\/wp-json\/wp\/v2\/users\/2"}],"replies":[{"embeddable":true,"href":"https:\/\/www.europesays.com\/fr\/wp-json\/wp\/v2\/comments?post=581071"}],"version-history":[{"count":0,"href":"https:\/\/www.europesays.com\/fr\/wp-json\/wp\/v2\/posts\/581071\/revisions"}],"wp:featuredmedia":[{"embeddable":true,"href":"https:\/\/www.europesays.com\/fr\/wp-json\/wp\/v2\/media\/581072"}],"wp:attachment":[{"href":"https:\/\/www.europesays.com\/fr\/wp-json\/wp\/v2\/media?parent=581071"}],"wp:term":[{"taxonomy":"category","embeddable":true,"href":"https:\/\/www.europesays.com\/fr\/wp-json\/wp\/v2\/categories?post=581071"},{"taxonomy":"post_tag","embeddable":true,"href":"https:\/\/www.europesays.com\/fr\/wp-json\/wp\/v2\/tags?post=581071"}],"curies":[{"name":"wp","href":"https:\/\/api.w.org\/{rel}","templated":true}]}}