{"id":581075,"date":"2025-12-06T01:20:15","date_gmt":"2025-12-06T01:20:15","guid":{"rendered":"https:\/\/www.europesays.com\/fr\/581075\/"},"modified":"2025-12-06T01:20:15","modified_gmt":"2025-12-06T01:20:15","slug":"dany-boon-fait-rire-un-silo-au-complet","status":"publish","type":"post","link":"https:\/\/www.europesays.com\/fr\/581075\/","title":{"rendered":"Dany Boon fait rire un Silo au complet"},"content":{"rendered":"<p>C&rsquo;est en musique, en jouant avec une grosse caisse et un harmonica, que <a href=\"https:\/\/www.laprovence.com\/article\/loisirs\/901482\/dany-boon-passeport-du-rire.html\" target=\"_blank\" rel=\"noopener\">Dany Boon<\/a> appara\u00eet sur sc\u00e8ne. \u00ab\u00a0Bonsoir Marseille\u00a0\u00bb, lance-t-il avec l&rsquo;accent local, avant d&rsquo;annoncer : \u00ab\u00a0\u00c7a fait 7 ans que je ne suis pas mont\u00e9 sur sc\u00e8ne pour faire rire. J&rsquo;esp\u00e8re pour vous que c&rsquo;est comme le v\u00e9lo !\u00a0\u00bb<\/p>\n<p>L&rsquo;humoriste regrette assez vite que de nos jours \u00ab\u00a0y&rsquo;a plus un sujet qui ne soit pas devenu touchy. Alors je me lance pour te faire rire sans te blesser\u00a0\u00bb. Et le voil\u00e0 en train de s&rsquo;engouffrer dans un tunnel de tous les clich\u00e9s et mots \u00e0 \u00e9viter pour \u00eatre politiquement correct, sous les rires des spectateurs. Avant de conclure : \u00ab\u00a0On est pass\u00e9 de &lsquo;on peut pas rire de tout&rsquo; \u00e0 &lsquo;on peut pas rire du tout&rsquo; !\u00a0\u00bb<\/p>\n<p>Premi\u00e8re fan gr\u00e2ce \u00e0 l&rsquo;OM<\/p>\n<p>Pendant une bonne partie du spectacle, Dany Boon d\u00e9nonce l&rsquo;addiction au t\u00e9l\u00e9phone portable et aux \u00e9crans. Rappelant\u00a0\u00a0que la naissance d&rsquo;internet date de 1993, le Ch&rsquo;ti\u00a0\u00a0n&rsquo;a pas manqu\u00e9 l&rsquo;occasion de faire plaisir au public marseillais r\u00e9uni au <a href=\"https:\/\/www.laprovence.com\/article\/region\/76340321009469\/marseille-le-silo-d-arenc-a-la-joliette-d-ancien-silo-a-grains-a-salle-de-concert\" target=\"_blank\" rel=\"noopener\">Cepac Silo <\/a>: \u00ab\u00a0Vous vous souvenez de 93 \u00e0 Marseille !\u00a0\u00bb Et ose m\u00eame \u00ab\u00a0une petite parenth\u00e8se\u00a0\u00bb : \u00ab\u00a0Ce soir-l\u00e0, j&rsquo;\u00e9tais ici, je jouais \u00e0 l&rsquo;Antidote et il y&rsquo;avait que des femmes dans le public pendant le match. Quand on a voulu partir &#8230; bah, on a do&#8230;<\/p>\n","protected":false},"excerpt":{"rendered":"C&rsquo;est en musique, en jouant avec une grosse caisse et un harmonica, que Dany Boon appara\u00eet sur sc\u00e8ne.&hellip;\n","protected":false},"author":2,"featured_media":581076,"comment_status":"","ping_status":"","sticky":false,"template":"","format":"standard","meta":{"footnotes":""},"categories":[2814],"tags":[17,1111,11,55573,3949,251,55572,1777,674,21,1011,27,884,12,882,25,26789,11795],"class_list":{"0":"post-581075","1":"post","2":"type-post","3":"status-publish","4":"format-standard","5":"has-post-thumbnail","7":"category-marseille","8":"tag-17","9":"tag-actu","10":"tag-actualites","11":"tag-boon","12":"tag-complet","13":"tag-culture","14":"tag-dany","15":"tag-eu","16":"tag-europe","17":"tag-fait","18":"tag-fr","19":"tag-france","20":"tag-marseille","21":"tag-news","22":"tag-provence-alpes-cote-dazur","23":"tag-republique-francaise","24":"tag-rire","25":"tag-silo"},"share_on_mastodon":{"url":"https:\/\/pubeurope.com\/@fr\/115669999638023585","error":""},"_links":{"self":[{"href":"https:\/\/www.europesays.com\/fr\/wp-json\/wp\/v2\/posts\/581075","targetHints":{"allow":["GET"]}}],"collection":[{"href":"https:\/\/www.europesays.com\/fr\/wp-json\/wp\/v2\/posts"}],"about":[{"href":"https:\/\/www.europesays.com\/fr\/wp-json\/wp\/v2\/types\/post"}],"author":[{"embeddable":true,"href":"https:\/\/www.europesays.com\/fr\/wp-json\/wp\/v2\/users\/2"}],"replies":[{"embeddable":true,"href":"https:\/\/www.europesays.com\/fr\/wp-json\/wp\/v2\/comments?post=581075"}],"version-history":[{"count":0,"href":"https:\/\/www.europesays.com\/fr\/wp-json\/wp\/v2\/posts\/581075\/revisions"}],"wp:featuredmedia":[{"embeddable":true,"href":"https:\/\/www.europesays.com\/fr\/wp-json\/wp\/v2\/media\/581076"}],"wp:attachment":[{"href":"https:\/\/www.europesays.com\/fr\/wp-json\/wp\/v2\/media?parent=581075"}],"wp:term":[{"taxonomy":"category","embeddable":true,"href":"https:\/\/www.europesays.com\/fr\/wp-json\/wp\/v2\/categories?post=581075"},{"taxonomy":"post_tag","embeddable":true,"href":"https:\/\/www.europesays.com\/fr\/wp-json\/wp\/v2\/tags?post=581075"}],"curies":[{"name":"wp","href":"https:\/\/api.w.org\/{rel}","templated":true}]}}