{"id":581077,"date":"2025-12-06T01:21:14","date_gmt":"2025-12-06T01:21:14","guid":{"rendered":"https:\/\/www.europesays.com\/fr\/581077\/"},"modified":"2025-12-06T01:21:14","modified_gmt":"2025-12-06T01:21:14","slug":"le-debrief-complet-de-lafter-dun-om-transparent","status":"publish","type":"post","link":"https:\/\/www.europesays.com\/fr\/581077\/","title":{"rendered":"Le d\u00e9brief complet de L&rsquo;After d&rsquo;un OM transparent"},"content":{"rendered":"<p>Lille 1-0 Marseille : Le d\u00e9brief complet de L&rsquo;After d&rsquo;un OM transparent Sur le m\u00eame sujet<a href=\"https:\/\/rmcsport.bfmtv.com\/football\/ligue-1\/video-brest-1-0-monaco-le-debrief-complet-de-l-after_VN-202512051029.html\" title=\"Brest 1-0 Monaco : Le d\u00e9brief complet de L&#039;After \" target=\"_blank\" rel=\"noopener\"><img class=\"lozad\"  width=\"16\" height=\"9\" alt=\"Brest 1-0 Monaco : Le d\u00e9brief complet de L'After \"\/>8:48Brest 1-0 Monaco : Le d\u00e9brief complet de L&rsquo;After<\/a><a href=\"https:\/\/rmcsport.bfmtv.com\/replay-emissions\/after-foot\/video-lille-1-0-marseille-le-debrief-complet-de-l-after-d-un-om-transparent_VN-202512051025.html\" title=\"Lille 1-0 Marseille : Le d\u00e9brief complet de L&#039;After d&#039;un OM transparent\" target=\"_blank\" rel=\"noopener\"><img class=\"lozad\"  width=\"16\" height=\"9\" alt=\"Lille 1-0 Marseille : Le d\u00e9brief complet de L'After d'un OM transparent\"\/>en lectureLille 1-0 Marseille : Le d\u00e9brief complet de L&rsquo;After d&rsquo;un OM transparent<\/a><a href=\"https:\/\/rmcsport.bfmtv.com\/replay-emissions\/after-foot\/video-un-match-particulier-pape-gueye-reagit-au-tirage-france-senegal-dans-l-after_VN-202512050954.html\" title=\"Coupe du monde 2026 : &quot;Un match particulier&quot;, Pape Gueye r\u00e9agit au tirage France-S\u00e9n\u00e9gal dans l&#039;After !\" target=\"_blank\" rel=\"noopener\"><img class=\"lozad\"  width=\"16\" height=\"9\" alt=\"Coupe du monde 2026 : &quot;Un match particulier&quot;, Pape Gueye r\u00e9agit au tirage France-S\u00e9n\u00e9gal dans l'After !\"\/>7:02Coupe du monde 2026 : \u00ab\u00a0Un match particulier\u00a0\u00bb, Pape Gueye r\u00e9agit au tirage France-S\u00e9n\u00e9gal dans l&rsquo;After !<\/a><a href=\"https:\/\/rmcsport.bfmtv.com\/replay-emissions\/after-foot\/video-athletic-bilbao-l-etat-des-lieux-avant-le-choc-face-au-psg-en-ligue-des-champions-after-espagne_VN-202512050791.html\" title=\"Athletic Club, l&#039;\u00e9tat des lieux avant le CHOC face au PSG en Ligue des Champions ! (After Espagne)\" target=\"_blank\" rel=\"noopener\"><img class=\"lozad\"  width=\"16\" height=\"9\" alt=\"Athletic Club, l'\u00e9tat des lieux avant le CHOC face au PSG en Ligue des Champions ! (After Espagne)\"\/>27:59Athletic Club, l&rsquo;\u00e9tat des lieux avant le CHOC face au PSG en Ligue des Champions ! (After Espagne)<\/a><a href=\"https:\/\/rmcsport.bfmtv.com\/replay-emissions\/after-foot\/video-elye-wahi-doit-il-quitter-l-eintracht-francfort-after-allemagne_VN-202512050707.html\" title=\"Elye Wahi doit-il quitter l&#039;Eintracht Francfort ? (After Allemagne)\" target=\"_blank\" rel=\"noopener\"><img class=\"lozad\"  width=\"16\" height=\"9\" alt=\"Elye Wahi doit-il quitter l'Eintracht Francfort ? (After Allemagne)\"\/>28:06Elye Wahi doit-il quitter l&rsquo;Eintracht Francfort ? (After Allemagne)<\/a><a href=\"https:\/\/rmcsport.bfmtv.com\/replay-emissions\/after-foot\/video-la-methode-puma-pour-l-om_VN-202512050564.html\" title=\"La m\u00e9thode Puma pour l&#039;OM \" target=\"_blank\" rel=\"noopener\"><img class=\"lozad\"  width=\"16\" height=\"9\" alt=\"La m\u00e9thode Puma pour l'OM \"\/>0:33La m\u00e9thode Puma pour l&rsquo;OM<\/a><a href=\"https:\/\/rmcsport.bfmtv.com\/replay-emissions\/after-foot\/video-strasbourg-stop-ca-suffit-tu-n-es-pas-le-roi-du-monde-emegha-suspendu-face-a-toulouse_VN-202512041038.html\" title=\"Strasbourg : &quot;Stop \u00e7a suffit, tu n&#039;es pas le roi du monde&quot;, Emegha suspendu face \u00e0 Toulouse\" target=\"_blank\" rel=\"noopener\"><img class=\"lozad\"  width=\"16\" height=\"9\" alt=\"Strasbourg : &quot;Stop \u00e7a suffit, tu n'es pas le roi du monde&quot;, Emegha suspendu face \u00e0 Toulouse\"\/>3:21Strasbourg : \u00ab\u00a0Stop \u00e7a suffit, tu n&rsquo;es pas le roi du monde\u00a0\u00bb, Emegha suspendu face \u00e0 Toulouse<\/a><a href=\"https:\/\/rmcsport.bfmtv.com\/replay-emissions\/after-foot\/video-annese-en-appelle-aux-clubs-de-l1-et-au-president-macron-pour-liberer-christophe-gleizes_VN-202512041032.html\" title=\"Annese en appelle aux clubs de L1 et au pr\u00e9sident Macron pour lib\u00e9rer Christophe Gleizes\" target=\"_blank\" rel=\"noopener\"><img class=\"lozad\"  width=\"16\" height=\"9\" alt=\"Annese en appelle aux clubs de L1 et au pr\u00e9sident Macron pour lib\u00e9rer Christophe Gleizes\"\/>12:15Annese en appelle aux clubs de L1 et au pr\u00e9sident Macron pour lib\u00e9rer Christophe Gleizes<\/a><a href=\"https:\/\/rmcsport.bfmtv.com\/replay-emissions\/after-foot\/video-om-de-zerbi-coach-marseillais-sur-le-long-terme-les-resultats-vont-le-maintenir-ou-pas-assure-riolo_VN-202512041019.html\" title=\"OM : De Zerbi coach marseillais sur le long terme ? &quot;Les r\u00e9sultats vont le maintenir ou pas&quot;, assure Riolo\" target=\"_blank\" rel=\"noopener\"><img class=\"lozad\"  width=\"16\" height=\"9\" alt=\"OM : De Zerbi coach marseillais sur le long terme ? &quot;Les r\u00e9sultats vont le maintenir ou pas&quot;, assure Riolo\"\/>7:34OM : De Zerbi coach marseillais sur le long terme ? \u00ab\u00a0Les r\u00e9sultats vont le maintenir ou pas\u00a0\u00bb, assure Riolo<\/a><a href=\"https:\/\/rmcsport.bfmtv.com\/football\/ligue-1\/video-se-proteger-en-exposant-l-institution-c-est-non-bocquet-recadre-haise-sur-sa-communication-et-le-soutient_VN-202512041007.html\" title=\"&quot;Se prot\u00e9ger en exposant l&#039;institution, c&#039;est non !&quot;, Bocquet recadre Haise sur sa communication (et le soutient)\" target=\"_blank\" rel=\"noopener\"><img class=\"lozad\"  width=\"16\" height=\"9\" alt=\"&quot;Se prot\u00e9ger en exposant l'institution, c'est non !&quot;, Bocquet recadre Haise sur sa communication (et le soutient)\"\/>3:11&Prime;Se prot\u00e9ger en exposant l&rsquo;institution, c&rsquo;est non !\u00a0\u00bb, Bocquet recadre Haise sur sa communication (et le soutient)<\/a><a href=\"https:\/\/rmcsport.bfmtv.com\/football\/ligue-1\/video-incidents-haise-maurice-le-president-nicois-fabrice-bocquet-prend-la-parole-dans-l-after_VN-202512041000.html\" title=\"Incidents, Haise, Maurice\u2026 le pr\u00e9sident ni\u00e7ois, Fabrice Bocquet prend la parole dans l&#039;After\" target=\"_blank\" rel=\"noopener\"><img class=\"lozad\"  width=\"16\" height=\"9\" alt=\"Incidents, Haise, Maurice\u2026 le pr\u00e9sident ni\u00e7ois, Fabrice Bocquet prend la parole dans l'After\"\/>16:25Incidents, Haise, Maurice\u2026 le pr\u00e9sident ni\u00e7ois, Fabrice Bocquet prend la parole dans l&rsquo;After<\/a><a href=\"https:\/\/rmcsport.bfmtv.com\/replay-emissions\/after-foot\/video-as-monaco-les-joueurs-se-moquent-de-nous-des-monegasques-trop-irreguliers_VN-202512040965.html\" title=\"AS Monaco : &quot;Les joueurs se moquent de nous&quot;, des Mon\u00e9gasques trop irr\u00e9guliers ?\" target=\"_blank\" rel=\"noopener\"><img class=\"lozad\"  width=\"16\" height=\"9\" alt=\"AS Monaco : &quot;Les joueurs se moquent de nous&quot;, des Mon\u00e9gasques trop irr\u00e9guliers ?\"\/>10:58AS Monaco : \u00ab\u00a0Les joueurs se moquent de nous\u00a0\u00bb, des Mon\u00e9gasques trop irr\u00e9guliers ?<\/a><a href=\"https:\/\/rmcsport.bfmtv.com\/football\/ligue-1\/video-psg-rennes-en-faisant-un-coup-beye-peut-mettre-tout-le-monde-d-accord-assure-acherchour_VN-202512040960.html\" title=\"PSG - Rennes : &quot;En faisant un coup, Beye peut mettre tout le monde d&#039;accord&quot; assure Acherchour\" target=\"_blank\" rel=\"noopener\"><img class=\"lozad\"  width=\"16\" height=\"9\" alt=\"PSG - Rennes : &quot;En faisant un coup, Beye peut mettre tout le monde d'accord&quot; assure Acherchour\"\/>8:52PSG &#8211; Rennes : \u00ab\u00a0En faisant un coup, Beye peut mettre tout le monde d&rsquo;accord\u00a0\u00bb assure Acherchour<\/a><a href=\"https:\/\/rmcsport.bfmtv.com\/replay-emissions\/after-foot\/video-le-psg-en-gestion-j-ai-du-mal-a-y-croire-les-parisiens-pourront-ils-appuyer-sur-l-interrupteur_VN-202512040937.html\" title=\"Le PSG en gestion ? &quot;J&#039;ai du mal \u00e0 y croire&quot;... les Parisiens pourront-ils appuyer sur l&#039;interrupteur ?\" target=\"_blank\" rel=\"noopener\"><img class=\"lozad\"  width=\"16\" height=\"9\" alt=\"Le PSG en gestion ? &quot;J'ai du mal \u00e0 y croire&quot;... les Parisiens pourront-ils appuyer sur l'interrupteur ?\"\/>11:02Le PSG en gestion ? \u00ab\u00a0J&rsquo;ai du mal \u00e0 y croire\u00a0\u00bb&#8230; les Parisiens pourront-ils appuyer sur l&rsquo;interrupteur ?<\/a><a class=\"jumpToVideo\" target=\"_blank\"><img class=\"thumbnailPreview\"\/><\/a><\/p>\n","protected":false},"excerpt":{"rendered":"Lille 1-0 Marseille : Le d\u00e9brief complet de L&rsquo;After d&rsquo;un OM transparent Sur le m\u00eame sujet8:48Brest 1-0 Monaco&hellip;\n","protected":false},"author":2,"featured_media":581078,"comment_status":"","ping_status":"","sticky":false,"template":"","format":"standard","meta":{"footnotes":""},"categories":[2814],"tags":[1111,11,1777,674,1011,27,884,12,882,25],"class_list":{"0":"post-581077","1":"post","2":"type-post","3":"status-publish","4":"format-standard","5":"has-post-thumbnail","7":"category-marseille","8":"tag-actu","9":"tag-actualites","10":"tag-eu","11":"tag-europe","12":"tag-fr","13":"tag-france","14":"tag-marseille","15":"tag-news","16":"tag-provence-alpes-cote-dazur","17":"tag-republique-francaise"},"share_on_mastodon":{"url":"https:\/\/pubeurope.com\/@fr\/115670003752353655","error":""},"_links":{"self":[{"href":"https:\/\/www.europesays.com\/fr\/wp-json\/wp\/v2\/posts\/581077","targetHints":{"allow":["GET"]}}],"collection":[{"href":"https:\/\/www.europesays.com\/fr\/wp-json\/wp\/v2\/posts"}],"about":[{"href":"https:\/\/www.europesays.com\/fr\/wp-json\/wp\/v2\/types\/post"}],"author":[{"embeddable":true,"href":"https:\/\/www.europesays.com\/fr\/wp-json\/wp\/v2\/users\/2"}],"replies":[{"embeddable":true,"href":"https:\/\/www.europesays.com\/fr\/wp-json\/wp\/v2\/comments?post=581077"}],"version-history":[{"count":0,"href":"https:\/\/www.europesays.com\/fr\/wp-json\/wp\/v2\/posts\/581077\/revisions"}],"wp:featuredmedia":[{"embeddable":true,"href":"https:\/\/www.europesays.com\/fr\/wp-json\/wp\/v2\/media\/581078"}],"wp:attachment":[{"href":"https:\/\/www.europesays.com\/fr\/wp-json\/wp\/v2\/media?parent=581077"}],"wp:term":[{"taxonomy":"category","embeddable":true,"href":"https:\/\/www.europesays.com\/fr\/wp-json\/wp\/v2\/categories?post=581077"},{"taxonomy":"post_tag","embeddable":true,"href":"https:\/\/www.europesays.com\/fr\/wp-json\/wp\/v2\/tags?post=581077"}],"curies":[{"name":"wp","href":"https:\/\/api.w.org\/{rel}","templated":true}]}}