{"id":581079,"date":"2025-12-06T01:22:33","date_gmt":"2025-12-06T01:22:33","guid":{"rendered":"https:\/\/www.europesays.com\/fr\/581079\/"},"modified":"2025-12-06T01:22:33","modified_gmt":"2025-12-06T01:22:33","slug":"fete-des-lumieres-a-lyon-des-rates-cartons-pour-les-drones-et-netflix-revivez-la-soiree","status":"publish","type":"post","link":"https:\/\/www.europesays.com\/fr\/581079\/","title":{"rendered":"F\u00eate des Lumi\u00e8res \u00e0 Lyon. Des rat\u00e9s, cartons pour les drones et Netflix&#8230; Revivez la soir\u00e9e"},"content":{"rendered":"<p>                    Par<br \/>\n        <strong><br \/>\n            <a href=\"https:\/\/actu.fr\/auteur\/redaction-lyon\" title=\"Consulter tous les articles de R\u00e9daction Lyon\" target=\"_blank\" rel=\"noopener\">R\u00e9daction Lyon<\/a><br \/>\n                    <\/strong><\/p>\n<p>        Publi\u00e9 le<\/p>\n<p>            5 d\u00e9c. 2025 \u00e0 17h30<br \/>\n        ; mis \u00e0 jour le 5 d\u00e9c. 2025 \u00e0 23h02    <\/p>\n<p>C\u2019est parti\u2009! Apr\u00e8s une premi\u00e8re soir\u00e9e de tests jeudi dans les rues de <a href=\"https:\/\/actu.fr\/auvergne-rhone-alpes\/lyon_69123\" target=\"_blank\" rel=\"noopener\">Lyon<\/a> o\u00f9 il a \u00e9t\u00e9 possible de d\u00e9couvrir un premier aper\u00e7u des illuminations, la <a href=\"https:\/\/actu.fr\/auvergne-rhone-alpes\/lyon_69123\/fete-des-lumieres-2025-a-lyon-decouvrez-le-programme-complet-des-illuminations_63395646.html\" target=\"_blank\" rel=\"noopener\">F\u00eate des Lumi\u00e8res 2025<\/a> d\u00e9bute ce vendredi 5\u00a0d\u00e9cembre. L\u2019\u00e9dition 2025 se poursuit jusqu\u2019\u00e0 lundi 8\u00a0d\u00e9cembre. Deux millions de personnes sont attendues sur quatre jours dans des rues bond\u00e9es.<\/p>\n<p class=\" wall-content\">Grandes nouveaut\u00e9s cette ann\u00e9e\u2009: un <a href=\"https:\/\/actu.fr\/auvergne-rhone-alpes\/lyon_69123\/fete-des-lumieres-de-lyon-l-incroyable-show-de-drones-peut-etre-annule-voici-pourquoi_63513486.html\" target=\"_blank\" rel=\"noopener\">spectacle de 500 drones lumineux au parc de la T\u00eate d\u2019or<\/a>, une <a href=\"https:\/\/actu.fr\/auvergne-rhone-alpes\/lyon_69123\/fete-des-lumieres-a-lyon-triste-pourquoi-la-place-bellecour-est-privee-d-illuminations_63399252.html\" target=\"_blank\" rel=\"noopener\">place Bellecour sans animations<\/a>, un mapping unique sur la place des Terreaux, le retour des arches rue de la R\u00e9publique, les Lumignons du c\u0153ur place des Jacobins et une \u0153uvre propos\u00e9e par Netflix inspir\u00e9e de la <a href=\"https:\/\/actu.fr\/auvergne-rhone-alpes\/lyon_69123\/lyon-fete-des-lumieres-2025-entre-polemiques-et-premiers-avis-une-edition-tres-particuliere_63535043.html\" target=\"_blank\" rel=\"noopener\">s\u00e9rie \u00ab\u2009Stranger Things\u2009\u00bb<\/a>.<\/p>\n<p class=\" wall-content\"><strong>Revivez ci-dessous les temps forts de cette premi\u00e8re soir\u00e9e de la F\u00eate des Lumi\u00e8res 2025 avec Julien Damboise, Julien Sournies, Nicolas Zaugra, Ludivine Caporal, Anthony Soudani, Th\u00e9o Zuili.<\/strong><\/p>\n<p class=\" wall-content\"><strong>23h : La soir\u00e9e est termin\u00e9e !<\/strong><\/p>\n<p class=\" wall-content\">La premi\u00e8re soir\u00e9e de la F\u00eate des Lumi\u00e8res touche \u00e0 sa fin. Merci \u00e0 tous de nous avoir suivis !<\/p>\n<p class=\" wall-content\"><strong>22h55 : Moins d\u2019\u0153uvres cette ann\u00e9e et \u00e7a se ressent chez certains<\/strong><\/p>\n<p class=\" wall-content\">Tout au long de la soir\u00e9e, les habitu\u00e9s de la F\u00eate des Lumi\u00e8res n\u2019ont pas manqu\u00e9 de pointer du doigt le nombre r\u00e9duit d\u2019illuminations cette ann\u00e9e. \u00ab\u00a0Je suis un peu d\u00e9\u00e7ue cette ann\u00e9e, il y a moins d\u2019\u0153uvres\u00a0\u00bb, d\u00e9plorent notamment ces deux Lyonnais au micro de notre journaliste.<\/p>\n<p class=\" wall-content\">Pour rappel, l\u2019ann\u00e9e derni\u00e8re, 32 \u0153uvres ont illumin\u00e9 Lyon, contre 23 cette ann\u00e9e.<\/p>\n<p class=\" wall-content\">\n<p class=\" wall-content\"><strong>22h20 : Du monde refoul\u00e9 devant la T\u00eate d\u2019Or<\/strong><\/p>\n<p class=\" wall-content\">L\u2019incompr\u00e9hension et la col\u00e8re r\u00e8gnent autour du parc de la T\u00eate d\u2019Or. Une foule cons\u00e9quente, venue assister au spectacle de drones, se fait en effet refuser l\u2019acc\u00e8s au parc depuis 22h.<\/p>\n<p class=\" wall-content\">Aux abords de la T\u00eate d\u2019Or, la rage monte : \u00ab Ma petite de six ans est en pleurs \u00bb ; \u00ab\u00a0On vient d\u2019arriver\u2026 on s\u2019est tap\u00e9 3km de marche\u00a0\u00bb ; \u00ab\u00a0On nous ferme la porte au nez comme des malpropres\u00a0\u00bb ; \u00ab\u00a0J\u2019ai fait 2h30 pour venir ici d\u2019Avignon. Demain je vais aller en centre ville.\u00a0\u00bb<\/p>\n<p class=\" wall-content\">\n<p>    <img   decoding=\"async\" loading=\"lazy\" src=\"https:\/\/www.europesays.com\/fr\/wp-content\/uploads\/2025\/12\/tete-dorr-960x640.jpg\" alt=\"De nombreux visiteurs se font refouler \u00e0 l'entr\u00e9e du parc de la T\u00eate d'Or.\" width=\"960\" height=\"640\"\/><br \/>\n    De nombreux visiteurs se font refouler \u00e0 l\u2019entr\u00e9e du parc de la T\u00eate d\u2019Or. (\u00a9Anthony Soudani \/ actu Lyon)<\/p>\n<p>Votre r\u00e9gion, votre actu !<\/p>\n<p>Recevez chaque jour les infos qui comptent pour vous.<\/p>\n<p>\t<a href=\"https:\/\/actu.fr\/newsletter\" class=\"ac-btn ac-btn--corner ac-btn--medium ac-btn--blue800\" target=\"_blank\" rel=\"noopener\">S&rsquo;incrire<\/a><\/p>\n<p class=\" wall-content\"><strong>22h05 : Les quais de Sa\u00f4ne se vident progressivement<\/strong><\/p>\n<p class=\" wall-content\">Cette premi\u00e8re soir\u00e9e de la F\u00eate des Lumi\u00e8res approche de la fin. Selon notre journaliste sur place, les quais de Sa\u00f4ne se vident progressivement : \u00ab\u00a0On peut largement circuler et regarder l\u2019\u0153uvre. Elle est tr\u00e8s po\u00e9tique, il y a beaucoup de couleurs. M\u00eame si c\u2019est un peu redondant par rapport aux autres ann\u00e9es, les gens appr\u00e9cient autour et \u00e7a reste un beau spectacle \u00e0 voir.\u00a0\u00bb<\/p>\n<p class=\" wall-content\">\n<p class=\" wall-content\">\n    <img   decoding=\"async\" loading=\"lazy\" src=\"https:\/\/www.europesays.com\/fr\/wp-content\/uploads\/2025\/12\/saone-960x640.jpg\" alt=\"Notre journaliste et les spectateurs ont appr\u00e9ci\u00e9 l'\u0153uvre des quais de Sa\u00f4ne.\" width=\"960\" height=\"640\"\/><br \/>\n    Notre journaliste et les spectateurs ont appr\u00e9ci\u00e9 l\u2019\u0153uvre des quais de Sa\u00f4ne. (\u00a9Ludivine Caporal \/ actu Lyon)<br \/>\n    <img   decoding=\"async\" loading=\"lazy\" src=\"https:\/\/www.europesays.com\/fr\/wp-content\/uploads\/2025\/12\/quai-de-saone-960x640.jpg\" alt=\"Les quais de Sa\u00f4ne se vident progressivement \u00e0 une heure de la fin de cette premi\u00e8re journ\u00e9e.\" width=\"960\" height=\"640\"\/><br \/>\n    Les quais de Sa\u00f4ne se vident progressivement \u00e0 une heure de la fin de cette premi\u00e8re journ\u00e9e. (\u00a9Ludivine Caporal \/ actu Lyon)<\/p>\n<p class=\" wall-content\"><strong>22h : Le vin chaud coule \u00e0 flot !<\/strong><\/p>\n<p class=\" wall-content\">Pour une bonne visite et une meilleure appr\u00e9ciation des illuminations, le vin chaud est un alli\u00e9 pr\u00e9cieux pour certains. \u00c0 l\u2019image de ce groupe de touristes fran\u00e7ais et belges : \u00ab C\u2019\u00e9tait tr\u00e8s bien, on a rigol\u00e9 avec l\u2019\u0153uvre des Terreaux, il y avait du vin chaud ! L\u2019organisation est incroyable ! \u00bb<\/p>\n<p class=\" wall-content\">\n<p class=\" wall-content\"><strong>21h50 : La place Sathonay prise d\u2019assaut avec son \u0153uvre \u00ab\u00a0Stranger lights\u00a0\u00bb<\/strong><\/p>\n<p class=\" wall-content\">Comme attendu, la place Sathonay est bond\u00e9e de monde ce vendredi soir. Cette ann\u00e9e, la place du 1\u1d49\u02b3 arrondissement est repr\u00e9sent\u00e9e par \u00ab\u00a0Stranger lights\u00a0\u00bb. Une chose est s\u00fbre, Netflix, m\u00e9c\u00e8ne de cette \u00e9dition, se paie une jolie promo en pleine saison 5 finale de la s\u00e9rie \u00e9v\u00e9nement de la plateforme.<\/p>\n<p class=\" wall-content\">\u00ab\u00a0C\u2019est cool, jolie sc\u00e9nographie, les sons sont immersifs. Je trouve \u00e7a grave int\u00e9ressant, avec tout un univers autour, \u00e7a produit une bonne immersion. Je me demandais comment ils allaient faire, mais c\u2019est une bonne surprise\u00a0\u00bb, se r\u00e9jouit Carla.<\/p>\n<p class=\" wall-content\">Malgr\u00e9 tout, quelques avis n\u00e9gatifs \u00e9mergent. \u00ab\u00a0On est loin, on ne voit pas trop ce qu\u2019il se passe devant, il y a juste un peu de rouge sur les arbres. Mais bon je m\u2019attendais \u00e0 \u00e7a, c\u2019est la F\u00eate des Lumi\u00e8res, j\u2019ai aucune attente\u00a0\u00bb, regrette Olivia.<\/p>\n<p class=\" wall-content\">\u00ab\u00a0Je suis mitig\u00e9, j\u2019aurais appr\u00e9ci\u00e9 que ce soit d\u2019une plus grande ampleur. Le son fait tout, sinon il n\u2019y a pas grand chose et franchement, Stranger Things je m\u2019attendais \u00e0 plus !\u00a0\u00bb, glisse de son c\u00f4t\u00e9 Nina.<\/p>\n<p class=\" wall-content\">\n<p class=\" wall-content\">\n<p class=\" wall-content\">\n<p class=\" wall-content\"><strong>21h45 : La place d\u2019Albon s\u2019illumine avec \u00ab\u00a0Onion Skin\u00a0\u00bb<\/strong><\/p>\n<p class=\" wall-content\">Sur la place d\u2019Albon, l\u2019\u0153uvre \u00ab\u00a0Onion Skin\u00a0\u00bb emporte les spectateurs \u00ab\u00a0dans des dimensions visuelles m\u00e9connues\u00a0\u00bb gr\u00e2ce \u00e0 ses \u00ab\u00a0variations de lumi\u00e8re et de vitesse\u00a0\u00bb. La foule est en tout cas pr\u00e9sente tout autour.<\/p>\n<p class=\" wall-content\">\n<p>    <img   decoding=\"async\" loading=\"lazy\" src=\"https:\/\/www.europesays.com\/fr\/wp-content\/uploads\/2025\/12\/onion-skin-960x640.jpg\" alt=\"qbdgbn\" width=\"960\" height=\"640\"\/><br \/>\n    La place d\u2019Albon s\u2019illumine avec \u00ab\u00a0Onion Skin\u00a0\u00bb (\u00a9Ludivine Caporal \/ actu Lyon)<\/p>\n<p class=\" wall-content\"><strong>21h25 : L\u2019\u0153uvre \u00ab\u00a0Nouvelle Vague\u00a0\u00bb de la gare Saint-Paul divise aussi\u00a0<\/strong><\/p>\n<p class=\" wall-content\">Au total, trois \u0153uvres sont projet\u00e9es sur la fa\u00e7ade de la gare Saint-Paul cette ann\u00e9e. Sur place, notre journaliste a remarqu\u00e9 un certain contraste au niveau des r\u00e9actions autour de la \u00ab\u00a0Nouvelle Vague\u00a0\u00bb, m\u00ealant \u00ab\u00a0applaudissements\u00a0\u00bb et d\u00e9ception : \u00ab\u00a0C\u2019est merdique\u00a0\u00bb, soufflent m\u00eame certains.<\/p>\n<p class=\" wall-content\">Pour Olivier, en revanche, le constat est moins s\u00e9v\u00e8re : \u00ab\u00a0Les deux premi\u00e8res sont tr\u00e8s sympas, mais le troisi\u00e8me laisse un peu plus de marbre, moins joyeux, mais g\u00e9niale cette formule de trois petits films.\u00a0\u00bb<\/p>\n<p class=\" wall-content\">\n<p class=\" wall-content\"><strong>21h : Les avis divergent autour de l\u2019\u0153uvre de la place des Terreaux<\/strong><\/p>\n<p class=\" wall-content\">L\u2019\u0153uvre \u00ab\u00a0Le lundi c\u2019est raviolis !\u00a0\u00bb continue de diviser les diff\u00e9rents visiteurs en cette premi\u00e8re soir\u00e9e de F\u00eate des Lumi\u00e8res. Pour Enzo, Lyonnais depuis maintenant sept ans, \u00ab\u00a0c\u2019est hyper sympa, c\u2019est un peu particulier mais c\u2019est chouette\u00a0\u00bb.<\/p>\n<p class=\" wall-content\">En revanche, pour Axel, l\u2019\u0153uvre est \u00ab\u00a0naze\u00a0\u00bb. \u00ab\u00a0Si c\u2019est un truc que tu retrouves dans ton fil sur YouTube, c\u2019est marrant, mais faire la queue pour \u00e7a, c\u2019est chiant. Puis, ce n\u2019est pas du tout artistique\u00a0\u00bb, ajoute-t-il.\u00a0<\/p>\n<p>    <img   decoding=\"async\" loading=\"lazy\" src=\"https:\/\/www.europesays.com\/fr\/wp-content\/uploads\/2025\/12\/place-des-terreaux-960x640.jpg\" alt=\"L'\u0153uvre \" width=\"960\" height=\"640\"\/><br \/>\n    L\u2019\u0153uvre \u00ab\u00a0Le lundi c\u2019est raviolis !\u00a0\u00bb divise sur la place des Terreaux. (\u00a9Ludivine Caporal \/ actu Lyon)<\/p>\n<p class=\" wall-content\">\n<p class=\" wall-content\"><strong>20h50 : Pas d\u2019\u0153uvre sur Bellecour, mais le food court fait des heureux\u00a0<\/strong><\/p>\n<p class=\" wall-content\">Si la place Bellecour n\u2019est habit\u00e9e par aucune \u0153uvre lors de cette \u00e9dition 2025 de la F\u00eate des Lumi\u00e8res, le food court, qui lui est rest\u00e9e en place, est visiblement \u00e0 la hauteur des attentes. Pour un couple de Lyonnais, \u00ab le food court g\u00e9ant \u00e0 Bellecour c\u2019est une super id\u00e9e \u00bb.<\/p>\n<p class=\" wall-content\">Pour Axel, venu de Marseille, le food court est une r\u00e9ussite cette ann\u00e9e : \u00ab\u00a0Ce que je trouve pas mal, c\u2019est que les ann\u00e9es pr\u00e9c\u00e9dentes il n\u2019y avait pas trop de bouffe, mais l\u00e0, ils ont mis plein de stands, on a du choix.\u00a0\u00bb<\/p>\n<p class=\" wall-content\">\n<p class=\" wall-content\">\n<p class=\" wall-content\"><strong>20h45 : Cinq interpellations, dont deux pour tentative de vol<\/strong><\/p>\n<p class=\" wall-content\">En cette premi\u00e8re soir\u00e9e de F\u00eate des Lumi\u00e8res, les forces de l\u2019ordre ont d\u00e9j\u00e0 eu fort \u00e0 faire. Selon la pr\u00e9fecture du Rh\u00f4ne, deux vendeurs \u00e0 la sauvette ont \u00e9t\u00e9 interpell\u00e9s sur la rue de la R\u00e9publique.<\/p>\n<p class=\" wall-content\">Les autorit\u00e9s ont \u00e9galement proc\u00e9d\u00e9 \u00e0 deux interpellations \u00e0 Bellecour pour tentative de vol \u00e0 l\u2019arrach\u00e9. En outre, un pilote de drone a \u00e9t\u00e9 interpell\u00e9 sur le secteur Saint-Jean.<\/p>\n<p class=\" wall-content\">\n<p class=\" wall-content\"><strong>20h40 : Les avis sont partag\u00e9s autour de la Fondation Bullukian<\/strong><\/p>\n<p class=\" wall-content\">Tout au sud de la place Bellecour, l\u2019\u0153uvre \u00ab\u00a0BLOBmorphose\u00a0\u00bb projet\u00e9e sur la Fondation Bullukian recueille des avis divers et vari\u00e9s. \u00ab\u00a0L\u2019\u0153uvre sur la fondation Bullukian je n\u2019ai pas aim\u00e9, ce n\u2019est pas dans l\u2019esprit de la F\u00eate des Lumi\u00e8res\u00a0\u00bb, estime Lucien.<\/p>\n<p class=\" wall-content\">Chez un groupe de jeunes, en revanche, la satisfaction est au rendez-vous : \u00ab\u00a0La musique est bien et les acteurs sont pas mals\u00a0\u00bb ; \u00ab\u00a0\u00c7a d\u00e9gage une bonne vibe.\u00a0\u00bb<\/p>\n<p class=\" wall-content\">\n<p class=\" wall-content\">\n<p class=\" wall-content\"><strong>20h30 : L\u2019absence d\u2019\u0153uvre sur la place Bellecour fait r\u00e9agir<\/strong><\/p>\n<p class=\" wall-content\">Pour cette \u00e9dition 2025, la plus grande place de la capitale des Gaules n\u2019accueille aucune \u0153uvre, sinon un espace pour se restaurer. Sur place, certains\u00a0 visiteurs se disent quelque peu \u00ab\u00a0d\u00e9\u00e7us\u00a0\u00bb, \u00e0 l\u2019image de Ben qui estime \u00ab\u00a0qu\u2019il n\u2019y a pas grand-chose \u00e0 part la grande roue\u00a0\u00bb, ajoutant que \u00ab\u00a0la municipalit\u00e9 pourrait faire des efforts\u00a0\u00bb.<\/p>\n<p class=\" wall-content\">\n<p class=\" wall-content\"><strong>20h20 : D\u00e9ception sur la place des Jacobins<\/strong><\/p>\n<p class=\" wall-content\">Pour contempler au mieux l\u2019\u0153uvre de la place des Jacobins, il va falloir se montrer patient. Selon notre journaliste sur place, les visiteurs au fond de la foule ne voient rien : \u00ab\u00a0Les d\u00e9corations auraient peut-\u00eatre m\u00e9rit\u00e9 d\u2019\u00eatre davantage sur\u00e9lev\u00e9es.\u00a0\u00bb<\/p>\n<p class=\" wall-content\">\n    <img   decoding=\"async\" loading=\"lazy\" src=\"https:\/\/www.europesays.com\/fr\/wp-content\/uploads\/2025\/12\/place-des-jacobins-960x640.jpg\" alt=\"Il y a du monde sur la place des Jacobins. Point n\u00e9gatif : les d\u00e9corations ne sont pas assez sur\u00e9lev\u00e9es.\" width=\"960\" height=\"640\"\/><br \/>\n    Les lumignons sont visibles sur la place des Jacobins. (\u00a9Julien Damboise \/ actu Lyon)<br \/>\n    <img   decoding=\"async\" loading=\"lazy\" src=\"https:\/\/www.europesays.com\/fr\/wp-content\/uploads\/2025\/12\/jacobins-960x640.jpg\" alt=\"Il y a du monde sur la place des Jacobins. Point n\u00e9gatif : les d\u00e9corations ne sont pas assez sur\u00e9lev\u00e9es.\" width=\"960\" height=\"640\"\/><br \/>\n    Il y a du monde sur la place des Jacobins. Point n\u00e9gatif : les d\u00e9corations ne sont toutefois pas assez sur\u00e9lev\u00e9es. (\u00a9Julien Damboise \/ actu Lyon)<\/p>\n<p class=\" wall-content\"><strong>20h05 : Un monde fou dans le Vieux-Lyon pour acc\u00e9der \u00e0 la Cath\u00e9drale Saint-Jean<\/strong><\/p>\n<p class=\" wall-content\">Comme \u00e0 chaque \u00e9dition, la cath\u00e9drale Saint-Jean attire les foules. Cette ann\u00e9e, il y a encore \u00e9norm\u00e9ment de monde dans les rues du Vieux-Lyon pour venir contempler l\u2019\u0153uvre \u00ab\u00a0Lumina\u00a0\u00bb sur la fa\u00e7ade de la cath\u00e9drale.<\/p>\n<p class=\" wall-content\">La foule est si dense que le temps d\u2019attente pour acc\u00e9der \u00e0 Fourvi\u00e8re via le funiculaire est de 30 \u00e0 45 minutes.<\/p>\n<p class=\" wall-content\">\n<p class=\" wall-content\"><strong>20h : Deux Lyonnais donnent leur avis sur le show de drones \u00e0 la T\u00eate d\u2019Or<\/strong><\/p>\n<p class=\" wall-content\">\u00ab C\u2019est assez mal organis\u00e9 pour rentrer mais le spectacle est tr\u00e8s beau \u00bb : l\u2019avis de Juliette et Clement, deux Lyonnais, sur le spectacle de 500 drones \u00e0 la T\u00eate d\u2019Or. Ils partagent leur ressenti \u00e0 actu Lyon.<\/p>\n<p class=\" wall-content\">\n<p class=\" wall-content\"><strong>19h50 : L\u2019ambiance est tr\u00e8s festive sur la place Antonin-Poncet<\/strong><\/p>\n<p class=\" wall-content\">L\u2019\u0153uvre \u00ab\u00a0Le jardin de lumi\u00e8re\u00a0\u00bb est l\u2019un des coups de c\u0153ur de la r\u00e9daction. Comme l\u2019annonce son cr\u00e9ateur, elle \u00ab\u00a0vise \u00e0 \u00e9gayer le gris de l\u2019hiver et \u00e0 enchanter petits et grands : l\u2019\u0153uvre est con\u00e7ue pour les enfants et les familles, tout en restant accessible et attrayante pour tous les \u00e2ges\u00a0\u00bb.<\/p>\n<p class=\" wall-content\">Selon notre journaliste, le rendu est plaisant et l\u2019ambiance est \u00ab\u00a0festive\u00a0\u00bb.<\/p>\n<p class=\" wall-content\">Interrog\u00e9 par notre journaliste, Guillaume se r\u00e9jouit d\u2019un \u00ab\u00a0beau spectacle visuellement\u00a0\u00bb, mais il est un peu d\u00e9\u00e7u, pr\u00e9f\u00e9rant l\u2019\u0153uvre de l\u2019ann\u00e9e derni\u00e8re. \u00ab\u00a0Il n\u2019y a pas assez de lumi\u00e8res et j\u2019ai peur que ce soit r\u00e9p\u00e9titif\u00a0\u00bb, juge-t-il.<\/p>\n<p class=\" wall-content\">\n<p class=\" wall-content\">\n<p class=\" wall-content\"><strong>19h45\u2009: Une bagarre a \u00e9clat\u00e9 \u00e0 l\u2019entr\u00e9e du parc de la T\u00eate d\u2019Or\u2009<\/strong><\/p>\n<p class=\" wall-content\">L\u2019immense queue \u00e0 l\u2019entr\u00e9e du parc de la T\u00eate d\u2019Or a fait perdre le sang-froid de certaines personnes. Selon des t\u00e9moins rencontr\u00e9s dans l\u2019enceinte, une bagarre a \u00e9clat\u00e9 \u00e0 l\u2019entr\u00e9e\u2009: \u00ab\u2009On faisait la queue tr\u00e8s sagement depuis 17h30, mais l\u2019organisation a fait que des gens ont doubl\u00e9 tout le monde \u00e0 la droite. Des personnes \u00e2g\u00e9es se sont empoign\u00e9es et \u00e7a s\u2019est battu\u2009\u00bb, t\u00e9moigne un Parisien.<\/p>\n<p class=\" wall-content\">Si ce dernier a appr\u00e9ci\u00e9 le spectacle, il regrette toutefois le long temps d\u2019attente compte tenu du temps de repr\u00e9sentation.<\/p>\n<p class=\" wall-content\">\n<p>    <img   decoding=\"async\" loading=\"lazy\" src=\"https:\/\/www.europesays.com\/fr\/wp-content\/uploads\/2025\/12\/tete-dor-960x640.jpg\" alt=\"La queue est toujours aussi cons\u00e9quente \u00e0 la sortie du parc de la T\u00eate d'or.\" width=\"960\" height=\"640\"\/><br \/>\n    La queue est toujours aussi cons\u00e9quente \u00e0 la sortie du parc de la T\u00eate d\u2019or. (\u00a9Ludivine Caporal \/ actu Lyon)<\/p>\n<p class=\" wall-content\"><strong>19h30\u2009: Les premiers spectateurs assistent au show de drones de la T\u00eate d\u2019Or<\/strong><\/p>\n<p class=\" wall-content\">L\u2019\u0153uvre la plus attendue de cette ann\u00e9e a d\u00e9j\u00e0 conquis ses premiers visiteurs. Selon notre journaliste sur place, les visiteurs ont \u00e9t\u00e9 ravis du show de drones \u00e0 la T\u00eate d\u2019or\u2009: \u00ab\u2009Ils ont fortement applaudi et sont rest\u00e9s bouche b\u00e9e.\u2009\u00bb<\/p>\n<p class=\" wall-content\">Un groupe de Lyonnais a \u00e9galement fait part de son ressenti\u2009: \u00ab\u2009C\u2019\u00e9tait dr\u00f4lement bien, \u00e7a change. Il y avait de tr\u00e8s belles musiques dans un tr\u00e8s beau lieu. Et en plus, on n\u2019a pas trop attendu \u00e0 l\u2019entr\u00e9e\u2009!\u2009\u00bb<\/p>\n<p class=\" wall-content\">Autre point positif\u2009: malgr\u00e9 l\u2019immense foule \u00e0 l\u2019entr\u00e9e, les spectateurs ne sont pas entass\u00e9s les uns sur les autres durant la repr\u00e9sentation.<\/p>\n<p class=\" wall-content\">\n<p class=\" wall-content\">\n<p>    <img   decoding=\"async\" loading=\"lazy\" src=\"https:\/\/www.europesays.com\/fr\/wp-content\/uploads\/2025\/12\/drone-2-960x640.jpg\" alt=\"Le spectacle de drones \u00e0 la T\u00eate d'Or a ravi les visiteurs.\" width=\"960\" height=\"640\"\/><br \/>\n    Le spectacle de drones \u00e0 la T\u00eate d\u2019Or a ravi les visiteurs. (\u00a9Ludivine Caporal \/ actu Lyon)<\/p>\n<p class=\" wall-content\"><strong>19h15\u2009: \u00ab\u2009Aube\u2009\u00bb n\u2019attire que peu de monde dans le Jardin de l\u2019Instituto Cervant\u00e8s<\/strong><\/p>\n<p class=\" wall-content\">C\u2019est la premi\u00e8re v\u00e9ritable d\u00e9ception de cette F\u00eate des Lumi\u00e8res 2025. L\u2019\u0153uvre intitul\u00e9e \u00ab\u2009Aube\u2009\u00bb situ\u00e9e dans le jardin de l\u2019Instituto Cervant\u00e8s n\u2019a pas convaincu ses premiers visiteurs ni notre journaliste pr\u00e9sent sur place. Les commentaires sont unanimes\u2009:<\/p>\n<p class=\" wall-content\">\u00ab\u2009Tout \u00e7a pour \u00e7a\u2009?\u2009\u00bb, \u00ab\u2009Ah mais \u00e7a ne bouge pas, rien\u2009\u00bb, \u00ab\u2009Bon bah c\u2019est vu, on va \u00e0 Fourvi\u00e8re et on essaye T\u00eate d\u2019Or\u2009\u00bb, a-t-on notamment pu entendre.<\/p>\n<p class=\" wall-content\">De son c\u00f4t\u00e9, l\u2019artiste semblait content de lui car \u00ab\u2009on peut la voir depuis toute la ville\u2009\u00bb, a-t-il dit.<\/p>\n<p>    <img   decoding=\"async\" loading=\"lazy\" src=\"https:\/\/www.europesays.com\/fr\/wp-content\/uploads\/2025\/12\/oeuvre-aube-2-960x640.jpg\" alt=\"L'\u0153uvre \" width=\"960\" height=\"640\"\/><br \/>\n    L\u2019\u0153uvre \u00ab\u2009L\u2019aube\u2009\u00bb n\u2019a pas convaincu ses premiers visiteurs. (\u00a9Julien Damboise \/ actu Lyon)<\/p>\n<p class=\" wall-content\"><strong>19h10\u2009: La cath\u00e9drale Saint-Jean s\u2019illumine et r\u00e9gale les foules<\/strong><\/p>\n<p class=\" wall-content\">L\u2019\u0153uvre \u00ab\u2009Lumina\u2009\u00bb s\u2019illumine sur la fa\u00e7ade de la cath\u00e9drale Saint-Jean, dans le Vieux-Lyon. Selon notre journaliste sur place, le \u00ab\u2009spectacle est long, mais franchement original et les applaudissements sont l\u00e0\u2009\u00bb.<\/p>\n<p class=\" wall-content\">Interrog\u00e9s, Roberte et Claude, venus de Strasbourg, livrent \u00e9galement leur ressenti\u2009: \u00ab\u2009La musique est un peu inqui\u00e9tante mais \u00e7a fait partie des images \u00e7a permet de mettre en valeur les images un peu psych\u00e9d\u00e9liques. On plonge dans la cath\u00e9drale. La soir\u00e9e commence tr\u00e8s bien, si c\u2019est comme \u00e7a\u2009!\u2009\u00bb<\/p>\n<p class=\" wall-content\">\u00ab\u2009C\u2019est la premi\u00e8re fois que je vois \u00e7a, c\u2019\u00e9tait tr\u00e8s joli. C\u2019\u00e9tait trop sombre au d\u00e9part, \u00e0 la fin la couleur \u00e9clate, c\u2019\u00e9tait tr\u00e8s joli, la musique est bien coordonn\u00e9e\u2009\u00bb, se r\u00e9jouissent Chantale et Claire, venues de Saumur.<\/p>\n<p>    <img   decoding=\"async\" loading=\"lazy\" src=\"https:\/\/www.europesays.com\/fr\/wp-content\/uploads\/2025\/12\/cathedrale-saint-jean-960x640.jpg\" alt=\"L'\u0153uvre \" width=\"960\" height=\"640\"\/><br \/>\n    L\u2019\u0153uvre \u00ab\u2009Lumina\u2009\u00bb a plu \u00e0 de nombreux visiteurs en ce premier soir de F\u00eate des Lumi\u00e8res. (\u00a9Th\u00e9o Zuili \/ actu Lyon)<\/p>\n<p class=\" wall-content\">\n<p class=\" wall-content\"><strong>19h05\u2009: La F\u00eate des Lumi\u00e8res d\u00e9bute sur la place des Terreaux<\/strong><\/p>\n<p class=\" wall-content\">La F\u00eate des Lumi\u00e8res 2025 officiellement lanc\u00e9e \u00e0 Lyon sur la place des Terreaux avec le mapping \u00ab\u2009Le lundi c\u2019est raviolis\u2009!\u2009\u00bb Le maire Gr\u00e9gory Doucet \u00ab\u2009aime cet humour d\u00e9cal\u00e9\u2009\u00bb de cette oeuvre qui rend hommage \u00e0 la gastronomie lyonnaise.<\/p>\n<p class=\" wall-content\">\n<p class=\" wall-content\">\n<p class=\" wall-content\"><strong>18h55\u2009: Les r\u00e9gisseurs s\u2019inqui\u00e8tent \u00e0 l\u2019entr\u00e9e du parc de la T\u00eate d\u2019Or<\/strong><\/p>\n<p class=\" wall-content\">Le premier show de drones d\u00e9bute dans quelques minutes et les premiers visiteurs sont d\u00e9j\u00e0 entr\u00e9s dans le parc de la T\u00eate d\u2019Or. Cependant, les r\u00e9gisseurs sont un peu d\u00e9pass\u00e9s par les \u00e9v\u00e9nements \u00e0 l\u2019entr\u00e9e du parc. Selon notre journaliste sur place, \u00ab\u2009ils vont proc\u00e9der \u00e0 des contr\u00f4les car de nombreuses personnes se sont vraisemblablement greff\u00e9es dans la file r\u00e9serv\u00e9e aux personnes \u00e0 mobilit\u00e9 r\u00e9duite\u2009\u00bb.<\/p>\n<p>    <img   decoding=\"async\" loading=\"lazy\" src=\"https:\/\/www.europesays.com\/fr\/wp-content\/uploads\/2025\/12\/tete-dor-entree-960x640.jpg\" alt=\"Les premiers visiteurs sont entr\u00e9s dans le parc de la T\u00eate d'Or.\" width=\"960\" height=\"640\"\/><br \/>\n    Les premiers visiteurs sont entr\u00e9s dans le parc de la T\u00eate d\u2019Or. (\u00a9Ludivine Caporal \/ actu Lyon)<\/p>\n<p class=\" wall-content\"><strong>18h50\u2009: La pr\u00e9f\u00e8te s\u2019exprime sur l\u2019immense queue en cours devant le parc de la T\u00eate d\u2019Or<\/strong><\/p>\n<p class=\" wall-content\">La pr\u00e9f\u00e8te de la r\u00e9gion Auvergne-Rh\u00f4ne-Alpes, Fabienne Buccio, s\u2019exprime sur l\u2019immense queue en cours devant le parc de la T\u00eate d\u2019Or et livre quelques conseils pour fluidifier l\u2019acc\u00e8s au parc.<\/p>\n<p class=\" wall-content\">\n<p class=\" wall-content\"><strong>18h45\u2009: Une belle foule s\u2019amasse devant la cath\u00e9drale Saint-Jean<\/strong><\/p>\n<p class=\" wall-content\">\u00c0 15\u00a0minutes du d\u00e9but des illuminations, une foule s\u2019est form\u00e9e sur le parvis de la cath\u00e9drale Saint-Jean, dans le Vieux-Lyon. Pour rappel, l\u2019\u0153uvre, intitul\u00e9e \u00ab\u2009Lumina\u2009\u00bb, va \u00ab\u2009virtuellement ouvrir la fa\u00e7ade de la cath\u00e9drale pour que les spectateurs puissent voir l\u2019int\u00e9rieur du b\u00e2timent\u2009\u00bb, explique son cr\u00e9ateur L\u00e1szl\u00f3 Zsolt Bordos.<\/p>\n<p>    <img   decoding=\"async\" loading=\"lazy\" src=\"https:\/\/www.europesays.com\/fr\/wp-content\/uploads\/2025\/12\/vieux-lyon-960x640.jpg\" alt=\"Une foule est d\u00e9j\u00e0 bien pr\u00e9sente devant la cath\u00e9drale Saint-Jean\" width=\"960\" height=\"640\"\/><br \/>\n    Une foule est d\u00e9j\u00e0 bien pr\u00e9sente devant la cath\u00e9drale Saint-Jean (\u00a9Th\u00e9o Zuili \/ actu Lyon)<\/p>\n<p class=\" wall-content\"><strong>18h30\u2009: La queue continue de s\u2019agrandir devant le parc de la T\u00eate d\u2019Or\u2009!<\/strong><\/p>\n<p class=\" wall-content\">D\u00e9cid\u00e9ment, c\u2019est l\u2019\u0153uvre que tout le monde a coch\u00e9 dans sa liste cette ann\u00e9e. \u00c0 30\u00a0minutes du premier spectacle de drones au parc de la T\u00eate d\u2019Or, la queue continue de s\u2019agrandir sur l\u2019avenue de Grande-Bretagne et d\u00e9borde m\u00eame jusqu\u2019aux quais\u2009!<\/p>\n<p class=\" wall-content\">Marie-Ange, arriv\u00e9e de Mont\u00e9limar, t\u00e9moigne\u2009: \u00ab\u2009On nous a conseill\u00e9 de venir ici, voir le spectacle de drones.\u2009\u00bb Face \u00e0 l\u2019immense foule qui ne cesse de prendre de l\u2019ampleur devant le parc, elle affirme \u00eatre \u00ab\u2009un peu d\u00e9motiv\u00e9e\u2009\u00bb.<\/p>\n<p class=\" wall-content\">\n<p class=\" wall-content\"><strong>18h20\u2009: Gr\u00e9gory Doucet et la pr\u00e9f\u00e8te se dirigent \u00e0 Cordeliers<\/strong><\/p>\n<p class=\" wall-content\">La d\u00e9l\u00e9gation poursuit son avanc\u00e9e. Le maire de Lyon et la pr\u00e9f\u00e8te de r\u00e9gion continuent d\u2019inspecter le dispositif de s\u00e9curit\u00e9 et se dirigent d\u00e9sormais vers le quartier des Cordeliers.<\/p>\n<p>    <img   decoding=\"async\" loading=\"lazy\" src=\"https:\/\/www.europesays.com\/fr\/wp-content\/uploads\/2025\/12\/doucet-buccio-960x640.jpg\" alt=\"Le maire de Lyon, Gr\u00e9gory Doucet, aux c\u00f4t\u00e9s de la pr\u00e9f\u00e8te de r\u00e9gion, Fabien Buccio, \u00e0 l'occasion de la pr\u00e9sentation du dispositif de s\u00e9curit\u00e9.\" width=\"960\" height=\"640\"\/><br \/>\n    Le maire de Lyon, Gr\u00e9gory Doucet, aux c\u00f4t\u00e9s de la pr\u00e9f\u00e8te de r\u00e9gion, Fabien Buccio, \u00e0 l\u2019occasion de la pr\u00e9sentation du dispositif de s\u00e9curit\u00e9. (\u00a9Anthony Soudani \/ actu Lyon)<\/p>\n<p class=\" wall-content\"><strong>18h15\u2009: Une queue immense est d\u00e9j\u00e0 visible devant le parc de la T\u00eate d\u2019Or\u2009!<\/strong><\/p>\n<p class=\" wall-content\">C\u2019est l\u2019une des grandes nouveaut\u00e9s et l\u2019une des \u0153uvres les plus attendues de cette \u00e9dition 2025\u2009: le spectacle de drones au parc de la T\u00eate d\u2019Or r\u00e9unit d\u00e9j\u00e0 les foules. Selon notre journaliste sur place, une queue s\u2019\u00e9tale d\u00e9j\u00e0 sur<strong> \u00ab\u2009plus d\u2019un kilom\u00e8tre\u2009\u00bb<\/strong> \u00e0 l\u2019entr\u00e9e du parc, et ce, pr\u00e8s d\u2019une heure avant le d\u00e9but du premier show.<\/p>\n<p class=\" wall-content\">\u00c9lodie et Delphine, rencontr\u00e9es dans la queue, sont surprises par la foule\u2009: \u00ab\u2009Pour l\u2019instant c\u2019est tol\u00e9rable, mais apr\u00e8s j\u2019avoue que si \u00e7a dure dix mille ans\u2026 On n\u2019a pas envie de devenir des gla\u00e7ons, d\u2019autant que demain on travaille.\u2009\u00bb<\/p>\n<p class=\" wall-content\">\n    <img   decoding=\"async\" loading=\"lazy\" src=\"https:\/\/www.europesays.com\/fr\/wp-content\/uploads\/2025\/12\/queue-tete-dor-960x640.jpg\" alt=\"Une queue immense s'est d\u00e9j\u00e0 form\u00e9e devant le parc de la T\u00eate d'or, une heure avant le d\u00e9but du spectacle de drones.\" width=\"960\" height=\"640\"\/><br \/>\n    Une queue immense s\u2019est d\u00e9j\u00e0 form\u00e9e devant le parc de la T\u00eate d\u2019or, une heure avant le d\u00e9but du spectacle de drones. (\u00a9Ludivine Caporal \/ actu Lyon)<br \/>\n    <img   decoding=\"async\" loading=\"lazy\" src=\"https:\/\/www.europesays.com\/fr\/wp-content\/uploads\/2025\/12\/queue-tete-dor-2-960x640.jpg\" alt=\"Une queue immense s'est d\u00e9j\u00e0 form\u00e9e devant le parc de la T\u00eate d'or, une heure avant le d\u00e9but du spectacle de drones.\" width=\"960\" height=\"640\"\/><br \/>\n    Une queue immense s\u2019est d\u00e9j\u00e0 form\u00e9e devant le parc de la T\u00eate d\u2019or, une heure avant le d\u00e9but du spectacle de drones. (\u00a9Ludivine Caporal \/ actu Lyon)<\/p>\n<p class=\" wall-content\"><strong>18h\u2009: La rue de la R\u00e9publique bond\u00e9e une heure avant le d\u00e9but des illuminations<\/strong><\/p>\n<p class=\" wall-content\">Les illuminations de la F\u00eate des Lumi\u00e8res d\u00e9marrent \u00e0 19h, mais la foule est d\u00e9j\u00e0 pr\u00e9sente dans les rues de Lyon, \u00e0 l\u2019image de la rue de la R\u00e9publique.<\/p>\n<p class=\" wall-content\">\n<p class=\" wall-content\"><strong>17h55\u2009: Aux c\u00f4t\u00e9s de Gr\u00e9gory Doucet, la pr\u00e9f\u00e8te de la r\u00e9gion inspecte le dispositif de s\u00e9curit\u00e9<\/strong><\/p>\n<p class=\" wall-content\">Comme \u00e0 chaque \u00e9dition, la pr\u00e9f\u00e8te de la r\u00e9gion Auvergne-Rh\u00f4ne-Alpes, Fabienne Buccio, commence \u00e0 inspecter le dispositif de s\u00e9curit\u00e9. Partie de la place Bellecour, la d\u00e9l\u00e9gation vient de rejoindre le maire de Lyon, Gr\u00e9gory Doucet, sur la place des C\u00e9lestins.<\/p>\n<p>    <img   decoding=\"async\" loading=\"lazy\" src=\"https:\/\/www.europesays.com\/fr\/wp-content\/uploads\/2025\/12\/doucet-fdl-960x640.jpg\" alt=\"Le maire de Lyon, Gr\u00e9gory Doucet, aux c\u00f4t\u00e9s de la pr\u00e9f\u00e8te de r\u00e9gion, Fabien Buccio, \u00e0 l'occasion de la pr\u00e9sentation du dispositif de s\u00e9curit\u00e9.\" width=\"960\" height=\"640\"\/><br \/>\n    Le maire de Lyon, Gr\u00e9gory Doucet, aux c\u00f4t\u00e9s de la pr\u00e9f\u00e8te de r\u00e9gion, Fabien Buccio, \u00e0 l\u2019occasion de la pr\u00e9sentation du dispositif de s\u00e9curit\u00e9. (\u00a9Anthony Soudani \/ Actu Lyon)<\/p>\n<p class=\" wall-content\"><strong>17h30\u2009: Premi\u00e8re \u0153uvre de la soir\u00e9e \u00e0 Villeurbanne<\/strong><\/p>\n<p class=\" wall-content\">Pour la premi\u00e8re fois, une \u0153uvre est \u00e0 voir \u00e0 Villeurbanne au P\u00f4le Pixel. L\u2019\u0153uvre \u00ab\u2009A Salty Protest V1\u2009\u00bb explore \u00ab\u2009la force politique et po\u00e9tique du geste collectif de r\u00e9sistance non-violente, et entre ainsi en r\u00e9sonance avec notre environnement g\u00e9opolitique imm\u00e9diat.\u2009\u00bb<\/p>\n<p class=\" wall-content\">Selon notre journaliste, \u00ab\u2009l\u2019essentiel de l\u2019\u0153uvre ce sont des hologrammes de personnes qui marchent et dansent, tout en noir et blanc avec une musique type classique\/op\u00e9ra glauque \u00e0 souhait. Un peu de jeu de lumi\u00e8res dans la salle mais tr\u00e8s peu.\u2009\u00bb Des personnes pr\u00e9sentes disent avoir appr\u00e9ci\u00e9.<\/p>\n<p>    <img   decoding=\"async\" loading=\"lazy\" src=\"https:\/\/www.europesays.com\/fr\/wp-content\/uploads\/2025\/12\/oeuvre-pole-pixel-villeurbanne-fete-des-lumieres-960x640.jpeg\" alt=\"L'oeuvre du P\u00f4le Pixel visible \u00e0 Villeurbanne.\" width=\"960\" height=\"640\"\/><br \/>\n    L\u2019oeuvre du P\u00f4le Pixel visible \u00e0 Villeurbanne. (\u00a9Ludivine Caporal\/ actu Lyon)<\/p>\n<p class=\" wall-content\"><strong>17h15\u2009: Gr\u00e9gory Doucet d\u00e9fend cette \u00e9dition malgr\u00e9 le budget moindre<\/strong><\/p>\n<p class=\" wall-content\">Le maire de Lyon a d\u00e9fendu jeudi une \u00e9dition \u00ab\u2009festive\u2009\u00bb malgr\u00e9 une coupe budg\u00e9taire municipale de 800\u2009000\u00a0euros. Il y a une dizaine d\u2019\u0153uvres en moins sur la programmation \u00e0 cause de restrictions budg\u00e9taires. L\u2019\u00e9lu assume ce choix critiqu\u00e9 par son opposition.<\/p>\n<p class=\" wall-content\">\u00ab\u2009On pense que cette ann\u00e9e, la fr\u00e9quentation sera plut\u00f4t bonne puisque les premiers chiffres qui nous sont remont\u00e9s en termes de r\u00e9servation h\u00f4teli\u00e8re, notamment, sont 22\u2009% au-del\u00e0 de ce que nous avions vu l\u2019ann\u00e9e derni\u00e8re\u2009\u00bb, a-t-il dit.<\/p>\n<p>    <img   decoding=\"async\" loading=\"lazy\" src=\"https:\/\/www.europesays.com\/fr\/wp-content\/uploads\/2025\/12\/a9cbee51-dfd5-312e-b205-ac41f707dd4b-960x640.jpeg\" alt=\"Le maire de Lyon Gr\u00e9gory Doucet \u00e0 la pr\u00e9sentation de la F\u00eate des Lumi\u00e8res 2025.\" width=\"960\" height=\"640\"\/><br \/>\n    Le maire de Lyon Gr\u00e9gory Doucet \u00e0 la pr\u00e9sentation de la F\u00eate des Lumi\u00e8res 2025. (\u00a9ALEX MARTIN \/ AFP)<\/p>\n<p class=\" wall-content\"><strong>17h\u2009: 23 \u0153uvres au total, notre carte pour pr\u00e9parer sa soir\u00e9e<\/strong><\/p>\n<p class=\" wall-content\">Pour cette \u00e9dition, 23 grandes \u0153uvres au total sont au programme, dont le spectacle de projections sur la basilique de Fourvi\u00e8re propos\u00e9 par la R\u00e9gion. Voici notre carte interactive pour pr\u00e9parer sa soir\u00e9e.<\/p>\n<p>    <a href=\"https:\/\/www.google.com\/maps\/d\/u\/0\/embed?mid=1jguEG35Pd_h8WoKsp305nUi1io5lzhs7&amp;ehbc=2E312F\" title=\"Ouvrie le lien\" target=\"_blank\" rel=\"noopener\">Cliquez ici pour visualiser le contenu<\/a><\/p>\n<p class=\" wall-content\">Personnalisez votre actualit\u00e9 en ajoutant vos villes et m\u00e9dias en favori avec <a href=\"https:\/\/moncompte.actu.fr\" title=\"D\u00e9couvez Mon Actu\" rel=\"nofollow noopener\" data-trk=\"{&quot;cta&quot;:{&quot;action&quot;:&quot;https:\\\/\\\/moncompte.actu.fr&quot;,&quot;category&quot;:&quot;mon compte&quot;,&quot;from&quot;:&quot;article footer&quot;,&quot;name&quot;:&quot;Mon actu&quot;,&quot;type&quot;:&quot;cta&quot;}}\" target=\"_blank\">Mon Actu<\/a>.<\/p>\n","protected":false},"excerpt":{"rendered":"Par R\u00e9daction Lyon Publi\u00e9 le 5 d\u00e9c. 2025 \u00e0 17h30 ; mis \u00e0 jour le 5 d\u00e9c. 2025&hellip;\n","protected":false},"author":2,"featured_media":581080,"comment_status":"","ping_status":"","sticky":false,"template":"","format":"standard","meta":{"footnotes":""},"categories":[1889],"tags":[1111,11,2430,1777,674,48837,1011,27,1652,2428,12,25],"class_list":{"0":"post-581079","1":"post","2":"type-post","3":"status-publish","4":"format-standard","5":"has-post-thumbnail","7":"category-lyon","8":"tag-actu","9":"tag-actualites","10":"tag-auvergne-rhone-alpes","11":"tag-eu","12":"tag-europe","13":"tag-fete-des-lumieres-de-lyon","14":"tag-fr","15":"tag-france","16":"tag-loisirs-culture","17":"tag-lyon","18":"tag-news","19":"tag-republique-francaise"},"share_on_mastodon":{"url":"https:\/\/pubeurope.com\/@fr\/115670015000994270","error":""},"_links":{"self":[{"href":"https:\/\/www.europesays.com\/fr\/wp-json\/wp\/v2\/posts\/581079","targetHints":{"allow":["GET"]}}],"collection":[{"href":"https:\/\/www.europesays.com\/fr\/wp-json\/wp\/v2\/posts"}],"about":[{"href":"https:\/\/www.europesays.com\/fr\/wp-json\/wp\/v2\/types\/post"}],"author":[{"embeddable":true,"href":"https:\/\/www.europesays.com\/fr\/wp-json\/wp\/v2\/users\/2"}],"replies":[{"embeddable":true,"href":"https:\/\/www.europesays.com\/fr\/wp-json\/wp\/v2\/comments?post=581079"}],"version-history":[{"count":0,"href":"https:\/\/www.europesays.com\/fr\/wp-json\/wp\/v2\/posts\/581079\/revisions"}],"wp:featuredmedia":[{"embeddable":true,"href":"https:\/\/www.europesays.com\/fr\/wp-json\/wp\/v2\/media\/581080"}],"wp:attachment":[{"href":"https:\/\/www.europesays.com\/fr\/wp-json\/wp\/v2\/media?parent=581079"}],"wp:term":[{"taxonomy":"category","embeddable":true,"href":"https:\/\/www.europesays.com\/fr\/wp-json\/wp\/v2\/categories?post=581079"},{"taxonomy":"post_tag","embeddable":true,"href":"https:\/\/www.europesays.com\/fr\/wp-json\/wp\/v2\/tags?post=581079"}],"curies":[{"name":"wp","href":"https:\/\/api.w.org\/{rel}","templated":true}]}}