{"id":581081,"date":"2025-12-06T01:23:22","date_gmt":"2025-12-06T01:23:22","guid":{"rendered":"https:\/\/www.europesays.com\/fr\/581081\/"},"modified":"2025-12-06T01:23:22","modified_gmt":"2025-12-06T01:23:22","slug":"plusieurs-interpellations-menees-le-premier-soir-de-la-fete-des-lumieres","status":"publish","type":"post","link":"https:\/\/www.europesays.com\/fr\/581081\/","title":{"rendered":"plusieurs interpellations men\u00e9es le premier soir de la F\u00eate des Lumi\u00e8res"},"content":{"rendered":"<p itemprop=\"description\"><strong>Ce vendredi soir, le coup d&rsquo;envoi de la F\u00eate des Lumi\u00e8res a \u00e9t\u00e9 donn\u00e9 \u00e0 Lyon.<\/strong><\/p>\n<p>Jusqu&rsquo;\u00e0 lundi, la Presqu&rsquo;\u00eele va \u00eatre prise d&rsquo;assaut par des centaines de milliers de Lyonnais et de visiteurs. Une aubaine pour des individus mal intentionn\u00e9s, contre lesquels un important dispositif de forces de l&rsquo;ordre a \u00e9t\u00e9 d\u00e9ploy\u00e9.<\/p>\n<p>Et ce dernier a prouv\u00e9 son efficacit\u00e9 d\u00e8s le premier soir de la F\u00eate des Lumi\u00e8res puisque cinq interpellations ont \u00e9t\u00e9 men\u00e9es selon nos informations.<\/p>\n<p>Dans le Vieux-Lyon, un pilote de drone r\u00e9alisant des images des illuminations a \u00e9t\u00e9 interpell\u00e9. Un appareil d\u00e9di\u00e9 \u00e0 la d\u00e9tection des drones a \u00e9t\u00e9 mis \u00e0 la disposition des policiers.<\/p>\n<p><img loading=\"lazy\" decoding=\"async\" style=\"display: block; margin-left: auto; margin-right: auto;\" src=\"https:\/\/www.europesays.com\/fr\/wp-content\/uploads\/2025\/12\/whatsapp-image-2025-12-05-at-20-46-59-18394.jpeg\" alt=\"\" width=\"600\" height=\"400\"\/><\/p>\n<p>Deux vendeurs \u00e0 la sauvette ont \u00e9t\u00e9 appr\u00e9hend\u00e9s rue de la R\u00e9publique.<\/p>\n<p>A noter enfin deux interpellations dans le secteur de la place Bellecour pour tentative de vol \u00e0 l&rsquo;arrach\u00e9.<\/p>\n","protected":false},"excerpt":{"rendered":"Ce vendredi soir, le coup d&rsquo;envoi de la F\u00eate des Lumi\u00e8res a \u00e9t\u00e9 donn\u00e9 \u00e0 Lyon. Jusqu&rsquo;\u00e0 lundi,&hellip;\n","protected":false},"author":2,"featured_media":581082,"comment_status":"","ping_status":"","sticky":false,"template":"","format":"standard","meta":{"footnotes":""},"categories":[1889],"tags":[1111,11,2813,2190,2430,1109,251,1112,2811,1777,674,118,1011,27,1922,1110,1114,2428,2810,12,241,316,25,2812,517,800],"class_list":{"0":"post-581081","1":"post","2":"type-post","3":"status-publish","4":"format-standard","5":"has-post-thumbnail","7":"category-lyon","8":"tag-actu","9":"tag-actualites","10":"tag-article","11":"tag-asvel","12":"tag-auvergne-rhone-alpes","13":"tag-breves","14":"tag-culture","15":"tag-depeches","16":"tag-economique","17":"tag-eu","18":"tag-europe","19":"tag-faits-divers","20":"tag-fr","21":"tag-france","22":"tag-info","23":"tag-informations","24":"tag-infos","25":"tag-lyon","26":"tag-lyonmag","27":"tag-news","28":"tag-ol","29":"tag-politique","30":"tag-republique-francaise","31":"tag-sociale","32":"tag-sport","33":"tag-transports"},"share_on_mastodon":{"url":"https:\/\/pubeurope.com\/@fr\/115670015427310424","error":""},"_links":{"self":[{"href":"https:\/\/www.europesays.com\/fr\/wp-json\/wp\/v2\/posts\/581081","targetHints":{"allow":["GET"]}}],"collection":[{"href":"https:\/\/www.europesays.com\/fr\/wp-json\/wp\/v2\/posts"}],"about":[{"href":"https:\/\/www.europesays.com\/fr\/wp-json\/wp\/v2\/types\/post"}],"author":[{"embeddable":true,"href":"https:\/\/www.europesays.com\/fr\/wp-json\/wp\/v2\/users\/2"}],"replies":[{"embeddable":true,"href":"https:\/\/www.europesays.com\/fr\/wp-json\/wp\/v2\/comments?post=581081"}],"version-history":[{"count":0,"href":"https:\/\/www.europesays.com\/fr\/wp-json\/wp\/v2\/posts\/581081\/revisions"}],"wp:featuredmedia":[{"embeddable":true,"href":"https:\/\/www.europesays.com\/fr\/wp-json\/wp\/v2\/media\/581082"}],"wp:attachment":[{"href":"https:\/\/www.europesays.com\/fr\/wp-json\/wp\/v2\/media?parent=581081"}],"wp:term":[{"taxonomy":"category","embeddable":true,"href":"https:\/\/www.europesays.com\/fr\/wp-json\/wp\/v2\/categories?post=581081"},{"taxonomy":"post_tag","embeddable":true,"href":"https:\/\/www.europesays.com\/fr\/wp-json\/wp\/v2\/tags?post=581081"}],"curies":[{"name":"wp","href":"https:\/\/api.w.org\/{rel}","templated":true}]}}