{"id":581091,"date":"2025-12-06T01:30:30","date_gmt":"2025-12-06T01:30:30","guid":{"rendered":"https:\/\/www.europesays.com\/fr\/581091\/"},"modified":"2025-12-06T01:30:30","modified_gmt":"2025-12-06T01:30:30","slug":"paris-et-pekin-reaffirment-leur-cooperation-sur-les-usages-pacifiques-du-nucleaire","status":"publish","type":"post","link":"https:\/\/www.europesays.com\/fr\/581091\/","title":{"rendered":"Paris et P\u00e9kin r\u00e9affirment leur coop\u00e9ration sur les usages pacifiques du nucl\u00e9aire"},"content":{"rendered":"<p>AA \/ Chicago \/ Ayse Betul Akcesme<\/p>\n<p>La France et la Chine ont r\u00e9affirm\u00e9 leur engagement \u00e0 renforcer leur coop\u00e9ration dans le domaine de l\u2019\u00e9nergie nucl\u00e9aire, soulignant le r\u00f4le essentiel du nucl\u00e9aire comme source d\u2019\u00e9nergie propre, fiable et \u00e0 faible \u00e9mission de carbone, selon un communiqu\u00e9 de l\u2019\u00c9lys\u00e9e publi\u00e9 vendredi.<\/p>\n<p>Les deux pays se sont f\u00e9licit\u00e9s de leurs collaborations industrielles et scientifiques existantes et ont convenu de poursuivre leurs \u00e9changes techniques sur les r\u00e9acteurs de troisi\u00e8me g\u00e9n\u00e9ration, la prolongation de la dur\u00e9e de vie des centrales, le d\u00e9mant\u00e8lement des centrales d\u00e9finitivement arr\u00eat\u00e9es et la gestion des d\u00e9chets radioactifs.<\/p>\n<p>Les deux parties se sont \u00e9galement engag\u00e9es \u00e0 d\u00e9velopper leur coop\u00e9ration en mati\u00e8re d\u2019innovation technologique.<\/p>\n<p>Elles \u00ab \u00e9tudieront la possibilit\u00e9 de mettre en place de nouveaux projets collaboratifs dans les domaines du d\u00e9veloppement de petits r\u00e9acteurs modulaires, de l&rsquo;application de la technologie de l&rsquo;intelligence artificielle, notamment via la digitalisation et l\u2019automatisation des processus de fabrication, et des applications pacifiques autres que la production d\u2019\u00e9lectricit\u00e9 \u00bb, pr\u00e9cise le communiqu\u00e9.<\/p>\n<p>Elles ont \u00e9galement soulign\u00e9 la n\u00e9cessit\u00e9 d\u2019une coop\u00e9ration dans des domaines tels que l\u2019approvisionnement en combustible nucl\u00e9aire, la fabrication d\u2019\u00e9quipements nucl\u00e9aires et la s\u00e9curit\u00e9 des ressources en uranium, rappelant leur volont\u00e9 commune d\u2019assurer une gestion s\u00fbre et durable du combustible us\u00e9 et des d\u00e9chets et de pr\u00e9server la stabilit\u00e9 et la r\u00e9silience de la cha\u00eene industrielle nucl\u00e9aire.<\/p>\n<p>Les deux parties ont r\u00e9affirm\u00e9 leur soutien au r\u00e9gime international de non-prolif\u00e9ration nucl\u00e9aire et au r\u00f4le central de l\u2019AIEA, ainsi que leur participation au projet international de fusion thermonucl\u00e9aire ITER.<\/p>\n<p>La d\u00e9claration indique enfin que la Chine a endoss\u00e9 la D\u00e9claration relative au triplement de la production mondiale d\u2019\u00e9nergie nucl\u00e9aire entre 2020 et 2050, une initiative soutenue par la France.<\/p>\n<p>                            &#13;<br \/>\n                                <a href=\"https:\/\/www.aa.com.tr\/fr\/p\/abonnement\/1001\" target=\"_blank\" style=\"font-size:12px; color:#444; text-decoration:none;\" rel=\"noopener\">&#13;<br \/>\n                                    Seulement une partie des d\u00e9p\u00eaches, que l&rsquo;Agence Anadolu diffuse \u00e0 ses abonn\u00e9s via le Syst\u00e8me de Diffusion interne (HAS), est diffus\u00e9e sur le site de l&rsquo;AA, de mani\u00e8re r\u00e9sum\u00e9e. <b style=\"color:#1897F7\">Contactez-nous s&rsquo;il vous pla\u00eet pour vous abonner.<\/b>&#13;<br \/>\n                                <\/a>&#13;<\/p>\n","protected":false},"excerpt":{"rendered":"AA \/ Chicago \/ Ayse Betul Akcesme La France et la Chine ont r\u00e9affirm\u00e9 leur engagement \u00e0 renforcer&hellip;\n","protected":false},"author":2,"featured_media":581092,"comment_status":"","ping_status":"","sticky":false,"template":"","format":"standard","meta":{"footnotes":""},"categories":[1888],"tags":[69485,11,1785,1777,674,1011,27,12,626,25],"class_list":{"0":"post-581091","1":"post","2":"type-post","3":"status-publish","4":"format-standard","5":"has-post-thumbnail","7":"category-paris","8":"tag-nergie-nuclaire","9":"tag-actualites","10":"tag-anadolu-ajansi","11":"tag-eu","12":"tag-europe","13":"tag-fr","14":"tag-france","15":"tag-news","16":"tag-paris","17":"tag-republique-francaise"},"share_on_mastodon":{"url":"https:\/\/pubeurope.com\/@fr\/115670038802131505","error":""},"_links":{"self":[{"href":"https:\/\/www.europesays.com\/fr\/wp-json\/wp\/v2\/posts\/581091","targetHints":{"allow":["GET"]}}],"collection":[{"href":"https:\/\/www.europesays.com\/fr\/wp-json\/wp\/v2\/posts"}],"about":[{"href":"https:\/\/www.europesays.com\/fr\/wp-json\/wp\/v2\/types\/post"}],"author":[{"embeddable":true,"href":"https:\/\/www.europesays.com\/fr\/wp-json\/wp\/v2\/users\/2"}],"replies":[{"embeddable":true,"href":"https:\/\/www.europesays.com\/fr\/wp-json\/wp\/v2\/comments?post=581091"}],"version-history":[{"count":0,"href":"https:\/\/www.europesays.com\/fr\/wp-json\/wp\/v2\/posts\/581091\/revisions"}],"wp:featuredmedia":[{"embeddable":true,"href":"https:\/\/www.europesays.com\/fr\/wp-json\/wp\/v2\/media\/581092"}],"wp:attachment":[{"href":"https:\/\/www.europesays.com\/fr\/wp-json\/wp\/v2\/media?parent=581091"}],"wp:term":[{"taxonomy":"category","embeddable":true,"href":"https:\/\/www.europesays.com\/fr\/wp-json\/wp\/v2\/categories?post=581091"},{"taxonomy":"post_tag","embeddable":true,"href":"https:\/\/www.europesays.com\/fr\/wp-json\/wp\/v2\/tags?post=581091"}],"curies":[{"name":"wp","href":"https:\/\/api.w.org\/{rel}","templated":true}]}}