{"id":581093,"date":"2025-12-06T01:32:14","date_gmt":"2025-12-06T01:32:14","guid":{"rendered":"https:\/\/www.europesays.com\/fr\/581093\/"},"modified":"2025-12-06T01:32:14","modified_gmt":"2025-12-06T01:32:14","slug":"avoirs-russes-geles-lepine-belge-dans-le-pied-de-lue","status":"publish","type":"post","link":"https:\/\/www.europesays.com\/fr\/581093\/","title":{"rendered":"Avoirs russes gel\u00e9s, l\u2019\u00e9pine belge dans le pied de l\u2019UE"},"content":{"rendered":"<p>    R\u00e9sum\u00e9 en 20 secondes<\/p>\n<p>        En savoir plus sur ce type de contenu<\/p>\n<p>Ce r\u00e9sum\u00e9 peut avoir \u00e9t\u00e9 \u00e9crit avec l&rsquo;assistance d\u2019une IA g\u00e9n\u00e9rative. <a href=\"https:\/\/www.letemps.ch\/cyber\/l-usage-de-l-ia-generative-par-les-journalistes-du-temps\" target=\"_blank\" rel=\"noopener\">En savoir plus<\/a><\/p>\n<p class=\"article__abstract-call-to-action\" data-ariato=\"TrackableElement\" data-trackable-element-type=\"article_abstract_cta\" data-trackable-element-location=\"article_header\" data-trackable-element-id=\"514238\">\n        <a data-event=\"click-&gt;clicked\" href=\"https:\/\/www.letemps.ch\/abonnements\" target=\"_blank\" rel=\"noopener\">Abonnez-vous<\/a> pour acc\u00e9der au r\u00e9sum\u00e9 en 20 secondes.\n      <\/p>\n<p>\u00abIl faut maintenir l\u2019effort de guerre en faveur de l\u2019Ukraine et accro\u00eetre la pression sur l\u2019\u00e9conomie russe!\u00bb Vendredi, le pr\u00e9sident fran\u00e7ais Emmanuel Macron a r\u00e9p\u00e9t\u00e9 son mantra depuis la Chine, alors que la m\u00e9fiance vis-\u00e0-vis du \u00abplan de paix am\u00e9ricain\u00bb grandit. Pression sur l\u2019\u00e9conomie russe? L\u2019immobilisation des avoirs russes en fait partie. Et l\u2019usage de ces fonds continue de faire l\u2019objet de vives discussions au sein de l\u2019UE. Ou plut\u00f4t, disons-le plus clairement, le premier ministre belge, Bart De\u00a0Wever, provoque des crispations alors que les Europ\u00e9ens esp\u00e8rent prendre une d\u00e9cision lors du prochain sommet des 27 chefs d\u2019Etat et de gouvernement de l\u2019UE, le 18\u00a0d\u00e9cembre \u00e0 Bruxelles.<\/p>\n<p>Au c\u0153ur des tensions: la proposition de la Commission europ\u00e9enne au sujet des fonds russes immobilis\u00e9s au sein de l\u2019UE depuis le d\u00e9but de la guerre en Ukraine. Vendredi, le chancelier allemand Friedrich Merz a annul\u00e9 un voyage pr\u00e9vu en Norv\u00e8ge pour filer \u00e0 Bruxelles et s\u2019entretenir dans la soir\u00e9e avec Bart De\u00a0Wever et la pr\u00e9sidente de la Commission, Ursula von\u00a0der\u00a0Leyen, \u00e0 ce sujet.<\/p>\n","protected":false},"excerpt":{"rendered":"R\u00e9sum\u00e9 en 20 secondes En savoir plus sur ce type de contenu Ce r\u00e9sum\u00e9 peut avoir \u00e9t\u00e9 \u00e9crit&hellip;\n","protected":false},"author":2,"featured_media":581094,"comment_status":"","ping_status":"","sticky":false,"template":"","format":"standard","meta":{"footnotes":""},"categories":[1591],"tags":[11,672,674,1887,12,301,1885,1886,132,656,220,364,135,134],"class_list":{"0":"post-581093","1":"post","2":"type-post","3":"status-publish","4":"format-standard","5":"has-post-thumbnail","7":"category-russie","8":"tag-actualites","9":"tag-allemagne","10":"tag-europe","11":"tag-federation-de-russie","12":"tag-news","13":"tag-premium","14":"tag-russia","15":"tag-russian-federation","16":"tag-russie","17":"tag-securite","18":"tag-ukraine","19":"tag-union-europeenne","20":"tag-vladimir-poutine","21":"tag-volodymyr-zelensky"},"share_on_mastodon":{"url":"https:\/\/pubeurope.com\/@fr\/115670046757279744","error":""},"_links":{"self":[{"href":"https:\/\/www.europesays.com\/fr\/wp-json\/wp\/v2\/posts\/581093","targetHints":{"allow":["GET"]}}],"collection":[{"href":"https:\/\/www.europesays.com\/fr\/wp-json\/wp\/v2\/posts"}],"about":[{"href":"https:\/\/www.europesays.com\/fr\/wp-json\/wp\/v2\/types\/post"}],"author":[{"embeddable":true,"href":"https:\/\/www.europesays.com\/fr\/wp-json\/wp\/v2\/users\/2"}],"replies":[{"embeddable":true,"href":"https:\/\/www.europesays.com\/fr\/wp-json\/wp\/v2\/comments?post=581093"}],"version-history":[{"count":0,"href":"https:\/\/www.europesays.com\/fr\/wp-json\/wp\/v2\/posts\/581093\/revisions"}],"wp:featuredmedia":[{"embeddable":true,"href":"https:\/\/www.europesays.com\/fr\/wp-json\/wp\/v2\/media\/581094"}],"wp:attachment":[{"href":"https:\/\/www.europesays.com\/fr\/wp-json\/wp\/v2\/media?parent=581093"}],"wp:term":[{"taxonomy":"category","embeddable":true,"href":"https:\/\/www.europesays.com\/fr\/wp-json\/wp\/v2\/categories?post=581093"},{"taxonomy":"post_tag","embeddable":true,"href":"https:\/\/www.europesays.com\/fr\/wp-json\/wp\/v2\/tags?post=581093"}],"curies":[{"name":"wp","href":"https:\/\/api.w.org\/{rel}","templated":true}]}}