{"id":581095,"date":"2025-12-06T01:33:15","date_gmt":"2025-12-06T01:33:15","guid":{"rendered":"https:\/\/www.europesays.com\/fr\/581095\/"},"modified":"2025-12-06T01:33:15","modified_gmt":"2025-12-06T01:33:15","slug":"en-punissant-moderement-x-bruxelles-preserve-lukraine","status":"publish","type":"post","link":"https:\/\/www.europesays.com\/fr\/581095\/","title":{"rendered":"En punissant mod\u00e9r\u00e9ment X, Bruxelles pr\u00e9serve l\u2019Ukraine"},"content":{"rendered":"<p>Si l&rsquo;Europe inflige r\u00e9guli\u00e8rement des amendes aux g\u00e9ants de la tech am\u00e9ricaine, l&rsquo;amende annonc\u00e9e vendredi 5\u00a0d\u00e9cembre est un \u00e9pisode majeur dans la guerre \u00e9conomique et politique que se livrent l&rsquo;UE et les \u00c9tats-Unis. La Commission europ\u00e9enne a en effet inflig\u00e9 <a class=\"Link\" href=\"https:\/\/ec.europa.eu\/commission\/presscorner\/detail\/fr\/ip_25_2934\" target=\"_blank\" title=\"\" data-gtm=\"click:capsule\" data-capsule=\"Lien\" rel=\"noopener\">une amende de 120\u00a0millions d&rsquo;euros<\/a> au r\u00e9seau social X (anciennement <a class=\"Link\" href=\"https:\/\/www.lepoint.fr\/tags\/twitter\" data-gtm=\"click:capsule\" data-capsule=\"Lien\" target=\"_blank\" rel=\"noopener\">Twitter<\/a>), propri\u00e9t\u00e9 d&rsquo;Elon Musk.<\/p>\n<p>Le point du soir<\/p>\n<p class=\"period\">Tous les soirs \u00e0 partir de 18h<\/p>\n<p>Recevez l\u2019information analys\u00e9e et d\u00e9crypt\u00e9e par la r\u00e9daction du Point.<\/p>\n<p>Merci !<br \/>Votre inscription a bien \u00e9t\u00e9 prise en compte avec l&rsquo;adresse email :<\/p>\n<p>Pour d\u00e9couvrir toutes nos autres newsletters, rendez-vous ici : <a href=\"https:\/\/moncompte.lepoint.fr\/\" title=\"\" target=\"_blank\" rel=\"noopener\">MonCompte<\/a><\/p>\n<p>En vous inscrivant, vous acceptez les <a href=\"https:\/\/www.lepoint.fr\/html\/cgu\/\" title=\"Conditions g\u00e9n\u00e9rales d&#039;utilisation\" target=\"_blank\" rel=\"noopener\">conditions g\u00e9n\u00e9rales d\u2019utilisations<\/a> et notre <a href=\"https:\/\/www.lepoint.fr\/html\/politique-de-protection-donnees-personnelles\/\" title=\"Politique de confidentialit\u00e9\" target=\"_blank\" rel=\"noopener\">politique de confidentialit\u00e9<\/a>.<\/p>\n<p>L&rsquo;ex\u00e9cutif europ\u00e9en a d\u00e9cid\u00e9 d&rsquo;activer, pour la premi\u00e8re fois, le volet r\u00e9pressif de son nouvel arsenal l\u00e9gislatif\u00a0: le r\u00e8glement sur les services num\u00e9riques, ou Digital Services Act (DSA), adopt\u00e9 fin 2022. X dispose d&rsquo;un d\u00e9lai de soixante jours pour se mettre en conformit\u00e9, sous peine de voir la facture s&rsquo;alourdir consid\u00e9rablement. Le DSA pr\u00e9voit en effet des amendes pouvant aller jusqu&rsquo;\u00e0 6\u00a0% du chiffre d&rsquo;affaires mondial de l&rsquo;entreprise en cas de r\u00e9cidive ou de refus d&rsquo;obtemp\u00e9rer.<\/p>\n<p>Selon nos informations, le cabinet de la pr\u00e9sidente de la Commission europ\u00e9enne, Ursula von der Leyen, aurait toutefois tenu \u00e0 limiter l&rsquo;amende, qui aurait pu d\u00e9passer les 200\u00a0millions d&rsquo;euros, dans la crainte d&rsquo;une vengeance de Donald Trump sur le dossier ukrainien. Bruxelles redoute en effet un abandon pur et simple de Kiev par Washington.<\/p>\n<p>Les \u00ab\u00a0coches bleues\u00a0\u00bb de la discorde<\/p>\n<p>L&rsquo;enqu\u00eate de l&rsquo;Union europ\u00e9enne a fait \u00e9merger trois griefs majeurs qui illustrent, selon Bruxelles, la d\u00e9rive de la plateforme X. Le premier, et sans doute le plus symbolique, concerne le c\u00e9l\u00e8bre syst\u00e8me de certification\u00a0: les coches bleues. Jadis gage d&rsquo;authenticit\u00e9 r\u00e9serv\u00e9 aux personnalit\u00e9s publiques et aux institutions v\u00e9rifi\u00e9es, ce badge est devenu, sous l&rsquo;\u00e8re Musk, un produit de consommation, accessible \u00e0 quiconque accepte de s&rsquo;abonner \u00e0 \u00ab\u00a0X Premium\u00a0\u00bb.<\/p>\n<p>\u00c0 LIRE AUSSI <strong class=\"strong\"><a href=\"https:\/\/www.lepoint.fr\/societe\/moderation-algorithme-desinformation-le-patron-de-x-france-repond-aux-critiques-01-02-2025-2581311_23.php\" title=\"Mod\u00e9ration, algorithme, d\u00e9sinformation\u00a0: le patron de X France r\u00e9pond aux critiques\" style=\"text-decoration: none; color: inherit;\" data-gtm=\"click:capsule\" data-capsule=\"\u00c0 lire aussi\" target=\"_blank\" rel=\"noopener\">Mod\u00e9ration, algorithme, d\u00e9sinformation\u00a0: le patron de X France r\u00e9pond aux critiques<\/a><\/strong>Pour la Commission europ\u00e9enne, cette pratique est \u00ab\u00a0trompeuse\u00a0\u00bb\u00a0: en transformant un outil de v\u00e9rification d&rsquo;identit\u00e9 en simple commodit\u00e9 payante, X a induit ses utilisateurs en erreur. Cette confusion favorise la manipulation de l&rsquo;opinion et les arnaques, des d\u00e9rives que le DSA a justement pour mission de combattre.<\/p>\n<p>L&rsquo;opacit\u00e9 publicitaire point\u00e9e du doigt<\/p>\n<p>Le deuxi\u00e8me pilier de la sanction concerne l&rsquo;opacit\u00e9 du syst\u00e8me publicitaire de X. Le DSA impose aux tr\u00e8s grandes plateformes de tenir un registre publicitaire ouvert, permettant \u00e0 quiconque de savoir qui finance une publicit\u00e9, quel est le message diffus\u00e9 et qui est cibl\u00e9. Or, l&rsquo;enqu\u00eate de la Commission a r\u00e9v\u00e9l\u00e9 que la base de donn\u00e9es fournie par X \u00e9tait truff\u00e9e de d\u00e9faillances.<\/p>\n<p>Barri\u00e8res d&rsquo;acc\u00e8s, moteur de recherche inefficace, donn\u00e9es incompl\u00e8tes\u00a0: tout semble avoir \u00e9t\u00e9 con\u00e7u pour d\u00e9courager la surveillance citoyenne et acad\u00e9mique. En somme, X a selon l&rsquo;UE failli \u00e0 son obligation de transparence, emp\u00eachant les chercheurs et les ONG de d\u00e9nicher les campagnes de d\u00e9sinformation ou les ing\u00e9rences \u00e9trang\u00e8res potentielles.\u00c0 LIRE AUSSI <strong class=\"strong\"><a href=\"https:\/\/www.lepoint.fr\/debats\/cancel-culture-trump-et-orbanisation-les-nouveaux-dangers-pour-la-liberte-d-expression-02-12-2025-2604605_2.php\" title=\" Libert\u00e9 d&#039;expression\u00a0: la vague autoritaire qui vient d&#039;Am\u00e9rique\" style=\"text-decoration: none; color: inherit;\" data-gtm=\"click:capsule\" data-capsule=\"\u00c0 lire aussi\" target=\"_blank\" rel=\"noopener\"> Libert\u00e9 d&rsquo;expression\u00a0: la vague autoritaire qui vient d&rsquo;Am\u00e9rique<\/a><\/strong><\/p>\n<p>C&rsquo;est d&rsquo;ailleurs le troisi\u00e8me point noir soulev\u00e9 par Bruxelles\u00a0: le blocage de l&rsquo;acc\u00e8s aux donn\u00e9es publiques pour les chercheurs. En restreignant l&rsquo;acc\u00e8s \u00e0 son interface de programmation (API) et en imposant des tarifs prohibitifs ou des conditions d&rsquo;acc\u00e8s dissuasives, Elon Musk a coup\u00e9 les ponts avec la communaut\u00e9 scientifique. Une attitude jug\u00e9e inacceptable par l&rsquo;UE, qui consid\u00e8re que la recherche ind\u00e9pendante est un garde-fou d\u00e9mocratique essentiel face \u00e0 la viralit\u00e9 des contenus haineux.<\/p>\n<p>Un signal politique fort<\/p>\n<p>Au-del\u00e0 du montant de l&rsquo;amende \u2013 120\u00a0millions d&rsquo;euros, une somme qui peut sembler d\u00e9risoire au regard de la fortune personnelle d&rsquo;Elon Musk, mais qui reste significative pour les finances fragiles de l&rsquo;entreprise \u2013 c&rsquo;est la port\u00e9e symbolique qui a \u00e9mu jusqu&rsquo;\u00e0 la Maison-Blanche. \u00ab\u00a0L&rsquo;UE devrait d\u00e9fendre la libert\u00e9 d&rsquo;expression au lieu de s&rsquo;en prendre \u00e0 des entreprises am\u00e9ricaines pour des foutaises\u00a0\u00bb, a tonn\u00e9 le vice-pr\u00e9sident am\u00e9ricain J.D. Vance dans un <a class=\"Link\" href=\"https:\/\/x.com\/JDVance\/status\/1996701953372704921\" target=\"_blank\" title=\"\" data-gtm=\"click:capsule\" data-capsule=\"Lien\">message sur X<\/a> salu\u00e9 par Elon Musk.<\/p>\n<p>Cette amende est un avertissement pour l&rsquo;ensemble de la Silicon Valley\u00a0: Bruxelles entend faire respecter son DSA, apr\u00e8s des ann\u00e9es de dialogue en esp\u00e9rant aboutir \u00e0 des mises en conformit\u00e9 volontaires. La sanction intervient dans un contexte de tensions g\u00e9opolitiques accrues autour de la r\u00e9gulation du num\u00e9rique. Alors que les \u00c9tats-Unis, sous l&rsquo;influence de l&rsquo;administration Trump, critiquent r\u00e9guli\u00e8rement \u00ab\u00a0l&rsquo;interventionnisme\u00a0\u00bb europ\u00e9en, Bruxelles r\u00e9affirme sa souverainet\u00e9 num\u00e9rique.La r\u00e9ponse de X attendue<\/p>\n<p>Pour l&rsquo;heure, la r\u00e9action d&rsquo;Elon Musk se fait attendre, mais elle ne devrait pas tarder \u00e0 fuser sur sa propre plateforme, probablement sous la forme de messages acerbes d\u00e9non\u00e7ant une atteinte \u00e0 la \u00ab\u00a0libert\u00e9 d&rsquo;expression\u00a0\u00bb. C&rsquo;est la ligne de d\u00e9fense habituelle du milliardaire\u00a0: pr\u00e9senter toute r\u00e9gulation comme une censure.<\/p>\n<p>\n\u00c0 D\u00e9couvrir<br \/>\n<strong class=\"discover-kangourou__line\"><br \/>\n<img decoding=\"async\" class=\"discover-kangourou__img\" src=\"https:\/\/static.lpnt.fr\/static\/img\/kangourou\/kangourou_filled.svg\"\/><br \/>\n<strong class=\"discover-kangourou__txt\"><br \/>\n<strong>Le Kangourou du jour<\/strong><br \/>\n<a href=\"https:\/\/kangourou.lepoint.fr\" title=\"kangourou\" data-gtm-cta=\"kangourou_article\" class=\"discover-kangourou__lnk\" target=\"_blank\" rel=\"noopener\"><br \/>\nR\u00e9pondre<br \/>\n<\/a><br \/>\n<\/strong><br \/>\n<\/strong><br \/>\nPourtant, la Commission insiste\u00a0: il ne s&rsquo;agit pas ici de mod\u00e9rer les propos, mais de garantir la transparence et la s\u00e9curit\u00e9 des utilisateurs. En sanctionnant le design trompeur et l&rsquo;opacit\u00e9, l&rsquo;Europe ne juge pas les opinions, mais la structure m\u00eame du service qui les v\u00e9hicule.<\/p>\n<p>Avec cette amende de 120\u00a0millions d&rsquo;euros, l&rsquo;Europe vient de siffler la fin de la r\u00e9cr\u00e9ation. Reste \u00e0 savoir si X choisira la voie de la conformit\u00e9 ou celle de l&rsquo;escalade judiciaire et politique. Une chose est s\u00fbre\u00a0: le 5\u00a0d\u00e9cembre\u00a02025\u00a0restera grav\u00e9 comme le jour o\u00f9 l&rsquo;Europe a pr\u00e9sent\u00e9 la facture \u00e0 Elon Musk.<\/p>\n<p>Toute l\u2019actualit\u00e9 \u00e0 1\u20ac le premier mois<\/p>\n<p><a href=\"https:\/\/abo.lepoint.fr\/?provenance=21EDI020098\" class=\"btn\" title=\"S&#039;abonner\" data-gtm=\"click:abo|display:abo\" data-campaign=\"paywall_maison\" target=\"_blank\" rel=\"noopener\">S&rsquo;abonner<\/a><\/p>\n<p>ou<\/p>\n","protected":false},"excerpt":{"rendered":"Si l&rsquo;Europe inflige r\u00e9guli\u00e8rement des amendes aux g\u00e9ants de la tech am\u00e9ricaine, l&rsquo;amende annonc\u00e9e vendredi 5\u00a0d\u00e9cembre est un&hellip;\n","protected":false},"author":2,"featured_media":581096,"comment_status":"","ping_status":"","sticky":false,"template":"","format":"standard","meta":{"footnotes":""},"categories":[1590],"tags":[11,46,73,1777,674,79,12,6814,220],"class_list":{"0":"post-581095","1":"post","2":"type-post","3":"status-publish","4":"format-standard","5":"has-post-thumbnail","7":"category-ukraine","8":"tag-actualites","9":"tag-elon-musk","10":"tag-etats-unis","11":"tag-eu","12":"tag-europe","13":"tag-j-d-vance","14":"tag-news","15":"tag-twitter","16":"tag-ukraine"},"share_on_mastodon":{"url":"https:\/\/pubeurope.com\/@fr\/115670051326982719","error":""},"_links":{"self":[{"href":"https:\/\/www.europesays.com\/fr\/wp-json\/wp\/v2\/posts\/581095","targetHints":{"allow":["GET"]}}],"collection":[{"href":"https:\/\/www.europesays.com\/fr\/wp-json\/wp\/v2\/posts"}],"about":[{"href":"https:\/\/www.europesays.com\/fr\/wp-json\/wp\/v2\/types\/post"}],"author":[{"embeddable":true,"href":"https:\/\/www.europesays.com\/fr\/wp-json\/wp\/v2\/users\/2"}],"replies":[{"embeddable":true,"href":"https:\/\/www.europesays.com\/fr\/wp-json\/wp\/v2\/comments?post=581095"}],"version-history":[{"count":0,"href":"https:\/\/www.europesays.com\/fr\/wp-json\/wp\/v2\/posts\/581095\/revisions"}],"wp:featuredmedia":[{"embeddable":true,"href":"https:\/\/www.europesays.com\/fr\/wp-json\/wp\/v2\/media\/581096"}],"wp:attachment":[{"href":"https:\/\/www.europesays.com\/fr\/wp-json\/wp\/v2\/media?parent=581095"}],"wp:term":[{"taxonomy":"category","embeddable":true,"href":"https:\/\/www.europesays.com\/fr\/wp-json\/wp\/v2\/categories?post=581095"},{"taxonomy":"post_tag","embeddable":true,"href":"https:\/\/www.europesays.com\/fr\/wp-json\/wp\/v2\/tags?post=581095"}],"curies":[{"name":"wp","href":"https:\/\/api.w.org\/{rel}","templated":true}]}}