{"id":581097,"date":"2025-12-06T01:34:11","date_gmt":"2025-12-06T01:34:11","guid":{"rendered":"https:\/\/www.europesays.com\/fr\/581097\/"},"modified":"2025-12-06T01:34:11","modified_gmt":"2025-12-06T01:34:11","slug":"un-juge-leve-le-secret-judiciaire-sur-le-dossier-epstein-en-floride","status":"publish","type":"post","link":"https:\/\/www.europesays.com\/fr\/581097\/","title":{"rendered":"un juge l\u00e8ve le secret judiciaire sur le dossier Epstein en Floride"},"content":{"rendered":"<p>\n    Cette d\u00e9cision inhabituelle de publication des t\u00e9moignages recueillis par un grand jury, dont la confidentialit\u00e9 est normalement tr\u00e8s prot\u00e9g\u00e9e, est due \u00e0 l\u2019adoption en novembre d\u2019une loi destin\u00e9e \u00e0 assurer la plus grande transparence sur l\u2019affaire Epstein.<\/p>\n<p class=\"fig-paragraph\">Un juge f\u00e9d\u00e9ral am\u00e9ricain a ordonn\u00e9 vendredi la lev\u00e9e du secret judiciaire sur la proc\u00e9dure contre le criminel sexuel\u00a0<a href=\"https:\/\/www.lefigaro.fr\/tag\/jeffrey-epstein\" target=\"_blank\" rel=\"sponsored noopener\" data-gtm-custom-categorie=\"navigation\" data-gtm-custom-action=\"crossclick\" data-gtm-custom-label=\"Contextuel\" data-gtm-event=\"customEventSPE\">Jeffrey Epstein<\/a>\u00a0en Floride, o\u00f9 il avait \u00e9t\u00e9 condamn\u00e9 en 2008 \u00e0 une peine de prison.<\/p>\n<p class=\"fig-paragraph\">Cette d\u00e9cision inhabituelle de publication des t\u00e9moignages recueillis par un grand jury, dont la confidentialit\u00e9 est normalement tr\u00e8s prot\u00e9g\u00e9e, est due \u00e0 l&rsquo;adoption en novembre d&rsquo;une loi destin\u00e9e \u00e0 assurer\u00a0<a href=\"http:\/\/www.lefigaro.fr\/international\/aux-etats-unis-l-onde-de-choc-des-dossiers-epstein-20251130\" target=\"_blank\" data-fig-type=\"Article\" rel=\"noopener\" data-gtm-custom-categorie=\"navigation\" data-gtm-custom-action=\"crossclick\" data-gtm-custom-label=\"Contextuel\" data-gtm-event=\"customEventSPE\" data-fig-domain=\"LEFIGARO\">la plus grande transparence sur l&rsquo;affaire Epstein<\/a>, a expliqu\u00e9 le juge dans sa d\u00e9cision.<\/p>\n<p>                                            <a class=\"fig-a11y-skip\" href=\"#fig-a11y-skip-main-inarticle\" data-module=\"a11y-skip\" data-context=\"was @visible\"><br \/>\n    Passer la publicit\u00e9<br \/>\n<\/a>            <\/p>\n<p class=\"fig-paragraph\">La loi fait obligation au minist\u00e8re de la Justice de rendre publics d&rsquo;ici le 19 d\u00e9cembre l&rsquo;int\u00e9gralit\u00e9 des documents non classifi\u00e9s en sa possession sur Jeffrey Epstein, sa complice\u00a0<a href=\"https:\/\/www.lefigaro.fr\/tag\/ghislaine-maxwell\" target=\"_blank\" rel=\"sponsored noopener\" data-gtm-custom-categorie=\"navigation\" data-gtm-custom-action=\"crossclick\" data-gtm-custom-label=\"Contextuel\" data-gtm-event=\"customEventSPE\">Ghislaine Maxwell<\/a>, qui purge une peine de vingt ans de prison, et toutes les personnes impliqu\u00e9es dans les proc\u00e9dures judiciaires. Il s&rsquo;agit notamment des documents sur les proc\u00e9dures qui ont conduit \u00e0 sa condamnation en 2008 en Floride \u00e0 un peu plus d&rsquo;un an de prison pour recours \u00e0 des prostitu\u00e9es mineures et racolage ou incitation au racolage, ainsi qu&rsquo;\u00e0 son inculpation f\u00e9d\u00e9rale \u00e0 New York pour des charges plus graves d&rsquo;exploitation sexuelle de mineures. De pr\u00e9c\u00e9dentes demandes du minist\u00e8re de la Justice de lev\u00e9e du secret sur ces documents avaient \u00e9t\u00e9 rejet\u00e9es.<\/p>\n<p>                                            La publication pour mettre fin aux th\u00e9ories du complot<\/p>\n<p class=\"fig-paragraph\">Le pr\u00e9sident Donald Trump, dans une nouvelle tentative d&rsquo;\u00e9teindre le feu couvant au sein de sa base Maga (\u00abMake America Great Again\u00bb, litt\u00e9ralement \u00abRendre sa grandeur \u00e0 l&rsquo;Am\u00e9rique\u00bb) sur ce dossier,\u00a0<a href=\"http:\/\/www.lefigaro.fr\/flash-actu\/donald-trump-annonce-avoir-signe-la-loi-pour-rendre-public-le-dossier-epstein-20251120\" target=\"_blank\" data-fig-type=\"NewsFlash\" rel=\"noopener\" data-gtm-custom-categorie=\"navigation\" data-gtm-custom-action=\"crossclick\" data-gtm-custom-label=\"Contextuel\" data-gtm-event=\"customEventSPE\" data-fig-domain=\"LEFIGARO\">avait express\u00e9ment donn\u00e9 instruction \u00e0 sa ministre de la Justice, Pam Bondi, de solliciter leur publication<\/a>.<\/p>\n<p class=\"fig-paragraph\">La mort de Jeffrey Epstein, retrouv\u00e9 pendu dans sa cellule \u00e0 New York le 10 ao\u00fbt 2019 avant son proc\u00e8s pour crimes sexuels, a aliment\u00e9 d&rsquo;innombrables th\u00e9ories du complot selon lesquelles il aurait \u00e9t\u00e9 assassin\u00e9 pour \u00e9touffer un scandale \u00e9claboussant des personnalit\u00e9s de premier plan.<\/p>\n<p class=\"fig-paragraph\">Donald Trump, qui pendant des mois a promis \u00e0 sa base des r\u00e9v\u00e9lations fracassantes sur ce dossier, subit un retour de flamme, y compris dans son propre camp, depuis que son gouvernement a annonc\u00e9 en juillet n&rsquo;avoir d\u00e9couvert aucun \u00e9l\u00e9ment nouveau qui justifierait la publication de documents suppl\u00e9mentaires.<\/p>\n","protected":false},"excerpt":{"rendered":"Cette d\u00e9cision inhabituelle de publication des t\u00e9moignages recueillis par un grand jury, dont la confidentialit\u00e9 est normalement tr\u00e8s&hellip;\n","protected":false},"author":2,"featured_media":581098,"comment_status":"","ping_status":"","sticky":false,"template":"","format":"standard","meta":{"footnotes":""},"categories":[1589],"tags":[11,14751,73,1866,12,1864,1865,1863,308],"class_list":{"0":"post-581097","1":"post","2":"type-post","3":"status-publish","4":"format-standard","5":"has-post-thumbnail","7":"category-etats-unis","8":"tag-actualites","9":"tag-affaire-epstein","10":"tag-etats-unis","11":"tag-etats-unis-damerique","12":"tag-news","13":"tag-united-states","14":"tag-united-states-of-america","15":"tag-us","16":"tag-usa"},"share_on_mastodon":{"url":"https:\/\/pubeurope.com\/@fr\/115670054650872102","error":""},"_links":{"self":[{"href":"https:\/\/www.europesays.com\/fr\/wp-json\/wp\/v2\/posts\/581097","targetHints":{"allow":["GET"]}}],"collection":[{"href":"https:\/\/www.europesays.com\/fr\/wp-json\/wp\/v2\/posts"}],"about":[{"href":"https:\/\/www.europesays.com\/fr\/wp-json\/wp\/v2\/types\/post"}],"author":[{"embeddable":true,"href":"https:\/\/www.europesays.com\/fr\/wp-json\/wp\/v2\/users\/2"}],"replies":[{"embeddable":true,"href":"https:\/\/www.europesays.com\/fr\/wp-json\/wp\/v2\/comments?post=581097"}],"version-history":[{"count":0,"href":"https:\/\/www.europesays.com\/fr\/wp-json\/wp\/v2\/posts\/581097\/revisions"}],"wp:featuredmedia":[{"embeddable":true,"href":"https:\/\/www.europesays.com\/fr\/wp-json\/wp\/v2\/media\/581098"}],"wp:attachment":[{"href":"https:\/\/www.europesays.com\/fr\/wp-json\/wp\/v2\/media?parent=581097"}],"wp:term":[{"taxonomy":"category","embeddable":true,"href":"https:\/\/www.europesays.com\/fr\/wp-json\/wp\/v2\/categories?post=581097"},{"taxonomy":"post_tag","embeddable":true,"href":"https:\/\/www.europesays.com\/fr\/wp-json\/wp\/v2\/tags?post=581097"}],"curies":[{"name":"wp","href":"https:\/\/api.w.org\/{rel}","templated":true}]}}