{"id":581101,"date":"2025-12-06T01:36:15","date_gmt":"2025-12-06T01:36:15","guid":{"rendered":"https:\/\/www.europesays.com\/fr\/581101\/"},"modified":"2025-12-06T01:36:15","modified_gmt":"2025-12-06T01:36:15","slug":"lallemagne-designee-pays-hote-de-leuro-feminin-2029","status":"publish","type":"post","link":"https:\/\/www.europesays.com\/fr\/581101\/","title":{"rendered":"L\u2019Allemagne d\u00e9sign\u00e9e pays h\u00f4te de l\u2019Euro f\u00e9minin 2029"},"content":{"rendered":"<p>L\u2019annonce a \u00e9t\u00e9 faite \u00e0 Nyon, en Suisse, par le pr\u00e9sident de l\u2019<a href=\"https:\/\/www.goldenpalacenews.be\/2025\/10\/12\/uefa-bientot-une-refonte-des-qualifications-de-leuro\/\" title=\"\" target=\"_blank\" rel=\"noopener\">UEFA<\/a> Aleksander Ceferin, \u00e0 l\u2019issue d\u2019une r\u00e9union du comit\u00e9 ex\u00e9cutif. Il a salu\u00e9 la qualit\u00e9 des trois projets, affirmant qu\u2019il \u00e9tait \u00ab d\u00e9chirant \u00bb de devoir \u00e9carter deux dossiers. L\u2019Allemagne a toutefois largement remport\u00e9 le vote\u00a0: 15 voix sur 17, contre deux pour le projet nordique, tandis que la Pologne n\u2019en a obtenu aucune.<\/p>\n<p>Un tournoi r\u00e9parti sur huit villes<\/p>\n<p>La phase finale r\u00e9unira 16 s\u00e9lections et se d\u00e9roulera dans huit stades r\u00e9partis dans tout le pays\u00a0: Cologne, Dortmund, D\u00fcsseldorf, Francfort, Hanovre, Leipzig, Munich et Wolfsburg.<br \/>L\u2019Allemagne accueille ainsi pour la troisi\u00e8me fois la comp\u00e9tition, apr\u00e8s 1989 \u2013 alors en Allemagne de l\u2019Ouest \u2013 et 2001, deux \u00e9ditions qu\u2019elle avait remport\u00e9es.<\/p>\n<p>Le pr\u00e9sident de la F\u00e9d\u00e9ration allemande de football (DFB), Bernd Neuendorf, a exprim\u00e9 sa satisfaction apr\u00e8s l\u2019annonce\u00a0: \u00ab C\u2019est l\u2019aboutissement d\u2019un long travail. Nous avons senti un soutien consid\u00e9rable tout au long de notre candidature. \u00bb<\/p>\n<p>Des retraits strat\u00e9giques et une comp\u00e9tition tr\u00e8s relev\u00e9e<\/p>\n<p>Le Portugal et l\u2019Italie, initialement candidats, s\u2019\u00e9taient retir\u00e9s pour concentrer leurs efforts sur des candidatures conjointes aux tournois masculins de 2030 et 2032.<\/p>\n<p>L\u2019Euro 2029 s\u2019annonce tr\u00e8s disput\u00e9, alors que l\u2019Angleterre, double tenante du titre apr\u00e8s sa victoire aux tirs au but face \u00e0 l\u2019Espagne en finale de l\u2019\u00e9dition 2025 en Suisse, visera un tripl\u00e9 in\u00e9dit. Jusqu\u2019ici, seule l\u2019Allemagne a r\u00e9ussi une telle s\u00e9rie, encha\u00eenant six sacres cons\u00e9cutifs entre 1995 et 2013.<\/p>\n<p><img fetchpriority=\"high\" decoding=\"async\" width=\"1024\" height=\"711\" src=\"https:\/\/www.europesays.com\/fr\/wp-content\/uploads\/2025\/12\/PHOTONEWS_11174701-124-1024x711.jpg\" alt=\"\" class=\"wp-image-21874\"  \/>\u00a9\u00a0Tomas Sisk\/Photo News<\/p>\n<p>La Coupe du monde, en attendant\u2026<\/p>\n<p>D\u2019ici le coup d\u2019envoi de cet Euro 2029, un autre grand rendez-vous attend le football f\u00e9minin\u00a0: la Coupe du monde 2027, organis\u00e9e au Br\u00e9sil.<\/p>\n<p>Les <a href=\"https:\/\/www.goldenpalacenews.be\/2025\/10\/28\/red-flames-en-nations-league-relegation-aux-lourdes-consequences\/\" title=\"\" target=\"_blank\" rel=\"noopener\">Red Flames<\/a> sont engag\u00e9es dans les qualifications pour ce Mondial, avec un parcours compliqu\u00e9, du fait de sa rel\u00e9gation en Ligue B lors de la r\u00e9cente Ligue des Nations.<\/p>\n<p>Dans le groupe B4, les Belges affronteront d\u2019abord l\u2019Ecosse, Isra\u00ebl et le Luxembourg. Les six matches se joueront entre f\u00e9vrier et juin 2026. Les trois premi\u00e8res de chaque groupe acc\u00e9deront ensuite aux barrages, disput\u00e9s en deux tours entre octobre et d\u00e9cembre 2026, avec sept places pour la Coupe du monde \u00e0 la cl\u00e9.<\/p>\n<p>Si les Red Flames remportent le groupe B4, elles seront t\u00eates de s\u00e9rie au premier tour et affronteront une \u00e9quipe class\u00e9e 2e ou 3e de Ligue B, avec un match retour en Belgique. Elles ne seront toutefois plus t\u00eates de s\u00e9rie au second tour. Parmi les huit vainqueurs du second tour, l\u2019\u00e9quipe la moins bien class\u00e9e devra passer par les barrages intercontinentaux en f\u00e9vrier 2027, tandis que les sept autres seront qualifi\u00e9es pour le Mondial br\u00e9silien.<\/p>\n","protected":false},"excerpt":{"rendered":"L\u2019annonce a \u00e9t\u00e9 faite \u00e0 Nyon, en Suisse, par le pr\u00e9sident de l\u2019UEFA Aleksander Ceferin, \u00e0 l\u2019issue d\u2019une&hellip;\n","protected":false},"author":2,"featured_media":451362,"comment_status":"","ping_status":"","sticky":false,"template":"","format":"standard","meta":{"footnotes":""},"categories":[1587],"tags":[11,672,1804,1805,1803,1777,674,1801,12,1802],"class_list":{"0":"post-581101","1":"post","2":"type-post","3":"status-publish","4":"format-standard","5":"has-post-thumbnail","7":"category-allemagne","8":"tag-actualites","9":"tag-allemagne","10":"tag-bundesrepublik-deutschland","11":"tag-de","12":"tag-deutschland","13":"tag-eu","14":"tag-europe","15":"tag-germany","16":"tag-news","17":"tag-republique-federale-dallemagne"},"share_on_mastodon":{"url":"https:\/\/pubeurope.com\/@fr\/115670063097129504","error":""},"_links":{"self":[{"href":"https:\/\/www.europesays.com\/fr\/wp-json\/wp\/v2\/posts\/581101","targetHints":{"allow":["GET"]}}],"collection":[{"href":"https:\/\/www.europesays.com\/fr\/wp-json\/wp\/v2\/posts"}],"about":[{"href":"https:\/\/www.europesays.com\/fr\/wp-json\/wp\/v2\/types\/post"}],"author":[{"embeddable":true,"href":"https:\/\/www.europesays.com\/fr\/wp-json\/wp\/v2\/users\/2"}],"replies":[{"embeddable":true,"href":"https:\/\/www.europesays.com\/fr\/wp-json\/wp\/v2\/comments?post=581101"}],"version-history":[{"count":0,"href":"https:\/\/www.europesays.com\/fr\/wp-json\/wp\/v2\/posts\/581101\/revisions"}],"wp:featuredmedia":[{"embeddable":true,"href":"https:\/\/www.europesays.com\/fr\/wp-json\/wp\/v2\/media\/451362"}],"wp:attachment":[{"href":"https:\/\/www.europesays.com\/fr\/wp-json\/wp\/v2\/media?parent=581101"}],"wp:term":[{"taxonomy":"category","embeddable":true,"href":"https:\/\/www.europesays.com\/fr\/wp-json\/wp\/v2\/categories?post=581101"},{"taxonomy":"post_tag","embeddable":true,"href":"https:\/\/www.europesays.com\/fr\/wp-json\/wp\/v2\/tags?post=581101"}],"curies":[{"name":"wp","href":"https:\/\/api.w.org\/{rel}","templated":true}]}}