{"id":581106,"date":"2025-12-06T01:39:16","date_gmt":"2025-12-06T01:39:16","guid":{"rendered":"https:\/\/www.europesays.com\/fr\/581106\/"},"modified":"2025-12-06T01:39:16","modified_gmt":"2025-12-06T01:39:16","slug":"pro-d2-vannes-etrille-carcassonne-et-renforce-son-statut-de-leader-de-pro-d2","status":"publish","type":"post","link":"https:\/\/www.europesays.com\/fr\/581106\/","title":{"rendered":"Pro D2 \u2013 Vannes \u00e9trille Carcassonne et renforce son statut de leader de Pro D2"},"content":{"rendered":"<p>\n                Le RC Vannetais aura mis 40 minutes pour faire plier la lanterne rouge mais au terme d\u2019une seconde p\u00e9riode domin\u00e9e de la t\u00eate et des \u00e9paules, les Morbihannais ont pris le large pour s\u2019imposer 52 \u00e0 15 sur la pelouse d\u2019une \u00e9quipe de Carcassonne vaillante mais d\u00e9pass\u00e9e.\n            <\/p>\n<p>31 points et un monde s\u00e9paraient l\u2019US Carcassonnaise et le RC Vannetais \u00e0 l\u2019entame de cette 13e journ\u00e9e de Pro D2. On ne pouvait pas faire plus oppos\u00e9s puisque les Bretons, rel\u00e9gu\u00e9s de Top 14 et leader du classement se d\u00e9pla\u00e7aient sur la pelouse de la lanterne rouge, promue de Nationale 1. Sur le papier, un avantage net en faveur des Morbihannais \u00e9tait donc \u00e0 prendre en compte. <a href=\"https:\/\/www.rugbyrama.fr\/resultats\/rugby\/pro-d2\/phase-reguliere\/rencontre\/55639\/carcassonne-vannes\/direct\" target=\"_self\" rel=\"noopener\">80 minutes plus tard<\/a>, la logique des choses \u00e9tait respect\u00e9e\u00a0mais dans le d\u00e9roul\u00e9\u00a0de la rencontre, tout n\u2019a pas \u00e9t\u00e9 clair comme de l\u2019eau de roche pour les Vannetais.<\/p>\n<p>Carcassonne prend les commandes<\/p>\n<p>Pour une surprise, c\u2019\u00e9tait une surprise\u00a0! Au moment de regagner les vestiaires, les Audois \u00e9taient bel et bien en t\u00eate au tableau d\u2019affichage et ce malgr\u00e9 deux cartons jaunes re\u00e7us et les assauts morbihannais. Il faut dire que les visiteurs ont eu du mal \u00e0 se mettre dans cette partie. Un en-avant d\u00e8s la r\u00e9ception du coup d\u2019envoi puis la blessure par KO et l\u2019\u00e9vacuation de Surano \u00e0 la 9e minute de jeu n\u2019ont pas inspir\u00e9 les hommes de\u00a0Jean-No\u00ebl Spitzer. Ce dernier s\u2019aga\u00e7ait m\u00eame l\u00e9g\u00e8rement en voyant son \u00e9quipe conc\u00e9der le premier essai du match (13e, Gadea) alors que l\u2019USC jouait en inf\u00e9riorit\u00e9 num\u00e9rique (8\/3). N\u00e9anmoins, l\u2019ex pensionnaire de Top 14 parvenait \u00e0 r\u00e9agir gr\u00e2ce \u00e0 un essai en force de Pedemonte (18e, 8\/10) mais dans le jeu, les rouages semblaient gripp\u00e9s. Les fautes de main et la d\u00e9fense combative de Carcassonne mettaient en doute les Bretons qui se faisaient m\u00eame prendre \u00e0 nouveau \u00e0 revers \u00e0 la sortie d\u2019une m\u00eal\u00e9e. Lopeti Timani, en force, relevait le ballon et redonnait l\u2019avantage \u00e0 son \u00e9quipe (29e, 15\/10). Symbole d\u2019un RCV peu inspir\u00e9, De Benedittis concluait la premi\u00e8re p\u00e9riode dans l\u2019en-but du club local mais dans l\u2019incapacit\u00e9 d\u2019aplatir le ballon.<\/p>\n<p>Vannes remet les pendules \u00e0 l\u2019heure<\/p>\n<p>R\u00e9duits \u00e0 14 pour le d\u00e9but de la seconde p\u00e9riode, les Carcassonnais pensaient surfer sur la bonne dynamique initi\u00e9e en premi\u00e8re p\u00e9riode. Que nenni\u00a0! Pris \u00e0 la gorge, les hommes de la cit\u00e9 m\u00e9di\u00e9vale prenaient uppercut sur uppercut de la part de Vannetais plus tranchants. L\u2019essai de Schonert d\u00e8s la 42e ouvrait le bal. <strong>Entre la 40e et la 72e minute de jeu, Vannes inscrivit 6 essais<\/strong>, coulant l\u2019USC. Pour faire simple, Schonert s\u2019est offert un doubl\u00e9, Taccola un tripl\u00e9 et <strong>Benmegal <\/strong>a peut-\u00eatre inscrit l\u2019un des plus beaux essais de la saison avec un rush de 60 m\u00e8tres \u00e0 pleine vitesse et battant 4 d\u00e9fenseurs au passage. Au coup de sifflet final, le score \u00e9tait donc de 52 \u00e0 15 pour les Bretons qui confirmaient leur statut de solide leader et de grandissime favori \u00e0 la mont\u00e9e en Top 14.<\/p>\n<p>Bilan comptable et moral<\/p>\n<p>Cette rencontre confirme l\u2019excellente forme de l\u2019\u00e9quipe de\u00a0Jean-No\u00ebl Spitzer qui, journ\u00e9e apr\u00e8s journ\u00e9e, consolide sa position au sommet de la hi\u00e9rarchie. Malgr\u00e9 une premi\u00e8re p\u00e9riode timide, les Bretons ont su se remettre dans le droit chemin pour finalement d\u00e9crocher un large succ\u00e8s bonifi\u00e9. Ces cinq points portent le compteur \u00e0 49 unit\u00e9s, soit six de plus que leur dauphin, Valence Romans.<\/p>\n<p>\u00c0 l\u2019extr\u00eame oppos\u00e9e, les joueurs de\u00a0Bernard Goutta ont pris un coup au moral. Certes, ces deux \u00e9quipes ne boxent pas dans la m\u00eame cat\u00e9gorie mais en menant 15\/10 \u00e0 la pause, les Carcassonnais nourrissaient de vrais espoirs finalement balay\u00e9s par une seconde p\u00e9riode totalement manqu\u00e9e. La prochaine \u00e9ch\u00e9ance sera \u00e9galement compliqu\u00e9e puisque l\u2019USC va se d\u00e9placer sur la pelouse de Brive. En attente, les Audois sont toujours derniers de Pro D2 avec 13 unit\u00e9s, soit une de moins que Mont de Marsan (15e) et sept de moins que B\u00e9ziers (14e).<\/p>\n","protected":false},"excerpt":{"rendered":"Le RC Vannetais aura mis 40 minutes pour faire plier la lanterne rouge mais au terme d\u2019une seconde&hellip;\n","protected":false},"author":2,"featured_media":581107,"comment_status":"","ping_status":"","sticky":false,"template":"","format":"standard","meta":{"footnotes":""},"categories":[2],"tags":[11,1011,27,12,2308,25,68796],"class_list":{"0":"post-581106","1":"post","2":"type-post","3":"status-publish","4":"format-standard","5":"has-post-thumbnail","7":"category-actualites","8":"tag-actualites","9":"tag-fr","10":"tag-france","11":"tag-news","12":"tag-pro-d2","13":"tag-republique-francaise","14":"tag-rugby-u00e0-xv"},"share_on_mastodon":{"url":"https:\/\/pubeurope.com\/@fr\/115670074365969319","error":""},"_links":{"self":[{"href":"https:\/\/www.europesays.com\/fr\/wp-json\/wp\/v2\/posts\/581106","targetHints":{"allow":["GET"]}}],"collection":[{"href":"https:\/\/www.europesays.com\/fr\/wp-json\/wp\/v2\/posts"}],"about":[{"href":"https:\/\/www.europesays.com\/fr\/wp-json\/wp\/v2\/types\/post"}],"author":[{"embeddable":true,"href":"https:\/\/www.europesays.com\/fr\/wp-json\/wp\/v2\/users\/2"}],"replies":[{"embeddable":true,"href":"https:\/\/www.europesays.com\/fr\/wp-json\/wp\/v2\/comments?post=581106"}],"version-history":[{"count":0,"href":"https:\/\/www.europesays.com\/fr\/wp-json\/wp\/v2\/posts\/581106\/revisions"}],"wp:featuredmedia":[{"embeddable":true,"href":"https:\/\/www.europesays.com\/fr\/wp-json\/wp\/v2\/media\/581107"}],"wp:attachment":[{"href":"https:\/\/www.europesays.com\/fr\/wp-json\/wp\/v2\/media?parent=581106"}],"wp:term":[{"taxonomy":"category","embeddable":true,"href":"https:\/\/www.europesays.com\/fr\/wp-json\/wp\/v2\/categories?post=581106"},{"taxonomy":"post_tag","embeddable":true,"href":"https:\/\/www.europesays.com\/fr\/wp-json\/wp\/v2\/tags?post=581106"}],"curies":[{"name":"wp","href":"https:\/\/api.w.org\/{rel}","templated":true}]}}