{"id":581114,"date":"2025-12-06T01:45:21","date_gmt":"2025-12-06T01:45:21","guid":{"rendered":"https:\/\/www.europesays.com\/fr\/581114\/"},"modified":"2025-12-06T01:45:21","modified_gmt":"2025-12-06T01:45:21","slug":"voici-les-nouveautes-pour-ledition-2026","status":"publish","type":"post","link":"https:\/\/www.europesays.com\/fr\/581114\/","title":{"rendered":"voici les nouveaut\u00e9s pour l\u2019\u00e9dition 2026"},"content":{"rendered":"\n<p>       \u2013   <\/p>\n<p>  Tennis au parc des Eaux-Vives: le Gonet Geneva Open innove <\/p>\n<p class=\"lead regular externalicon-big astro-mrojhlls\"> \u00c0 l\u2019occasion de l\u20190uverture de la billetterie, voici les offres en vue du tournoi pr\u00e9vu en mai prochain.    <\/p>\n<p>   <img loading=\"lazy\" decoding=\"async\" src=\"https:\/\/www.europesays.com\/fr\/wp-content\/uploads\/2025\/12\/56vC_5j8azZ9wSL2v5_JF3.jpg\"  width=\"100\" height=\"100\"  alt=\"Fedele Mendicino\" class=\"AuthorImage -content-head authorimage astro-vmrqen7w astro-g7nkasli\" style=\"background-color:#7D7D7D\"\/>        Publi\u00e9: 05.12.2025, 12h18                   <img decoding=\"async\" loading=\"eager\" fetchpriority=\"high\" src=\"https:\/\/www.europesays.com\/fr\/wp-content\/uploads\/2025\/12\/7lFaIIxvagH8A9BFcBkzTw.jpg\" data-image-url=\"https:\/\/www.europesays.com\/fr\/wp-content\/uploads\/2025\/12\/7lFaIIxvagH8A9BFcBkzTw.jpg\" alt=\"Vue g\u00e9n\u00e9rale sur le court central pendant le match du premier tour entre Yannick Hanfmann et Andy Murray au Geneva Open 2024, avec un public nombreux, le 20 mai 2024 au Tennis Club de Gen\u00e8ve Eaux-Vives.\" title=\"Vue g\u00e9n\u00e9rale sur le court central pendant le match du premier tour entre Yannick Hanfmann et Andy Murray au Geneva Open 2024, avec un public nombreux, le 20 mai 2024 au Tennis Club de Gen\u00e8ve Eaux-Vives.\" class=\"ResponsiveImage responsive-image astro-lrzy7jfn\" style=\"background-color:#4A4436\" onload=\"this.style.backgroundColor = &quot;transparent&quot;\"\/>         <\/p>\n<p>Vue g\u00e9n\u00e9rale sur le court central, pendant le match du premier tour entre l&rsquo;Allemand Yannick Hanfmann et l&rsquo;\u00c9cossais Andy Murray, durant le Geneva Open 2024. <\/p>\n<p>BASTIEN GALLAY\/GALLAYPHOTO<\/p>\n<p>        Abonnez-vous d\u00e8s maintenant et profitez de la fonction de lecture audio. <\/p>\n<p>  S&rsquo;abonner   Se connecter  <\/p>\n<p>    <a href=\"https:\/\/bottalk.io\/\" class=\"bottalklink astro-5ez2hx6t\" target=\"_blank\" rel=\"noreferrer noopener\"> BotTalk <\/a>         <strong class=\"title astro-drgxelou\">En bref:<\/strong> <\/p>\n<ul class=\"list astro-drgxelou\" data-is-full-list=\"true\">\n<li class=\"astro-drgxelou\">Le tournoi propose des sessions doubles du 18 au 21\u00a0mai 2026.<\/li>\n<li class=\"astro-drgxelou\">Le public peut choisir entre matches en journ\u00e9e ou en soir\u00e9e.<\/li>\n<li class=\"astro-drgxelou\">Les abonnements pour la semaine compl\u00e8te restent disponibles \u00e0 la vente.<\/li>\n<li class=\"astro-drgxelou\">Une r\u00e9duction de 20% est offerte jusqu\u2019au 31\u00a0d\u00e9cembre.<\/li>\n<\/ul>\n<p class=\"articleParagraph externalicon-big focus _content-width article-element astro-g2qwsodm astro-hwk6bfo3\">Nouveaut\u00e9 en vue pour l\u2019\u00e9dition 2026 du  <a class=\" astro-hwk6bfo3\" target=\"_blank\" rel=\"noopener noreferrer\" href=\"https:\/\/gonetgenevaopen.com\/programme\/\" data-article-link=\"https:\/\/gonetgenevaopen.com\/programme\/\"> Gonet Geneva Open <\/a>. Pour r\u00e9pondre au succ\u00e8s populaire rencontr\u00e9 ces derni\u00e8res ann\u00e9es, l\u2019unique tournoi ATP organis\u00e9 en Suisse romande proposera des doubles sessions pour la manifestation qui se d\u00e9roulera du 16 au 23\u00a0mai au parc des Eaux-Vives. <\/p>\n<p class=\"articleParagraph externalicon-big focus _content-width article-element astro-g2qwsodm astro-hwk6bfo3\">La billetterie a ouvert ce jeudi, pr\u00e9cise le comit\u00e9 d\u2019organisation. Du lundi\u00a018 au jeudi\u00a021\u00a0mai, trois possibilit\u00e9s seront offertes au public: des billets pour les matches en journ\u00e9e, des billets pour les matches en soir\u00e9e et bien \u00e9videmment des billets \u00abduos\u00bb pour suivre toutes les rencontres. <\/p>\n<p class=\"articleParagraph externalicon-big focus _content-width article-element astro-g2qwsodm astro-hwk6bfo3\">Une nouvelle grille qui offrira aux fans de tennis une plus grande flexibilit\u00e9, ajoute le communiqu\u00e9: \u00abLes abonnements pour l\u2019ensemble de la semaine sont toujours mis en vente.\u00bb <\/p>\n<p>  Des l\u00e9gendes <\/p>\n<p class=\"articleParagraph externalicon-big focus _content-width article-element astro-g2qwsodm astro-hwk6bfo3\">Par ailleurs, la promotion \u00abEarly Bird\u00bb a \u00e9t\u00e9 reconduite. Elle offre jusqu\u2019au 31\u00a0d\u00e9cembre 2025 un rabais de 20% sur une s\u00e9lection de places. <\/p>\n<p class=\"articleParagraph externalicon-big focus _content-width article-element astro-g2qwsodm astro-hwk6bfo3\">Depuis 2015, le  <a class=\"noExternalIcon astro-hwk6bfo3\" target=\"_self\" href=\"https:\/\/www.tdg.ch\/tennis-pourquoi-le-gonet-geneva-open-nambitionne-pas-de-grandir-plus-196561447344\" data-article-link=\"https:\/\/www.tdg.ch\/tennis-pourquoi-le-gonet-geneva-open-nambitionne-pas-de-grandir-plus-196561447344\" rel=\"noopener\"> Gonet Geneva Open <\/a> a attir\u00e9 sur les courts du TC Gen\u00e8ve quelques-uns des plus grands champions de l\u2019histoire, Roger Federer, Novak Djokovic, vainqueur de l\u2019\u00e9dition 2025 du tournoi, Andy Murray et Stan Wawrinka. <\/p>\n<p class=\"boxtitle astro-42aj3uwb astro-hwk6bfo3\">Tournoi incontournable depuis 2015 <\/p>\n<p>        Newsletter   <\/p>\n<p>\u00abDerni\u00e8res nouvelles\u00bb<\/p>\n<p> Vous voulez rester au top de l\u2019info? \u00abTribune de Gen\u00e8ve\u00bb vous propose deux rendez-vous par jour, directement dans votre bo\u00eete e-mail. Pour ne rien rater de ce qui se passe dans votre canton, en Suisse ou dans le monde. <\/p>\n<p class=\"astro-cztuaoj5\"> <a class=\"more astro-cztuaoj5\" href=\"https:\/\/www.tdg.ch\/nos-newsletters\" target=\"_blank\" rel=\"noopener\"> Autres newsletters <\/a> <\/p>\n<p>     Se connecter             <strong>Fedele Mendicino<\/strong> est journaliste \u00e0 la rubrique genevoise depuis 2002. Il couvre en particulier les faits divers et l&rsquo;actualit\u00e9 judiciaire.    <a href=\"https:\/\/www.tdg.ch\/author\/76450341\/fedele-mendicino\" class=\"moreinfo _underlinelink astro-pukeoetg\" target=\"_blank\" rel=\"noopener\"> Plus d&rsquo;infos <\/a>  <a href=\"https:\/\/twitter.com\/mendicinof\" class=\"astro-pukeoetg\" target=\"_blank\" rel=\"noopener\">  @MendicinoF <\/a>   <\/p>\n<p class=\"Feedback content-width astro-kvtdmsee\"> Vous avez trouv\u00e9 une erreur? <a href=\"https:\/\/www.tdg.ch\/mailto:tes_correction@tamedia.ch?subject=Avis%20d\" erreur=\"\" class=\"feedbacklink _underlinelink astro-kvtdmsee\" target=\"_blank\" rel=\"noopener\"> Merci de nous la signaler. <\/a> <\/p>\n<p>Vue g\u00e9n\u00e9rale sur le court central, pendant le match du premier tour entre l&rsquo;Allemand Yannick Hanfmann et l&rsquo;\u00c9cossais Andy Murray, durant le Geneva Open 2024. <\/p>\n<p>BASTIEN GALLAY\/GALLAYPHOTO<\/p>\n<p>                       <script async src=\"https:\/\/platform.twitter.com\/widgets.js\" charset=\"utf-8\"><\/script><\/p>\n","protected":false},"excerpt":{"rendered":"\u2013 Tennis au parc des Eaux-Vives: le Gonet Geneva Open innove \u00c0 l\u2019occasion de l\u20190uverture de la billetterie,&hellip;\n","protected":false},"author":2,"featured_media":581115,"comment_status":"","ping_status":"","sticky":false,"template":"","format":"standard","meta":{"footnotes":""},"categories":[1415],"tags":[69486,1011,27,60,2300,1467],"class_list":{"0":"post-581114","1":"post","2":"type-post","3":"status-publish","4":"format-standard","5":"has-post-thumbnail","7":"category-tennis","8":"tag-content-en-continu","9":"tag-fr","10":"tag-france","11":"tag-sports","12":"tag-stats-seo","13":"tag-tennis"},"share_on_mastodon":{"url":"https:\/\/pubeurope.com\/@fr\/115670098425234961","error":""},"_links":{"self":[{"href":"https:\/\/www.europesays.com\/fr\/wp-json\/wp\/v2\/posts\/581114","targetHints":{"allow":["GET"]}}],"collection":[{"href":"https:\/\/www.europesays.com\/fr\/wp-json\/wp\/v2\/posts"}],"about":[{"href":"https:\/\/www.europesays.com\/fr\/wp-json\/wp\/v2\/types\/post"}],"author":[{"embeddable":true,"href":"https:\/\/www.europesays.com\/fr\/wp-json\/wp\/v2\/users\/2"}],"replies":[{"embeddable":true,"href":"https:\/\/www.europesays.com\/fr\/wp-json\/wp\/v2\/comments?post=581114"}],"version-history":[{"count":0,"href":"https:\/\/www.europesays.com\/fr\/wp-json\/wp\/v2\/posts\/581114\/revisions"}],"wp:featuredmedia":[{"embeddable":true,"href":"https:\/\/www.europesays.com\/fr\/wp-json\/wp\/v2\/media\/581115"}],"wp:attachment":[{"href":"https:\/\/www.europesays.com\/fr\/wp-json\/wp\/v2\/media?parent=581114"}],"wp:term":[{"taxonomy":"category","embeddable":true,"href":"https:\/\/www.europesays.com\/fr\/wp-json\/wp\/v2\/categories?post=581114"},{"taxonomy":"post_tag","embeddable":true,"href":"https:\/\/www.europesays.com\/fr\/wp-json\/wp\/v2\/tags?post=581114"}],"curies":[{"name":"wp","href":"https:\/\/api.w.org\/{rel}","templated":true}]}}