{"id":581116,"date":"2025-12-06T01:49:13","date_gmt":"2025-12-06T01:49:13","guid":{"rendered":"https:\/\/www.europesays.com\/fr\/581116\/"},"modified":"2025-12-06T01:49:13","modified_gmt":"2025-12-06T01:49:13","slug":"luc-monaco-devoile-ses-recrues-actualite","status":"publish","type":"post","link":"https:\/\/www.europesays.com\/fr\/581116\/","title":{"rendered":"L&rsquo;UC Monaco d\u00e9voile ses recrues &#8211; Actualit\u00e9"},"content":{"rendered":"<p style=\"text-align: justify;\">L&rsquo;UC Monaco a d\u00e9voil\u00e9 ses recrues pour la saison 2026. La formation hors DN annonce les arriv\u00e9es des Colombiens Kevin Andres Estupinan (Inca Junior) et Juan Diaz Garcia (Risaralda), de l&rsquo;Espagnol Jaume Barcelo (Team Polti-Visit Malta Junior), du Britannique Ollie Boarer (SCO Dijon-Team Mat\u00e9riel-velo.com), du Bulgare Nicholas Van der Merwe (U19 Academy R\u00e9gion Sud Powered by Giant) et de l&rsquo;Italien Lorenzo Basso (Team F.lli Giorgi).<\/p>\n<p style=\"text-align: justify;\"><strong><a href=\"https:\/\/www.directvelo.com\/coureur\/59545\/kevin-andres-estupinan-vargas\" target=\"_blank\" rel=\"noopener\">Kevin Andres Estupinan<\/a><\/strong>\u00a0&#8211; notre photo -, 18 ans, a remport\u00e9 une \u00e9tape du Tour d&rsquo;Ambert Livradois Forez et une \u00e9tape du Prix de la Ville d&rsquo;Aubenas. Il a \u00e9galement termin\u00e9 2e du g\u00e9n\u00e9ral de ce dernier, 3e de la Classique des Bourbons, 6e du Tour d&rsquo;Ambert Livradois Forez, 9e d&rsquo;A Travers le Beaujolais, 18e du Tour du Pays de Vaud ou encore 21e du Championnat du Monde Juniors du contre-la-montre.<\/p>\n<p><strong><a href=\"https:\/\/www.directvelo.com\/coureur\/60776\/nicholas-van-der-merwe\" target=\"_blank\" rel=\"noopener\">Nicholas Van der Merwe<\/a><\/strong>, 18 ans, est le vainqueur du Chrono des Nations. Le Bulgare a aussi pris la 8e place du Championnat d&rsquo;Europe Juniors de chrono et d&rsquo;une \u00e9tape de la C\u00f4te d&rsquo;Or Classic, la 11e du\u00a0GP San Vicente &#8211; Costa Blanca Juniors, ou encore la 13e du Championnat du Monde Juniors de chrono.<\/p>\n<p><strong><a href=\"https:\/\/www.directvelo.com\/coureur\/64647\/jaume-barcelo-gascon\" target=\"_blank\" rel=\"noopener\">Jaume Barcelo<\/a><\/strong>, 18 ans, a termin\u00e9 4e du GP Montemayor, 9e du Championnat d&rsquo;Espagne Juniors, sur la course en ligne comme au chrono, et 18e du Tour du Besaya.<\/p>\n<p><strong><a href=\"https:\/\/www.directvelo.com\/coureur\/55005\/ollie-boarer\" target=\"_blank\" rel=\"noopener\">Ollie Boarer<\/a><\/strong>, 19 ans, a d\u00e9croch\u00e9 la 18e place du Tour des Deux-S\u00e8vres, la 27e de la Classic 71 et la 30e du Tour du Pays Roannais.<\/p>\n<p><strong><a href=\"https:\/\/www.directvelo.com\/coureur\/56542\/juan-diaz-garcia\" target=\"_blank\" rel=\"noopener\">Juan Diaz Garcia<\/a><\/strong>, 19 ans, s&rsquo;est distingu\u00e9 au Championnat de Colombie avec une 8e place au chrono et une 15e sur la course en ligne, chez les Espoirs. En Junior, en 2024, il avait remport\u00e9 la Classic Jean-Patrick Dubuisson.<\/p>\n<p><strong><a href=\"https:\/\/www.directvelo.com\/coureur\/62896\/lorenzo-basso\" target=\"_blank\" rel=\"noopener\">Lorenzo Basso<\/a><\/strong>, 18 ans, a pris la 7e place de la Coupe du 1er Mai, \u00e9preuve italienne Juniors.<\/p>\n<p>Retrouvez toutes les mutations du peloton amateur <strong><a href=\"https:\/\/www.directvelo.com\/mutations\/2026\" target=\"_blank\" rel=\"noopener\">en cliquant ici<\/a><\/strong>.<\/p>\n","protected":false},"excerpt":{"rendered":"L&rsquo;UC Monaco a d\u00e9voil\u00e9 ses recrues pour la saison 2026. La formation hors DN annonce les arriv\u00e9es des&hellip;\n","protected":false},"author":2,"featured_media":581117,"comment_status":"","ping_status":"","sticky":false,"template":"","format":"standard","meta":{"footnotes":""},"categories":[1411],"tags":[834,828,836,829,837,827,83,826,824,823,1154,207,814,817,815,816,822,821,832,211,839,1011,27,820,818,819,835,831,830,833,838,60,212,208,825],"class_list":{"0":"post-581116","1":"post","2":"type-post","3":"status-publish","4":"format-standard","5":"has-post-thumbnail","7":"category-cyclisme","8":"tag-attaque","9":"tag-belgique","10":"tag-braquet","11":"tag-bretagne","12":"tag-chute","13":"tag-competition","14":"tag-coupe-de-france","15":"tag-coureur","16":"tag-course-cyclisme","17":"tag-course-cycliste","18":"tag-cycling","19":"tag-cyclisme","20":"tag-direct","21":"tag-direct-velo","22":"tag-directvelo","23":"tag-directvelo-com","24":"tag-epreuve","25":"tag-epreuve-cycliste","26":"tag-federation-francaise-de-cyclisme","27":"tag-ffc","28":"tag-flandres","29":"tag-fr","30":"tag-france","31":"tag-live","32":"tag-live-course","33":"tag-live-epreuve","34":"tag-peloton","35":"tag-radio-peloton","36":"tag-radio-tour","37":"tag-ravitaillement","38":"tag-relance","39":"tag-sports","40":"tag-uci","41":"tag-velo","42":"tag-velos"},"share_on_mastodon":{"url":"https:\/\/pubeurope.com\/@fr\/115670113574203768","error":""},"_links":{"self":[{"href":"https:\/\/www.europesays.com\/fr\/wp-json\/wp\/v2\/posts\/581116","targetHints":{"allow":["GET"]}}],"collection":[{"href":"https:\/\/www.europesays.com\/fr\/wp-json\/wp\/v2\/posts"}],"about":[{"href":"https:\/\/www.europesays.com\/fr\/wp-json\/wp\/v2\/types\/post"}],"author":[{"embeddable":true,"href":"https:\/\/www.europesays.com\/fr\/wp-json\/wp\/v2\/users\/2"}],"replies":[{"embeddable":true,"href":"https:\/\/www.europesays.com\/fr\/wp-json\/wp\/v2\/comments?post=581116"}],"version-history":[{"count":0,"href":"https:\/\/www.europesays.com\/fr\/wp-json\/wp\/v2\/posts\/581116\/revisions"}],"wp:featuredmedia":[{"embeddable":true,"href":"https:\/\/www.europesays.com\/fr\/wp-json\/wp\/v2\/media\/581117"}],"wp:attachment":[{"href":"https:\/\/www.europesays.com\/fr\/wp-json\/wp\/v2\/media?parent=581116"}],"wp:term":[{"taxonomy":"category","embeddable":true,"href":"https:\/\/www.europesays.com\/fr\/wp-json\/wp\/v2\/categories?post=581116"},{"taxonomy":"post_tag","embeddable":true,"href":"https:\/\/www.europesays.com\/fr\/wp-json\/wp\/v2\/tags?post=581116"}],"curies":[{"name":"wp","href":"https:\/\/api.w.org\/{rel}","templated":true}]}}