{"id":581120,"date":"2025-12-06T01:51:12","date_gmt":"2025-12-06T01:51:12","guid":{"rendered":"https:\/\/www.europesays.com\/fr\/581120\/"},"modified":"2025-12-06T01:51:12","modified_gmt":"2025-12-06T01:51:12","slug":"je-vous-aurais-matthieu-delormeau-drague-en-priv","status":"publish","type":"post","link":"https:\/\/www.europesays.com\/fr\/581120\/","title":{"rendered":"\u201cJe vous aurais\u2026\u201d Matthieu Delormeau dragu\u00e9 en priv &#8230;"},"content":{"rendered":"<p>EN BREF<\/p>\n<ul class=\"bloc_resume_post_list\">\n<li>Le 5 d\u00e9cembre, Matthieu Delormeau partage une anecdote<br \/>\nsur Alain Delon lors de l\u00a0\u00bb\u00e9mission Tout beau tout neuf.<\/li>\n<li>Matthieu Delormeau raconte une rencontre m\u00e9morable avec<br \/>\nAlain Delon chez Marc-Olivier Fogiel, r\u00e9v\u00e9lant une remarque<br \/>\nsurprenante de l&rsquo;acteur.<\/li>\n<li>Des confidences inattendues et des souvenirs de d\u00eeners<br \/>\nprestigieux \u00e9mergent, captivant l&rsquo;attention sur le plateau de Cyril<br \/>\nHanouna.<\/li>\n<\/ul>\n<p>Ce vendredi 5 d\u00e9cembre sur le plateau de Tout beau tout<br \/>\nneuf, <a href=\"https:\/\/www.telestar.fr\/actu_tv\/exorbitant-matthieu-delormeau-revele-le-salaire-quil-gagnait-chez-nrj-et-le-scandaleux-train-de-vie-quil-menait-a-lepoque-1745491\" target=\"_blank\" rel=\"noopener\"><br \/>\nMatthieu Delormeau, ancien pr\u00e9sentateur de NRJ12<\/a>,\u00a0a<br \/>\nracont\u00e9 une anecdote aussi <strong>improbable<\/strong> que<br \/>\n<strong>savoureuse<\/strong>. Le chroniqueur de Cyril Hanouna est<br \/>\nrevenu sur une soir\u00e9e pass\u00e9e des ann\u00e9es plus t\u00f4t chez<br \/>\n<strong>Marc-Olivier Fogiel<\/strong>, soir\u00e9e au cours de laquelle<br \/>\nil a crois\u00e9 un <strong>monument du cin\u00e9ma<\/strong> fran\u00e7ais.<br \/>\n<strong>Alain Delon.<\/strong> Une rencontre qu\u2019il n\u2019a<br \/>\n<strong>jamais oubli\u00e9e<\/strong>.<\/p>\n<p>Alors que Cyril Hanouna lan\u00e7ait un nouveau num\u00e9ro de son<br \/>\n\u00e9mission, l\u2019ambiance \u00e9tait \u00e0 la <strong>confidence<\/strong>. Entre<br \/>\nsouvenirs de <strong>d\u00eeners prestigieux<\/strong> et<br \/>\n<strong>r\u00e9v\u00e9lations inattendues,<\/strong> les chroniqueurs ont tour<br \/>\n\u00e0 tour partag\u00e9 leurs <strong>exp\u00e9riences<\/strong> avec des<br \/>\npersonnalit\u00e9s de haut vol\u2026 jusqu\u2019\u00e0 ce que Matthieu Delormeau se<br \/>\nd\u00e9cide \u00e0 \u201c<strong>l\u00e2cher la bombe<\/strong>\u201d.<\/p>\n<p>Des d\u00eeners exceptionnels\u2026 et des confidences surprenantes sur<br \/>\nle plateau de TBT9<\/p>\n<p>Avant <strong>l\u2019anecdote choc,<\/strong> place au chef invit\u00e9 du<br \/>\nsoir : <strong>Valentin N\u00e9raudeau.<\/strong> En pleine promotion de<br \/>\nson ouvrage Du potager familial aux tables d\u2019exception<br \/>\npubli\u00e9 chez \u00c9ditions Fayard, le cuisinier priv\u00e9 a racont\u00e9 ses<br \/>\n<strong>exp\u00e9riences<\/strong> aupr\u00e8s de stars mondiales. \u2018\u2018J\u2019ai<br \/>\ncuisin\u00e9 pour <a href=\"https:\/\/www.telestar.fr\/actu_tv\/des-videos-de-anne-elisabeth-lemoine-choquee-par-lanecdote-de-george-clooney-avec-jean-dujardin-1747499\" target=\"_blank\" rel=\"noopener\"><br \/>\nGeorge Clooney<\/a>, mais aussi pour <strong>Beyonc\u00e9<\/strong>, deux<br \/>\nmoments <strong>incroyables<\/strong>.\u2019\u2019 a-t-il confi\u00e9.<\/p>\n<p>Dans la foul\u00e9e, Cyril Hanouna a mis ses chroniqueurs \u00e0<br \/>\ncontribution. <strong>Gilles Verdez<\/strong> a affirm\u00e9 avoir<br \/>\n<strong>d\u00een\u00e9 avec George Weah\u00a0<\/strong>tandis que<br \/>\n<strong>G\u00e9raldine Maillet<\/strong> a \u00e9voqu\u00e9 des repas avec<br \/>\n<strong>Manuel Valls, Fran\u00e7ois Hollande et Rachida Dati.<\/strong><br \/>\nDe son c\u00f4t\u00e9, <strong>Jordan De Luxe<\/strong> a racont\u00e9 avoir<br \/>\npartag\u00e9 une table avec <strong>Afida Turner<\/strong> ou encore<br \/>\n<strong>Magloire<\/strong>. Une galerie de<br \/>\n<strong>souvenirs<\/strong> qui a permis \u00e0 Matthieu Delormeau de<br \/>\n<strong>rebondir<\/strong>\u2026 et de <strong>surprendre<\/strong> tout<br \/>\nle monde.<\/p>\n<p>Alain Delon aurait \u201cdragu\u00e9\u201d<br \/>\nMatthieu Delormeau<\/p>\n<p>Lorsque son tour est arriv\u00e9, Matthieu Delormeau a d\u2019abord<br \/>\nexpliqu\u00e9 qu\u2019il n\u2019avait jamais re\u00e7u de star chez lui. Mais ses<br \/>\n<strong>liens avec Marc-Olivier Fogiel<\/strong> lui ont permis<br \/>\nd\u2019approcher certaines figures <strong>incontournables<\/strong>.<br \/>\n\u2018\u2018Un soir, je vais d\u00eener chez Marco, et l\u00e0\u2026 je me<br \/>\n<strong>retrouve face \u00e0 Alain<br \/>\nDelon<\/strong><strong>.<\/strong>\u2019\u2019 raconte-t-il. Le d\u00eener<br \/>\nprend alors un tournant <strong>inattendu<\/strong>.<\/p>\n<p>Selon les <a href=\"https:\/\/www.telestar.fr\/people\/matthieu-delormeau-transforme-physiquement-en-deux-semaines-son-retour-a-tbt9-a-bouleverse-son-quotidien-1747076\" target=\"_blank\" rel=\"noopener\"><br \/>\nconfidences de Matthieu Delormeau<\/a>, l\u2019acteur lui aurait lanc\u00e9,<br \/>\navec son <strong>franc-parler<\/strong> l\u00e9gendaire. \u2018\u2018<strong>Si<br \/>\nvous aviez \u00e9t\u00e9 plus jeune, je vous aurais dragu\u00e9<\/strong>.\u2019\u2019<br \/>\nUne phrase qui aurait imm\u00e9diatement fait <strong>rire<\/strong> la<br \/>\ntabl\u00e9e. \u2018\u2018J\u2019\u00e9tais <strong>t\u00e9tanis\u00e9<\/strong>, je ne<br \/>\n<strong>savais pas quoi r\u00e9pondre<\/strong>.\u2019\u2019 a-t-il avou\u00e9 sur<br \/>\nW9, encore amus\u00e9 par ce souvenir. Alain Delon n\u2019en aurait<br \/>\n<strong>pas \u00e9t\u00e9 \u00e0 son coup d\u2019essai<\/strong> ce soir-l\u00e0.<br \/>\n<strong>Isabelle Morini-Bosc<\/strong> a racont\u00e9 elle aussi un<br \/>\nmoment <strong>m\u00e9morable<\/strong> avec l\u2019acteur. \u2018\u2018Il m\u2019a dit :<br \/>\n\u2018<strong>Je monterais bien chez toi.<\/strong>\u2019 Il est mont\u00e9, il a<br \/>\nregard\u00e9 autour et il a dit : \u2018Bon\u2026 <strong>on va aller au<br \/>\nFouquet\u2019s<\/strong> !\u2019 \u2019\u2019 a-t-elle confi\u00e9 en riant. Un d\u00e9jeuner<br \/>\nimprovis\u00e9 qui reste pour elle un \u201c<strong>tr\u00e8s beau<br \/>\nsouvenir<\/strong>\u201d.<\/p>\n","protected":false},"excerpt":{"rendered":"EN BREF Le 5 d\u00e9cembre, Matthieu Delormeau partage une anecdote sur Alain Delon lors de l\u00a0\u00bb\u00e9mission Tout beau&hellip;\n","protected":false},"author":2,"featured_media":581121,"comment_status":"","ping_status":"","sticky":false,"template":"","format":"standard","meta":{"footnotes":""},"categories":[1359],"tags":[5960,548,58,59,1011,27,7830,973,47264],"class_list":{"0":"post-581120","1":"post","2":"type-post","3":"status-publish","4":"format-standard","5":"has-post-thumbnail","7":"category-people","8":"tag-alain-delon","9":"tag-article-simple","10":"tag-divertissement","11":"tag-entertainment","12":"tag-fr","13":"tag-france","14":"tag-matthieu-delormeau","15":"tag-people","16":"tag-tbt9"},"share_on_mastodon":{"url":"https:\/\/pubeurope.com\/@fr\/115670121424006271","error":""},"_links":{"self":[{"href":"https:\/\/www.europesays.com\/fr\/wp-json\/wp\/v2\/posts\/581120","targetHints":{"allow":["GET"]}}],"collection":[{"href":"https:\/\/www.europesays.com\/fr\/wp-json\/wp\/v2\/posts"}],"about":[{"href":"https:\/\/www.europesays.com\/fr\/wp-json\/wp\/v2\/types\/post"}],"author":[{"embeddable":true,"href":"https:\/\/www.europesays.com\/fr\/wp-json\/wp\/v2\/users\/2"}],"replies":[{"embeddable":true,"href":"https:\/\/www.europesays.com\/fr\/wp-json\/wp\/v2\/comments?post=581120"}],"version-history":[{"count":0,"href":"https:\/\/www.europesays.com\/fr\/wp-json\/wp\/v2\/posts\/581120\/revisions"}],"wp:featuredmedia":[{"embeddable":true,"href":"https:\/\/www.europesays.com\/fr\/wp-json\/wp\/v2\/media\/581121"}],"wp:attachment":[{"href":"https:\/\/www.europesays.com\/fr\/wp-json\/wp\/v2\/media?parent=581120"}],"wp:term":[{"taxonomy":"category","embeddable":true,"href":"https:\/\/www.europesays.com\/fr\/wp-json\/wp\/v2\/categories?post=581120"},{"taxonomy":"post_tag","embeddable":true,"href":"https:\/\/www.europesays.com\/fr\/wp-json\/wp\/v2\/tags?post=581120"}],"curies":[{"name":"wp","href":"https:\/\/api.w.org\/{rel}","templated":true}]}}