{"id":581124,"date":"2025-12-06T01:54:11","date_gmt":"2025-12-06T01:54:11","guid":{"rendered":"https:\/\/www.europesays.com\/fr\/581124\/"},"modified":"2025-12-06T01:54:11","modified_gmt":"2025-12-06T01:54:11","slug":"quel-binome-a-ete-elimine-ce-vendredi-5-decembre-sur-m6","status":"publish","type":"post","link":"https:\/\/www.europesays.com\/fr\/581124\/","title":{"rendered":"quel bin\u00f4me a \u00e9t\u00e9 \u00e9limin\u00e9 ce vendredi 5 d\u00e9cembre sur M6 ?"},"content":{"rendered":"<p>L\u2019aventure se poursuit pour les candidats de P\u00e9kin Express.<br \/>\nDepuis plusieurs semaines, les bin\u00f4mes donnent le meilleur d\u2019eux<br \/>\nafin d\u2019aller le plus loin possible dans l\u2019aventure. Et il faut dire<br \/>\nque cette saison est loin d\u2019\u00eatre une partie de plaisir. En plus de<br \/>\nla difficult\u00e9 naturelle de l\u2019\u00e9mission, ces derniers doivent faire<br \/>\navec des conditions m\u00e9t\u00e9orologiques particuli\u00e8rement difficiles.<br \/>\nToutefois, ce n\u2019est pas cela qui va emp\u00eacher les candidats de se<br \/>\nd\u00e9passer et de se battre pour la victoire. Une course dans laquelle<br \/>\nSonide et Rapha\u00ebl n\u2019ont pas eu la chance de continuer. <a href=\"https:\/\/www.melty.fr\/tele\/pekin-express-2026-quel-binome-a-ete-elimine-ce-vendredi-28-novembre-sur-m6-2279012.html\" target=\"_blank\" rel=\"noopener\"><br \/>\nLe 28 novembre dernier, le bin\u00f4me a \u00e9t\u00e9 \u00e9limin\u00e9 de l\u2019aventure<\/a> \u00e0<br \/>\nl\u2019issue d\u2019un duel final particuli\u00e8rement \u00e9prouvant. Une \u00e9limination<br \/>\naux portes des quarts de finale qui a un go\u00fbt amer. Cependant, le<br \/>\nfr\u00e8re et la s\u0153ur quittent la comp\u00e9tition plus proche que jamais.<br \/>\n\u201cJe n\u2019en reviens pas d\u2019avoir pu cr\u00e9er tous ces souvenirs avec<br \/>\nRaph en si peu de temps\u201d, a-t-elle confi\u00e9.<\/p>\n<p>Une \u00e9tape qui met les candidats \u00e0 rude \u00e9preuve<\/p>\n<p>Ce vendredi 5 d\u00e9cembre 2025, les t\u00e9l\u00e9spectateurs ont retrouv\u00e9<br \/>\nSt\u00e9phane Rotenberg pour les quarts de finale de l\u2019aventure. Une<br \/>\nsuite pleine de surprises, mais aussi de rebondissements. Une fois<br \/>\nencore, l<strong>es candidats de P\u00e9kin Express ont d\u00fb faire preuve<br \/>\nde d\u00e9termination<\/strong> et de beaucoup de courage. Afin de<br \/>\npoursuivre leur chemin malgr\u00e9 une m\u00e9t\u00e9o particuli\u00e8rement difficile.<br \/>\nPour cette nouvelle \u00e9tape, c\u2019est une \u00e9preuve mixte qui a donn\u00e9 du<br \/>\nfil \u00e0 retordre aux aventuriers.<\/p>\n<p>En effet, ces derniers ont d\u00fb avancer sans leur partenaire<br \/>\nhabituel. De quoi ajouter un stress suppl\u00e9mentaire \u00e0 la<br \/>\ncomp\u00e9tition. <strong>Une \u00e9preuve qui a r\u00e9ussi \u00e0 Marianne et<br \/>\nLy\u00e7aona<\/strong>. La difficult\u00e9 de l\u2019\u00e9preuve n\u2019a pas du tout<br \/>\naffect\u00e9 les inconnues. Par contre, c\u2019est une autre histoire pour<br \/>\nNathalie et Charlotte. <strong>La m\u00e8re et la fille ont termin\u00e9 \u00e0 la<br \/>\nderni\u00e8re place<\/strong>. R\u00e9sultat, elles ont d\u00fb choisir leur bin\u00f4me<br \/>\nadversaire pour le duel finale. Une d\u00e9cision qui n\u2019est pas facile \u00e0<br \/>\nprendre pour ces derniers. Car si l\u2019une r\u00e9fl\u00e9chissait, l\u2019autre<br \/>\npr\u00e9f\u00e9rait suivre son c\u0153ur et pr\u00e9server des personnes \u00e0 qui elle<br \/>\ntient. \u201cOn n\u2019a pas besoin de r\u00e9fl\u00e9chir, on est d\u00e9sol\u00e9es<br \/>\nd\u2019avance\u2026 <strong>On garde une suite logique, on pr\u00e9serve Fabien et<br \/>\nMissak<\/strong>\u201d, a-t-elle expliqu\u00e9.<\/p>\n<p>Un duel sous pression<\/p>\n<p>Suite \u00e0 cette d\u00e9cision, Nathalie et Charlotte se sont donc<br \/>\nretrouv\u00e9es face \u00e0 K\u00e9vin et Sophie. Un choix totalement<br \/>\ncompr\u00e9hensible par le bin\u00f4me. \u201cOn comprend leur choix.<br \/>\n<strong>\u00c0 un moment, l\u2019affect prend le dessus<\/strong>, mais on<br \/>\nreste d\u00e9termin\u00e9s\u201d, a confi\u00e9 Sophie. Proche de l\u2019\u00e9limination,<br \/>\nles deux bin\u00f4mes devaient donc tout donner pour rester dans<br \/>\nl\u2019aventure. Surtout qu\u2019on ne les a pas m\u00e9nag\u00e9s pour cette \u00e9preuve.<br \/>\nPour pr\u00e9server leur place, <strong>les candidats de P\u00e9kin Express<br \/>\ndevaient se rendre dans une \u00e9cole de musique situ\u00e9e \u00e0 sept<br \/>\nkilom\u00e8tres de l\u2019a\u00e9roport d\u2019Almaty<\/strong>. Non seulement ce n\u2019est<br \/>\npas la porte d\u2019\u00e0 c\u00f4t\u00e9, il faut faire attention de ne pas se tromper<br \/>\nde direction. Ce qui s\u2019est d\u2019ailleurs produit.<\/p>\n<p>Toutefois, Sophie a pu prendre une petite avance sur Charlotte<br \/>\nen partant quelques minutes avant elle. Pour rester dans la course,<br \/>\ncette derni\u00e8re devait donc se d\u00e9p\u00eacher afin de trouver une voiture<br \/>\net rattraper son retard. Mais une fois arriv\u00e9es \u00e0 destination, les<br \/>\ndeux femmes se sont rendu compte que l\u00a0\u00bb\u00e9preuve n\u2019\u00e9tait pas encore<br \/>\ntermin\u00e9e. En effet, elles ont d\u00fb reconna\u00eetre des chansons<br \/>\nfran\u00e7aises jou\u00e9es par des instruments locaux. <strong>Une \u00e9preuve<br \/>\ndurant laquelle Sophie s\u2019est montr\u00e9e plus efficace que<br \/>\nCharlotte<\/strong>. Ce qui a propuls\u00e9 la fille de Nathalie \u00e0 la<br \/>\nderni\u00e8re place. \u201cJ\u2019ai perdu beaucoup de temps pendant la<br \/>\nmission\u201d, a-t-elle regrett\u00e9.<\/p>\n<p>P\u00e9kin Express : quel bin\u00f4me a \u00e9t\u00e9<br \/>\n\u00e9limin\u00e9 de l\u2019aventure ?<\/p>\n<p>Le duel entre les bin\u00f4mes battait son plein. Les aventuriers ne<br \/>\nvoulaient pas quitter l\u2019aventure apr\u00e8s avoir fait tout ce chemin.<br \/>\nMalheureusement, l\u2019un deux doit quitter l\u2019aventure P\u00e9kin Express.<br \/>\nEt cette fois, <strong>c\u2019est \u00e0 Sophie et K\u00e9vin de faire leurs<br \/>\nadieux<\/strong>. En effet, le sort du bin\u00f4me a \u00e9t\u00e9 scell\u00e9 lorsque<br \/>\nSophie est arriv\u00e9e en derni\u00e8re position. Une d\u00e9faite qui laisse un<br \/>\ngo\u00fbt d&rsquo;inachev\u00e9 chez le couple.<\/p>\n<p>Toutefois, ces derniers sont fiers du chemin parcouru.<br \/>\n\u201c<strong>Malheureusement, l\u2019aventure s\u2019arr\u00eate\u2026<\/strong> J\u2019ai<br \/>\nencore du mal \u00e0 croire qu\u2019on y a particip\u00e9\u201d, a confi\u00e9 Kevin<br \/>\ncomme <a href=\"https:\/\/www.telestar.fr\/actu_tv\/pekin-express-la-route-des-glaces-qui-a-ete-elimine-ce-vendredi-5-decembre-1747671\" target=\"_blank\" rel=\"nofollow noopener\">le pr\u00e9cisent nos confr\u00e8res<br \/>\nde T\u00e9l\u00e9-Stars<\/a>. Une \u00e9limination qui fait beaucoup de peine \u00e0<br \/>\nSophie qui n\u2019a pas pu retenir ses larmes. Leur amulette a par la<br \/>\nsuite \u00e9t\u00e9 transmise aux inconnues. Mettant fin \u00e0 une aventure riche<br \/>\nen rebondissements. Pour les autres, la comp\u00e9tition se poursuit et<br \/>\non se rapproche \u00e0 grands pas de la finale de l\u2019aventure.<\/p>\n","protected":false},"excerpt":{"rendered":"L\u2019aventure se poursuit pour les candidats de P\u00e9kin Express. Depuis plusieurs semaines, les bin\u00f4mes donnent le meilleur d\u2019eux&hellip;\n","protected":false},"author":2,"featured_media":581125,"comment_status":"","ping_status":"","sticky":false,"template":"","format":"standard","meta":{"footnotes":""},"categories":[1356],"tags":[58,59,1011,27,44043,252,1364],"class_list":{"0":"post-581124","1":"post","2":"type-post","3":"status-publish","4":"format-standard","5":"has-post-thumbnail","7":"category-television","8":"tag-divertissement","9":"tag-entertainment","10":"tag-fr","11":"tag-france","12":"tag-stephane-rotenberg","13":"tag-television","14":"tag-tv"},"share_on_mastodon":{"url":"https:\/\/pubeurope.com\/@fr\/115670133239796551","error":""},"_links":{"self":[{"href":"https:\/\/www.europesays.com\/fr\/wp-json\/wp\/v2\/posts\/581124","targetHints":{"allow":["GET"]}}],"collection":[{"href":"https:\/\/www.europesays.com\/fr\/wp-json\/wp\/v2\/posts"}],"about":[{"href":"https:\/\/www.europesays.com\/fr\/wp-json\/wp\/v2\/types\/post"}],"author":[{"embeddable":true,"href":"https:\/\/www.europesays.com\/fr\/wp-json\/wp\/v2\/users\/2"}],"replies":[{"embeddable":true,"href":"https:\/\/www.europesays.com\/fr\/wp-json\/wp\/v2\/comments?post=581124"}],"version-history":[{"count":0,"href":"https:\/\/www.europesays.com\/fr\/wp-json\/wp\/v2\/posts\/581124\/revisions"}],"wp:featuredmedia":[{"embeddable":true,"href":"https:\/\/www.europesays.com\/fr\/wp-json\/wp\/v2\/media\/581125"}],"wp:attachment":[{"href":"https:\/\/www.europesays.com\/fr\/wp-json\/wp\/v2\/media?parent=581124"}],"wp:term":[{"taxonomy":"category","embeddable":true,"href":"https:\/\/www.europesays.com\/fr\/wp-json\/wp\/v2\/categories?post=581124"},{"taxonomy":"post_tag","embeddable":true,"href":"https:\/\/www.europesays.com\/fr\/wp-json\/wp\/v2\/tags?post=581124"}],"curies":[{"name":"wp","href":"https:\/\/api.w.org\/{rel}","templated":true}]}}