{"id":581126,"date":"2025-12-06T01:55:12","date_gmt":"2025-12-06T01:55:12","guid":{"rendered":"https:\/\/www.europesays.com\/fr\/581126\/"},"modified":"2025-12-06T01:55:12","modified_gmt":"2025-12-06T01:55:12","slug":"le-rappeur-moha-la-squale-condamne-pour-violences-conjugales-est-sorti-de-prison","status":"publish","type":"post","link":"https:\/\/www.europesays.com\/fr\/581126\/","title":{"rendered":"le rappeur Moha La Squale, condamn\u00e9 pour violences conjugales, est sorti de prison"},"content":{"rendered":"<p>\n    Dans une publication sur son compte Instagram, l\u2019artiste de 30 ans a annonc\u00e9 sa lib\u00e9ration le 25 ao\u00fbt dernier. Il avait \u00e9t\u00e9 condamn\u00e9 \u00e0 quatre ans de prison, dont trois ferme, en juillet 2024.<\/p>\n<p class=\"fig-paragraph\">\u00abLib\u00e9rable le 25\/08\/2025\u00bb. C\u2019est par ces mots que le rappeur Moha La Squale, de son vrai nom Mohamed Bellahmed, a annonc\u00e9 son retour sur son compte Instagram, jeudi 4 d\u00e9cembre. \u00abJe vous aime la miff, j\u2019ai encore besoin d\u2019un peu de repos. \u00c0 bient\u00f4t merci pour tout\u00bb, a-t-il \u00e9crit \u00e0 ses pr\u00e8s d\u2019un million d\u2019abonn\u00e9s.<\/p>\n<p class=\"fig-paragraph\">Aujourd\u2019hui \u00e2g\u00e9 de 30 ans, l\u2019artiste avait \u00e9t\u00e9\u00a0<a href=\"https:\/\/www.lefigaro.fr\/flash-actu\/moha-la-squale-trois-ans-de-prison-ferme-pour-le-rappeur-condamne-pour-violences-conjugales-20240705?msockid=21ce78d6a6166e452ae86e6fa7ff6fd2\" target=\"_blank\" data-fig-type=\"NewsFlash\" rel=\"sponsored noopener\" data-gtm-custom-categorie=\"navigation\" data-gtm-custom-action=\"crossclick\" data-gtm-custom-label=\"Contextuel\" data-gtm-event=\"customEventSPE\" data-fig-domain=\"LEFIGARO\">condamn\u00e9 en juillet 2024<\/a>\u00a0\u00e0 quatre ans de prison dont trois fermes pour des faits de \u00abviolences\u00bb, de \u00abmenaces\u00bb et de \u00abs\u00e9questrations\u00bb\u00a0<a href=\"http:\/\/www.lefigaro.fr\/faits-divers\/je-vais-te-buter-le-calvaire-des-compagnes-de-moha-la-squale-l-ancienne-etoile-du-rap-20240623\" data-fig-type=\"Article\" data-gtm-custom-categorie=\"navigation\" data-gtm-custom-action=\"crossclick\" data-gtm-custom-label=\"Contextuel\" data-gtm-event=\"customEventSPE\" data-fig-domain=\"LEFIGARO\" target=\"_blank\" rel=\"noopener\">\u00e0 l\u2019\u00e9gard de six anciennes petites amies<\/a>\u00a0entre 2017 et 2021. Mais il avait d\u00e9j\u00e0 pass\u00e9 pr\u00e8s de 17 mois en d\u00e9tention provisoire avant sa condamnation et \u00e9tait arriv\u00e9 \u00ab\u00e0 la fin de sa peine. Il n\u2019a b\u00e9n\u00e9fici\u00e9 d\u2019aucune remise de peine\u00bb, explique son avocate, Me \u00c9lise Arfi, au Figaro. \u00abMohamed Bellahmed a \u00e9t\u00e9 remis en libert\u00e9 le 25 ao\u00fbt 2025, apr\u00e8s avoir \u00e9t\u00e9 \u00e9crou\u00e9 le 8 f\u00e9vrier 2024 sur remise des autorit\u00e9s allemandes, sur mandat d\u2019arr\u00eat europ\u00e9en. Il a ex\u00e9cut\u00e9 deux peines, de 8 mois et de 3 ans, d\u00e9duction faite de deux p\u00e9riodes de d\u00e9tention provisoire\u00bb, d\u00e9taille le parquet de Paris au Figaro.<\/p>\n<p>                                            <a class=\"fig-a11y-skip\" href=\"#fig-a11y-skip-main-inarticle\" data-module=\"a11y-skip\" data-context=\"was @visible\"><br \/>\n    Passer la publicit\u00e9<br \/>\n<\/a>            <\/p>\n<p class=\"fig-paragraph\">Lors du proc\u00e8s, l\u2019artiste avait eu des\u00a0<a href=\"http:\/\/www.lefigaro.fr\/faits-divers\/pourquoi-elles-restent-si-je-suis-violent-les-deux-visages-du-rappeur-moha-la-squale-prince-charmant-et-bourreau-20240704\" data-fig-type=\"Article\" data-gtm-custom-categorie=\"navigation\" data-gtm-custom-action=\"crossclick\" data-gtm-custom-label=\"Contextuel\" data-gtm-event=\"customEventSPE\" data-fig-domain=\"LEFIGARO\" target=\"_blank\" rel=\"noopener\">difficult\u00e9s \u00e0 reconna\u00eetre la gravit\u00e9 des faits.<\/a>\u00a0\u00abSix meufs qui se r\u00e9unissent et portent plainte, c\u2019est un complot\u00bb, avait-il notamment expliqu\u00e9, ajoutant\u00a0: \u00abJe ne serais pas Moha la Squale, je ne serais pas ici\u00bb. La justice avait alors assorti sa condamnation d\u2019une obligation d\u2019entreprendre un suivi psychologique, et de soigner son addiction au cannabis. Le rappeur s\u2019\u00e9tait en outre vu interdire d\u2019entrer en contact avec les six jeunes femmes, et a d\u00fb les indemniser pour leur pr\u00e9judice moral, \u00e0 hauteur de 2500 \u00e0 10.000 euros chacune.<\/p>\n","protected":false},"excerpt":{"rendered":"Dans une publication sur son compte Instagram, l\u2019artiste de 30 ans a annonc\u00e9 sa lib\u00e9ration le 25 ao\u00fbt&hellip;\n","protected":false},"author":2,"featured_media":581127,"comment_status":"","ping_status":"","sticky":false,"template":"","format":"standard","meta":{"footnotes":""},"categories":[1355],"tags":[58,59,1011,27,1361,873,798],"class_list":{"0":"post-581126","1":"post","2":"type-post","3":"status-publish","4":"format-standard","5":"has-post-thumbnail","7":"category-musique","8":"tag-divertissement","9":"tag-entertainment","10":"tag-fr","11":"tag-france","12":"tag-music","13":"tag-musique","14":"tag-violences-conjugales"},"share_on_mastodon":{"url":"https:\/\/pubeurope.com\/@fr\/115670137186344948","error":""},"_links":{"self":[{"href":"https:\/\/www.europesays.com\/fr\/wp-json\/wp\/v2\/posts\/581126","targetHints":{"allow":["GET"]}}],"collection":[{"href":"https:\/\/www.europesays.com\/fr\/wp-json\/wp\/v2\/posts"}],"about":[{"href":"https:\/\/www.europesays.com\/fr\/wp-json\/wp\/v2\/types\/post"}],"author":[{"embeddable":true,"href":"https:\/\/www.europesays.com\/fr\/wp-json\/wp\/v2\/users\/2"}],"replies":[{"embeddable":true,"href":"https:\/\/www.europesays.com\/fr\/wp-json\/wp\/v2\/comments?post=581126"}],"version-history":[{"count":0,"href":"https:\/\/www.europesays.com\/fr\/wp-json\/wp\/v2\/posts\/581126\/revisions"}],"wp:featuredmedia":[{"embeddable":true,"href":"https:\/\/www.europesays.com\/fr\/wp-json\/wp\/v2\/media\/581127"}],"wp:attachment":[{"href":"https:\/\/www.europesays.com\/fr\/wp-json\/wp\/v2\/media?parent=581126"}],"wp:term":[{"taxonomy":"category","embeddable":true,"href":"https:\/\/www.europesays.com\/fr\/wp-json\/wp\/v2\/categories?post=581126"},{"taxonomy":"post_tag","embeddable":true,"href":"https:\/\/www.europesays.com\/fr\/wp-json\/wp\/v2\/tags?post=581126"}],"curies":[{"name":"wp","href":"https:\/\/api.w.org\/{rel}","templated":true}]}}