{"id":581136,"date":"2025-12-06T02:01:19","date_gmt":"2025-12-06T02:01:19","guid":{"rendered":"https:\/\/www.europesays.com\/fr\/581136\/"},"modified":"2025-12-06T02:01:19","modified_gmt":"2025-12-06T02:01:19","slug":"ariane-6-passe-en-version-puissante-pour-envoyer-32-satellites-damazon-leo-sur-orbite","status":"publish","type":"post","link":"https:\/\/www.europesays.com\/fr\/581136\/","title":{"rendered":"Ariane 6 passe en version \u00ab\u00a0puissante\u00a0\u00bb pour envoyer 32 satellites d\u2019Amazon Leo sur orbite"},"content":{"rendered":"<p>Du port de <a href=\"https:\/\/www.20minutes.fr\/bordeaux\/\" class=\"c-link c-link--is-underlined\" target=\"_blank\" rel=\"noopener\">Bordeaux<\/a> \u00e0 l\u2019<a href=\"https:\/\/www.20minutes.fr\/sciences\/espace\/\" class=\"c-link c-link--is-underlined\" target=\"_blank\" rel=\"noopener\">Espace<\/a>. M\u00eame si les Bordelais commencent \u00e0 \u00eatre habitu\u00e9s aux passages sur la Garonne de l\u2019imposant navire et de ses quatre m\u00e2ts de 37 m\u00e8tres de haut, le <a href=\"https:\/\/www.20minutes.fr\/planete\/4056397-20231005-canopee-premier-cargo-hybride-monde-ouvre-voie-decarbonation-va-transporter-ariane-6\" class=\"c-link c-link--is-underlined\" target=\"_blank\" rel=\"noopener\">Canop\u00e9e, premier cargo fran\u00e7ais hybride<\/a> (\u00e0 voile et thermique) d\u00e9di\u00e9 au transport de la fus\u00e9e <a href=\"https:\/\/www.20minutes.fr\/high-tech\/sciences\/ariane-6\/\" class=\"c-link c-link--is-underlined\" target=\"_blank\" rel=\"noopener\">Ariane 6<\/a> jusqu\u2019\u00e0 Kourou, impressionne toujours.<\/p>\n<p><img decoding=\"async\" alt=\"Le chargement de la fus\u00e9e Ariane 6 en version A64 dans le cargo Canop\u00e9e a commenc\u00e9 \u00e0 Bordeaux.\" class=\"c-img\" loading=\"lazy\" fetchpriority=\"auto\" width=\"718\"  src=\"https:\/\/img.20mn.fr\/IeWSZq_dQCCFl4eqHeT9Aik\/718x0\" \/>Le chargement de la fus\u00e9e Ariane 6 en version A64 dans le cargo Canop\u00e9e a commenc\u00e9 \u00e0 Bordeaux.\u2002-\u00a0Micka\u00ebl Bosredon\/20 Minutes<\/p>\n<p>Solidement amarr\u00e9 au port de Bassens ce vendredi, le Canop\u00e9e attend de charger les derniers \u00e9l\u00e9ments de la fus\u00e9e pour quitter Bordeaux dans les prochaines heures. Des \u00e9l\u00e9ments en provenance directe des usines d\u2019ArianeGroup de Saint-M\u00e9dard et du Haillan, en Gironde. Et pour la premi\u00e8re fois, il embarque en ce mois de d\u00e9cembre\u00a02025, une version \u00e0 quatre boosters (A64), au lieu des deux (A62) qui ont permis les quatre premiers lancements d\u2019Ariane 6 jusqu\u2019\u00e0 pr\u00e9sent.<\/p>\n<p>32 satellites d\u2019Amazon Leo dans la coiffe d\u2019Ariane 6<\/p>\n<p>Ariane 64, que l\u2019on peut qualifier de version \u00ab\u00a0puissante\u00a0\u00bb d\u2019Ariane 6, acheminera de son c\u00f4t\u00e9, pour la premi\u00e8re fois \u00e9galement, 32 satellites d\u2019Amazon Leo, la constellation de satellites d\u2019<a href=\"https:\/\/www.20minutes.fr\/high-tech\/amazon\/\" class=\"c-link c-link--is-underlined\" target=\"_blank\" rel=\"noopener\">Amazon<\/a>, qui servira \u00e0 fournir de l\u2019internet haut d\u00e9bit dans le monde entier. Plus puissante, la fus\u00e9e A64 peut aussi embarquer plus de 10 tonnes de charge, deux fois plus que l&rsquo;A62.<\/p>\n<p>Con\u00e7ue notamment pour pouvoir embarquer un grand nombre de petits satellites, pour faire face justement \u00e0 la mont\u00e9e en puissance des constellations, la fus\u00e9e A64 n&rsquo;est toutefois pas r\u00e9serv\u00e9e \u00e0 Amazon, et pourra servir \u00e0 d&rsquo;autres clients.<\/p>\n<\/p>\n<p>Alors que les <a href=\"https:\/\/www.20minutes.fr\/sciences\/satellite\/\" class=\"c-link c-link--is-underlined\" target=\"_blank\" rel=\"noopener\">satellites<\/a> Leo sont d\u00e9j\u00e0 arriv\u00e9s \u00e0 Kourou, le Canop\u00e9e, apr\u00e8s avoir quitt\u00e9 Bordeaux, \u00ab\u00a0passera ensuite par Rotterdam pour r\u00e9cup\u00e9rer les demi-coiffes de la fus\u00e9e, il poursuivra \u00e0 Br\u00eame pour charger l\u2019\u00e9tage sup\u00e9rieur, enfin il s\u2019arr\u00eatera au\u00a0Havre pour r\u00e9cup\u00e9rer l\u2019\u00e9tage principal [r\u00e9alis\u00e9 aux Mureaux], puis il partira pour la Guyane\u00a0\u00bb, explique Caroline Arnoux, directrice du programme Ariane 6. Apr\u00e8s l&rsquo;assemblage de la fus\u00e9e sur place, le lancement est pr\u00e9vu \u00ab d\u00e9but 2026 \u00bb, sans plus de pr\u00e9cision \u00e0 ce stade.<\/p>\n<p>Cette \u00ab\u00a0rotation\u00a0\u00bb entre l\u2019Europe et Kourou se fait en vingt-huit jours, aller-retour. Un rythme qui doit permettre de r\u00e9aliser, dans les prochaines ann\u00e9es, neuf \u00e0 dix lancements d&rsquo;Ariane 6 par an, contre huit pr\u00e9vus en\u00a02026.<\/p>\n<p>3.200 satellites Amazon \u00e0 terme<\/p>\n<p>Quelque 18 lancements en tout ont \u00e9t\u00e9 achet\u00e9s par Amazon Leo \u00e0 Arianespace, qui vont s\u2019\u00e9taler sur plusieurs ann\u00e9es. Amazon Leo a toutefois d\u00e9j\u00e0 commenc\u00e9 \u00e0 placer en orbite basse, 153 satellites depuis le mois d&rsquo;avril, via six lancements effectu\u00e9s par le lanceur am\u00e9ricain ULA. Un total de 80 lancements est pr\u00e9vu avec quatre lanceurs diff\u00e9rents &#8211; ULA, <a href=\"https:\/\/www.20minutes.fr\/high-tech\/blue-origin\/\" class=\"c-link c-link--is-underlined\" target=\"_blank\" rel=\"noopener\">Blue Origin<\/a>, Ariane 6 et <a href=\"https:\/\/www.20minutes.fr\/dossier\/spacex\" class=\"c-link c-link--is-underlined\" target=\"_blank\" rel=\"noopener\">Space X<\/a> &#8211; pour placer au total 3.200 satellites en orbite dans les prochaines ann\u00e9es.<\/p>\n<p><a href=\"https:\/\/www.20minutes.fr\/dossier\/ariane\" class=\"c-link c-btn c-btn--primary\" target=\"_blank\" rel=\"noopener\">Notre dossier sur la fus\u00e9e Ariane<\/a><\/p>\n<p>Longtemps connu sous le nom de Kuiper, Amazon Leo entend concurrencer le programme <a href=\"https:\/\/www.20minutes.fr\/guide-achat\/high-tech-image\/4078282-20240226-starlink-internet-satellite-invite-chez-prix-reduit\" class=\"c-link c-link--is-underlined\" target=\"_blank\" rel=\"noopener\">Starlink<\/a> de Space X, qui compte d\u00e9j\u00e0 10.000 satellites en orbite. \u00ab\u00a0C\u2019est un gros enjeu pour Amazon, car c\u2019est un nouveau service que l\u2019on veut offrir, afin de mettre les citoyens sur un pied d\u2019\u00e9galit\u00e9 face \u00e0 l\u2019accessibilit\u00e9 Internet haut d\u00e9bit, explique Fr\u00e9d\u00e9ric Duval, directeur g\u00e9n\u00e9ral d\u2019Amazon.fr. Pour les m\u00e9nages et les zones rurales, ce sera l\u2019opportunit\u00e9 de b\u00e9n\u00e9ficier d\u2019un acc\u00e8s Internet fiable et abordable. Pour les entreprises, ce sera la possibilit\u00e9 d\u2019avoir des terminaux tr\u00e8s performants et avoir de la bande passante tr\u00e8s forte.\u00a0\u00bb<\/p>\n<p>Le service Leo doit commencer \u00e0 \u00eatre op\u00e9rationnel en\u00a02026, avant de monter en puissance progressivement, avec des offres allant de 100 Mbps, jusqu\u2019\u00e0 1 Gbps (gigabit par seconde, pour les professionnels).<\/p>\n","protected":false},"excerpt":{"rendered":"Du port de Bordeaux \u00e0 l\u2019Espace. M\u00eame si les Bordelais commencent \u00e0 \u00eatre habitu\u00e9s aux passages sur la&hellip;\n","protected":false},"author":2,"featured_media":581137,"comment_status":"","ping_status":"","sticky":false,"template":"","format":"standard","meta":{"footnotes":""},"categories":[6],"tags":[4239,3177,6445,1997,35,33,34,386,1011,27,69487,2905,7644,142,310,68768,2219,4313,41],"class_list":{"0":"post-581136","1":"post","2":"type-post","3":"status-publish","4":"format-standard","5":"has-post-thumbnail","7":"category-economie","8":"tag-amazon","9":"tag-aquitaine","10":"tag-ariane-6","11":"tag-bordeaux","12":"tag-business","13":"tag-economie","14":"tag-economy","15":"tag-espace","16":"tag-fr","17":"tag-france","18":"tag-fusee-ariane","19":"tag-gironde","20":"tag-guyane","21":"tag-high-tech","22":"tag-internet","23":"tag-kourou","24":"tag-nouvelle-aquitaine","25":"tag-satellite","26":"tag-sciences"},"share_on_mastodon":{"url":"https:\/\/pubeurope.com\/@fr\/115670161558895649","error":""},"_links":{"self":[{"href":"https:\/\/www.europesays.com\/fr\/wp-json\/wp\/v2\/posts\/581136","targetHints":{"allow":["GET"]}}],"collection":[{"href":"https:\/\/www.europesays.com\/fr\/wp-json\/wp\/v2\/posts"}],"about":[{"href":"https:\/\/www.europesays.com\/fr\/wp-json\/wp\/v2\/types\/post"}],"author":[{"embeddable":true,"href":"https:\/\/www.europesays.com\/fr\/wp-json\/wp\/v2\/users\/2"}],"replies":[{"embeddable":true,"href":"https:\/\/www.europesays.com\/fr\/wp-json\/wp\/v2\/comments?post=581136"}],"version-history":[{"count":0,"href":"https:\/\/www.europesays.com\/fr\/wp-json\/wp\/v2\/posts\/581136\/revisions"}],"wp:featuredmedia":[{"embeddable":true,"href":"https:\/\/www.europesays.com\/fr\/wp-json\/wp\/v2\/media\/581137"}],"wp:attachment":[{"href":"https:\/\/www.europesays.com\/fr\/wp-json\/wp\/v2\/media?parent=581136"}],"wp:term":[{"taxonomy":"category","embeddable":true,"href":"https:\/\/www.europesays.com\/fr\/wp-json\/wp\/v2\/categories?post=581136"},{"taxonomy":"post_tag","embeddable":true,"href":"https:\/\/www.europesays.com\/fr\/wp-json\/wp\/v2\/tags?post=581136"}],"curies":[{"name":"wp","href":"https:\/\/api.w.org\/{rel}","templated":true}]}}