{"id":58114,"date":"2025-04-28T01:32:09","date_gmt":"2025-04-28T01:32:09","guid":{"rendered":"https:\/\/www.europesays.com\/fr\/58114\/"},"modified":"2025-04-28T01:32:09","modified_gmt":"2025-04-28T01:32:09","slug":"arrestation-pour-terrorisme-en-russie-et-semaine-cruciale-a-washington","status":"publish","type":"post","link":"https:\/\/www.europesays.com\/fr\/58114\/","title":{"rendered":"Arrestation pour terrorisme en Russie et semaine \u00ab\u00a0cruciale\u00a0\u00bb \u00e0 Washington"},"content":{"rendered":"<p>Vous avez rat\u00e9 les derniers \u00e9v\u00e9nements sur la guerre en Ukraine\u00a0? <a href=\"https:\/\/www.20minutes.fr\/dossier\/20_minutes\" class=\"color-ultramarine c-link\" rel=\"nofollow noopener\" target=\"_blank\">20 Minutes<\/a> fait le point pour vous tous les soirs. Entre les d\u00e9clarations fortes, les avanc\u00e9es sur le front et le bilan des combats, voici l\u2019essentiel de ce dimanche 27\u00a0avril, 1.159e jour du conflit.<\/p>\n<p>Le fait du jour<\/p>\n<p>L\u2019homme suspect\u00e9 d\u2019avoir tu\u00e9 un g\u00e9n\u00e9ral russe dans l\u2019explosion d\u2019une voiture pr\u00e8s de <a href=\"https:\/\/www.20minutes.fr\/monde\/moscou\/\" class=\"color-ultramarine c-link\" rel=\"nofollow noopener\" target=\"_blank\">Moscou<\/a>, dont l\u2019arrestation a \u00e9t\u00e9 annonc\u00e9e samedi, a \u00e9t\u00e9 inculp\u00e9 pour \u00ab\u00a0acte terroriste\u00a0\u00bb, a indiqu\u00e9 ce dimanche le Comit\u00e9 d\u2019enqu\u00eate, charg\u00e9 des principales investigations en Russie. \u00ab\u00a0Le parquet g\u00e9n\u00e9ral russe a inculp\u00e9 Ignat Kouzine pour [\u2026] <a href=\"https:\/\/www.20minutes.fr\/dossier\/terrorisme\" class=\"color-ultramarine c-link\" rel=\"nofollow noopener\" target=\"_blank\">acte terroriste<\/a>, trafic illicite et fabrication d\u2019explosifs et d\u2019engins explosifs\u00a0\u00bb, a pr\u00e9cis\u00e9 le puissant Comit\u00e9 d\u2019enqu\u00eate dans un communiqu\u00e9. Le suspect risque la prison \u00e0 vie, selon le Code p\u00e9nal russe.<\/p>\n<\/p>\n<p>D\u2019apr\u00e8s cet organisme, le suspect \u00ab\u00a0a reconnu sa culpabilit\u00e9\u00a0\u00bb et a affirm\u00e9 \u00ab\u00a0avoir \u00e9t\u00e9 recrut\u00e9 par des agents des services de s\u00e9curit\u00e9 ukrainiens, qui l\u2019ont contact\u00e9 en lui proposant une r\u00e9compense\u00a0\u00bb totale de 18.000 dollars (pr\u00e8s de 16.000 euros). Selon son r\u00e9cit, rapport\u00e9 par le Comit\u00e9 d\u2019enqu\u00eate, il est arriv\u00e9 en <a href=\"https:\/\/www.20minutes.fr\/monde\/russie\/\" class=\"color-ultramarine c-link\" rel=\"nofollow noopener\" target=\"_blank\">Russie <\/a>en septembre\u00a02023 avant de se voir confier la mission d\u2019\u00e9liminer le g\u00e9n\u00e9ral Iaroslav Moskalik, chef adjoint de la Direction g\u00e9n\u00e9rale op\u00e9rationnelle de l\u2019\u00e9tat-major des forces arm\u00e9es russes.<\/p>\n<p>La phrase du jour<\/p>\n<blockquote class=\"mx-m@xs mx-xxl@md color-ultramarine c-citation\">\n<p class=\"font-weight-regular@xs text-italic font-source-serif-pro text-l@xs c-citation__content\">\u00ab\u00a0Nos forces poursuivent leurs op\u00e9rations d\u00e9fensives actives.\u00a0\u00bb<\/p>\n<\/blockquote>\n<p>Le pr\u00e9sident <a href=\"https:\/\/www.20minutes.fr\/monde\/volodymyr-zelensky\/\" class=\"color-ultramarine c-link\" rel=\"nofollow noopener\" target=\"_blank\">Volodymyr Zelensky<\/a> a assur\u00e9 dimanche que l\u2019arm\u00e9e ukrainienne poursuivait ses op\u00e9rations dans la r\u00e9gion russe de Koursk, contredisant l\u2019annonce faite la veille par Moscou de \u00ab\u00a0la lib\u00e9ration\u00a0\u00bb totale de cette zone frontali\u00e8re par les troupes russes.<\/p>\n<p>\u00ab\u00a0Nos forces poursuivent leurs op\u00e9rations d\u00e9fensives actives dans les zones d\u00e9sign\u00e9es des r\u00e9gions [russes] de Koursk et de Belgorod\u00a0\u00bb, a-t-il d\u00e9clar\u00e9 sur les r\u00e9seaux sociaux. Les responsables militaires ukrainiens avaient \u00e9galement rejet\u00e9 samedi les \u00ab\u00a0fausses\u00a0\u00bb affirmations de l\u2019\u00e9tat-major de l\u2019arm\u00e9e russe, d\u00e9non\u00e7ant \u00ab\u00a0la propagande\u00a0\u00bb de Moscou sur le sujet.<\/p>\n<p>Le chiffre du jour<\/p>\n<p>3. Dimanche, trois personnes ont \u00e9t\u00e9 tu\u00e9es et quatre autres bless\u00e9es dans une frappe russe sur Kostiantynivka, tout pr\u00e8s du front, selon les autorit\u00e9s de la r\u00e9gion orientale de <a href=\"https:\/\/www.20minutes.fr\/dossier\/donetsk\" class=\"color-ultramarine c-link\" rel=\"nofollow noopener\" target=\"_blank\">Donetsk<\/a>.<\/p>\n<p>La tendance du jour<\/p>\n<p>La semaine \u00e0 venir sera \u00ab\u00a0cruciale\u00a0\u00bb pour d\u00e9terminer si la Russie et l\u2019Ukraine sont pr\u00eates \u00e0 conclure un accord pour mettre fin \u00e0 la guerre, a estim\u00e9 dimanche le chef de la diplomatie am\u00e9ricaine Marco Rubio. Le pr\u00e9sident am\u00e9ricain <a href=\"https:\/\/www.20minutes.fr\/dossier\/donald_trump\" class=\"color-ultramarine c-link\" rel=\"nofollow noopener\" target=\"_blank\">Donald Trump<\/a> exerce une forte pression pour arriver le plus rapidement possible \u00e0 une cessation des hostilit\u00e9s en <a href=\"https:\/\/www.20minutes.fr\/monde\/ukraine\/\" class=\"color-ultramarine c-link\" rel=\"nofollow noopener\" target=\"_blank\">Ukraine<\/a>, et multiplie les signes d\u2019impatience vis-\u00e0-vis de Kiev et Moscou.<\/p>\n<p><a href=\"https:\/\/www.20minutes.fr\/monde\/ukraine\/\" class=\"c-link c-btn c-btn--primary\" rel=\"nofollow noopener\" target=\"_blank\">Tous nos articles sur la guerre en Ukraine<\/a><\/p>\n<p>Il a rencontr\u00e9 samedi \u00e0 <a href=\"https:\/\/www.20minutes.fr\/dossier\/rome\" class=\"color-ultramarine c-link\" rel=\"nofollow noopener\" target=\"_blank\">Rome<\/a> son homologue ukrainien Volodymyr Zelensky, en marge des <a href=\"https:\/\/www.20minutes.fr\/monde\/4150505-20250426-direct-mort-pape-francois-fideles-affluent-deja-assister-messe-enterrement\" class=\"color-ultramarine c-link\" rel=\"nofollow noopener\" target=\"_blank\">fun\u00e9railles du pape Fran\u00e7ois<\/a>, et \u00e9mis des doutes quant \u00e0 la volont\u00e9 du pr\u00e9sident russe Vladimir Poutine de r\u00e9gler le conflit en Ukraine. \u00ab\u00a0Nous sommes proches [d\u2019un accord], mais pas assez proches\u00a0\u00bb, a d\u00e9clar\u00e9 dimanche Marco Rubio dans une interview \u00e0 la cha\u00eene NBC. \u00ab\u00a0Je pense que cette semaine sera cruciale [\u2026], nous devrons d\u00e9cider si nous voulons continuer \u00e0 nous impliquer dans cette entreprise ou s\u2019il est temps de nous concentrer sur d\u2019autres questions qui sont tout aussi importantes, voire plus importantes, dans certains cas\u00a0\u00bb, a-t-il dit.<\/p>\n","protected":false},"excerpt":{"rendered":"Vous avez rat\u00e9 les derniers \u00e9v\u00e9nements sur la guerre en Ukraine\u00a0? 20 Minutes fait le point pour vous&hellip;\n","protected":false},"author":2,"featured_media":58115,"comment_status":"","ping_status":"","sticky":false,"template":"","format":"standard","meta":{"footnotes":""},"categories":[1591],"tags":[47,11,75,1887,131,74,1916,12,1885,1886,132,135,134],"class_list":{"0":"post-58114","1":"post","2":"type-post","3":"status-publish","4":"format-standard","5":"has-post-thumbnail","7":"category-russie","8":"tag-actualite","9":"tag-actualites","10":"tag-donald-trump","11":"tag-federation-de-russie","12":"tag-guerre-en-ukraine","13":"tag-monde","14":"tag-moscou","15":"tag-news","16":"tag-russia","17":"tag-russian-federation","18":"tag-russie","19":"tag-vladimir-poutine","20":"tag-volodymyr-zelensky"},"share_on_mastodon":{"url":"","error":""},"_links":{"self":[{"href":"https:\/\/www.europesays.com\/fr\/wp-json\/wp\/v2\/posts\/58114","targetHints":{"allow":["GET"]}}],"collection":[{"href":"https:\/\/www.europesays.com\/fr\/wp-json\/wp\/v2\/posts"}],"about":[{"href":"https:\/\/www.europesays.com\/fr\/wp-json\/wp\/v2\/types\/post"}],"author":[{"embeddable":true,"href":"https:\/\/www.europesays.com\/fr\/wp-json\/wp\/v2\/users\/2"}],"replies":[{"embeddable":true,"href":"https:\/\/www.europesays.com\/fr\/wp-json\/wp\/v2\/comments?post=58114"}],"version-history":[{"count":0,"href":"https:\/\/www.europesays.com\/fr\/wp-json\/wp\/v2\/posts\/58114\/revisions"}],"wp:featuredmedia":[{"embeddable":true,"href":"https:\/\/www.europesays.com\/fr\/wp-json\/wp\/v2\/media\/58115"}],"wp:attachment":[{"href":"https:\/\/www.europesays.com\/fr\/wp-json\/wp\/v2\/media?parent=58114"}],"wp:term":[{"taxonomy":"category","embeddable":true,"href":"https:\/\/www.europesays.com\/fr\/wp-json\/wp\/v2\/categories?post=58114"},{"taxonomy":"post_tag","embeddable":true,"href":"https:\/\/www.europesays.com\/fr\/wp-json\/wp\/v2\/tags?post=58114"}],"curies":[{"name":"wp","href":"https:\/\/api.w.org\/{rel}","templated":true}]}}