{"id":581142,"date":"2025-12-06T02:04:23","date_gmt":"2025-12-06T02:04:23","guid":{"rendered":"https:\/\/www.europesays.com\/fr\/581142\/"},"modified":"2025-12-06T02:04:23","modified_gmt":"2025-12-06T02:04:23","slug":"de-la-folie-un-monde-incroyable-devant-la-tete-dor-pour-les-drones","status":"publish","type":"post","link":"https:\/\/www.europesays.com\/fr\/581142\/","title":{"rendered":"\u00ab\u00a0de la folie\u00a0\u00bb, un monde incroyable devant la T\u00eate d&rsquo;Or pour les drones"},"content":{"rendered":"<p>                    Par<br \/>\n        <strong><br \/>\n            <a href=\"https:\/\/actu.fr\/auteur\/nicolas-zaugra\" title=\"Consulter tous les articles de Nicolas Zaugra\" target=\"_blank\" rel=\"noopener\">Nicolas Zaugra<\/a><br \/>\n                    <\/strong><\/p>\n<p>        Publi\u00e9 le<\/p>\n<p>            5 d\u00e9c. 2025 \u00e0 19h01<br \/>\n        ; mis \u00e0 jour le 5 d\u00e9c. 2025 \u00e0 20h47    <\/p>\n<p>Le <strong>parc de la T\u00eate d\u2019Or<\/strong> d\u00e9j\u00e0 victime de son succ\u00e8s et d\u00e9bord\u00e9 par la foule\u2009? Des milliers de personnes attendent depuis la fin d\u2019apr\u00e8s-midi devant le parc pour esp\u00e9rer entrer et assister au spectacle de drones lumineux. Pour la premi\u00e8re fois, la <a href=\"https:\/\/actu.fr\/tag\/fete-des-lumieres-de-lyon\" target=\"_blank\" rel=\"noopener\">F\u00eate des Lumi\u00e8res<\/a> de <a href=\"https:\/\/actu.fr\/auvergne-rhone-alpes\/lyon_69123\" target=\"_blank\" rel=\"noopener\">Lyon<\/a> organise ce type de <a href=\"https:\/\/actu.fr\/auvergne-rhone-alpes\/lyon_69123\/fete-des-lumieres-de-lyon-l-incroyable-show-de-drones-peut-etre-annule-voici-pourquoi_63513486.html\" target=\"_blank\" rel=\"noopener\">show o\u00f9 500 drones<\/a> vont voler dans le ciel. Mais alors que la f\u00eate d\u00e9marre \u00e0 19h, les spectateurs se massent dans <strong>une file d\u2019attente sur plus d\u2019un kilom\u00e8tre<\/strong>.<\/p>\n<p class=\" wall-content\">A plus de 20 heures, il y avait au moins deux heures d\u2019attente alors que les derni\u00e8res entr\u00e9es autoris\u00e9es dans le parc sont limit\u00e9es \u00e0 22h. Il est fort possible qu\u2019il y ait de nombreux d\u00e9\u00e7us.<\/p>\n<p>D\u00e9j\u00e0 des milliers de spectateurs en attente<\/p>\n<p class=\" wall-content\">Selon nos journalistes, le monde continue d\u2019affluer sur le boulevard des Belges et d\u00e9borde jusqu\u2019aux quais vers l\u2019avenue de Grande-Bretagne. Avant m\u00eame le lancement du premier spectacle qui est jou\u00e9 toutes les 30\u00a0minutes jusqu\u2019\u00e0 23h, les curieux continuent d\u2019arriver alors qu\u2019aucune file d\u2019attente n\u2019est r\u00e9ellement organis\u00e9e.<\/p>\n<p class=\" wall-content\">\u00c9lodie et Delphine, rencontr\u00e9es dans la queue, sont surprises par la foule\u2009: \u00ab\u2009Pour l\u2019instant c\u2019est tol\u00e9rable, mais apr\u00e8s j\u2019avoue que si \u00e7a dure dix mille ans\u2026 On n\u2019a pas envie de devenir des gla\u00e7ons, d\u2019autant que demain on travaille.\u2009\u00bb<\/p>\n<p class=\" wall-content\">\u00ab\u2009Un truc de fou\u2009\u00bb, \u00ab\u2009de la folie\u2009\u00bb, ajoutent des Lyonnais en attente dans la file. Certains ne sont pas d\u00e9courag\u00e9s et vont quand m\u00eame attendre, d\u2019autres font demi-tour. Il y a aussi de la confusion c\u00f4t\u00e9 organisation\u2009: \u00ab\u2009les r\u00e9gisseurs entre eux via les talkies walkies disent que c\u2019est\u2009\u00bb le bordel \u00ab, dans la queue PSH, personne en situation de handicap, ils vont proc\u00e9der \u00e0 des contr\u00f4les car ils pensent que de nombreuses personnes se sont greff\u00e9es\u2026\u2009\u00bb, constate notre journaliste sur place.<\/p>\n<p class=\" wall-content\">\n<p class=\" wall-content\">\n<p class=\" wall-content\"><a href=\"https:\/\/actu.fr\/auvergne-rhone-alpes\/lyon_69123\/direct-fete-des-lumieres-2025-a-lyon-avis-photos-suivez-la-premiere-soiree-d-illuminations_63535306.html\" target=\"_blank\" rel=\"noopener\">NOTRE DIRECT pour suivre la premi\u00e8re soir\u00e9e de la F\u00eate des Lumi\u00e8res<\/a><\/p>\n<p>\u00ab\u2009On a l\u2019exp\u00e9rience du parc de la T\u00eate d\u2019or\u2009\u00bb<\/p>\n<p class=\" wall-content\">Selon la pr\u00e9f\u00e8te Fabienne Buccio, interrog\u00e9e par actu Lyon, \u00ab\u2009on a l\u2019exp\u00e9rience du parc de la T\u00eate d\u2019or\u2009\u00bb, o\u00f9 il y a d\u00e9j\u00e0 eu des p\u00e9rim\u00e8tres lors d\u2019\u00e9ditions pr\u00e9c\u00e9dentes. \u00ab\u2009Cette ann\u00e9e, le spectacle est pr\u00e9vu toutes les demies-heures avec les centaines de drones, on fait attendre les spectateurs \u00e0 l\u2019int\u00e9rieur du parc, l\u2019ann\u00e9e derni\u00e8re, ils attendaient \u00e0 l\u2019ext\u00e9rieur. Au moment o\u00f9 le premier spectacle est termin\u00e9, le suivant d\u00e9marre. On pr\u00e9voit un flux r\u00e9gul\u00e9\u2009\u00bb.<\/p>\n<p>    <img   decoding=\"async\" loading=\"lazy\" src=\"https:\/\/www.europesays.com\/fr\/wp-content\/uploads\/2025\/12\/tete-dor-foule-fete-des-lumieres-lyon-960x640.jpeg\" alt=\"Les premiers groupes de visiteurs attendent dans le parc avant le spectacle de drones.\" width=\"960\" height=\"640\"\/><br \/>\n    Les premiers groupes de visiteurs attendent dans le parc avant le spectacle de drones. (\u00a9Ludivine Caporal\/ actu Lyon)<\/p>\n<p>Votre r\u00e9gion, votre actu !<\/p>\n<p>Recevez chaque jour les infos qui comptent pour vous.<\/p>\n<p>\t<a href=\"https:\/\/actu.fr\/newsletter\" class=\"ac-btn ac-btn--corner ac-btn--medium ac-btn--blue800\" target=\"_blank\" rel=\"noopener\">S&rsquo;incrire<\/a><\/p>\n<p class=\" wall-content\">\u00ab\u2009Il faut venir sans sac pour gagner du temps aux entr\u00e9es car on doit les regarder, la s\u00e9curit\u00e9 c\u2019est l\u2019affaire de tous\u2009\u00bb, conseille la pr\u00e9f\u00e8te.<\/p>\n<p class=\" wall-content\">Personnalisez votre actualit\u00e9 en ajoutant vos villes et m\u00e9dias en favori avec <a href=\"https:\/\/moncompte.actu.fr\" title=\"D\u00e9couvez Mon Actu\" rel=\"nofollow noopener\" data-trk=\"{&quot;cta&quot;:{&quot;action&quot;:&quot;https:\\\/\\\/moncompte.actu.fr&quot;,&quot;category&quot;:&quot;mon compte&quot;,&quot;from&quot;:&quot;article footer&quot;,&quot;name&quot;:&quot;Mon actu&quot;,&quot;type&quot;:&quot;cta&quot;}}\" target=\"_blank\">Mon Actu<\/a>.<\/p>\n","protected":false},"excerpt":{"rendered":"Par Nicolas Zaugra Publi\u00e9 le 5 d\u00e9c. 2025 \u00e0 19h01 ; mis \u00e0 jour le 5 d\u00e9c. 2025&hellip;\n","protected":false},"author":2,"featured_media":581143,"comment_status":"","ping_status":"","sticky":false,"template":"","format":"standard","meta":{"footnotes":""},"categories":[2],"tags":[11,48837,1011,27,1652,12,13760],"class_list":{"0":"post-581142","1":"post","2":"type-post","3":"status-publish","4":"format-standard","5":"has-post-thumbnail","7":"category-actualites","8":"tag-actualites","9":"tag-fete-des-lumieres-de-lyon","10":"tag-fr","11":"tag-france","12":"tag-loisirs-culture","13":"tag-news","14":"tag-parc-de-la-tete-dor"},"share_on_mastodon":{"url":"https:\/\/pubeurope.com\/@fr\/115670173284273336","error":""},"_links":{"self":[{"href":"https:\/\/www.europesays.com\/fr\/wp-json\/wp\/v2\/posts\/581142","targetHints":{"allow":["GET"]}}],"collection":[{"href":"https:\/\/www.europesays.com\/fr\/wp-json\/wp\/v2\/posts"}],"about":[{"href":"https:\/\/www.europesays.com\/fr\/wp-json\/wp\/v2\/types\/post"}],"author":[{"embeddable":true,"href":"https:\/\/www.europesays.com\/fr\/wp-json\/wp\/v2\/users\/2"}],"replies":[{"embeddable":true,"href":"https:\/\/www.europesays.com\/fr\/wp-json\/wp\/v2\/comments?post=581142"}],"version-history":[{"count":0,"href":"https:\/\/www.europesays.com\/fr\/wp-json\/wp\/v2\/posts\/581142\/revisions"}],"wp:featuredmedia":[{"embeddable":true,"href":"https:\/\/www.europesays.com\/fr\/wp-json\/wp\/v2\/media\/581143"}],"wp:attachment":[{"href":"https:\/\/www.europesays.com\/fr\/wp-json\/wp\/v2\/media?parent=581142"}],"wp:term":[{"taxonomy":"category","embeddable":true,"href":"https:\/\/www.europesays.com\/fr\/wp-json\/wp\/v2\/categories?post=581142"},{"taxonomy":"post_tag","embeddable":true,"href":"https:\/\/www.europesays.com\/fr\/wp-json\/wp\/v2\/tags?post=581142"}],"curies":[{"name":"wp","href":"https:\/\/api.w.org\/{rel}","templated":true}]}}