{"id":581146,"date":"2025-12-06T02:06:26","date_gmt":"2025-12-06T02:06:26","guid":{"rendered":"https:\/\/www.europesays.com\/fr\/581146\/"},"modified":"2025-12-06T02:06:26","modified_gmt":"2025-12-06T02:06:26","slug":"saint-etienne-sembrase-pour-la-sainte-barbe-ce-samedi","status":"publish","type":"post","link":"https:\/\/www.europesays.com\/fr\/581146\/","title":{"rendered":"Saint-Etienne s&#8217;embrase pour la Sainte-Barbe ce samedi"},"content":{"rendered":"<p><img decoding=\"async\" class=\"\" style=\"width:100%\" src=\"https:\/\/www.europesays.com\/fr\/wp-content\/uploads\/2025\/12\/sainte_barbe1764942149860.webp.webp\" alt=\"La f\u00eate de la Sainte-Barbe.\"\/><\/p>\n<p>La f\u00eate de la Sainte-Barbe.<\/p>\n<p>Cr\u00e9dit : Ville de Saint-Etienne.<\/p>\n<p>\u00c0 Saint-\u00c9tienne, on f\u00eatera la Sainte-Barbe ce samedi. D\u00e8s 14 heures, un bal des \u00ab\u00a0petits mineurs\u00a0\u00bb est pr\u00e9vu place Waldeck-Rousseau. Avec un spectacle, des stands de maquillage et un go\u00fbter. Il sera aussi possible de fabriquer des lampions de la Sainte-Barbe \u00e0 l&rsquo;office de tourisme, avenue de la Lib\u00e9ration, au m\u00eame moment.<\/p>\n<p>Les festivit\u00e9s, plus officielles, en hommage \u00e0 la patronne des mineurs (dont la date officielle est le 4 d\u00e9cembre) se poursuivront, comme d\u2019habitude, place Jean-Jaur\u00e8s, \u00e0 partir de 18h45. Un cort\u00e8ge prendra la direction du puits Couriot, o\u00f9 un feu d\u2019artifice, que certains qualifient de plus beau de l&rsquo;ann\u00e9e \u00e0 Saint\u00e9, sera tir\u00e9 vers 20 heures, depuis le parc Joseph Sanguedolce.<\/p>\n<p>Pour ceux qui souhaitent poursuivre la soir\u00e9e jusqu&rsquo;au bout de la nuit, le grand bal de la Sainte-Barbe d\u00e9butera \u00e0 23 heures, au FIL Au programme : Barbeuk Crew et DJ Kitsch Lor\u00e8ne. C&rsquo;est gratuit.<\/p>\n","protected":false},"excerpt":{"rendered":"La f\u00eate de la Sainte-Barbe. Cr\u00e9dit : Ville de Saint-Etienne. \u00c0 Saint-\u00c9tienne, on f\u00eatera la Sainte-Barbe ce samedi.&hellip;\n","protected":false},"author":2,"featured_media":581147,"comment_status":"","ping_status":"","sticky":false,"template":"","format":"standard","meta":{"footnotes":""},"categories":[9653],"tags":[1111,11,2430,1777,674,7186,69488,1011,27,3367,6636,12,25,4001,65104],"class_list":{"0":"post-581146","1":"post","2":"type-post","3":"status-publish","4":"format-standard","5":"has-post-thumbnail","7":"category-saint-etienne","8":"tag-actu","9":"tag-actualites","10":"tag-auvergne-rhone-alpes","11":"tag-eu","12":"tag-europe","13":"tag-festivites","14":"tag-feu_d_artifices","15":"tag-fr","16":"tag-france","17":"tag-loire","18":"tag-mineurs","19":"tag-news","20":"tag-republique-francaise","21":"tag-saint-etienne","22":"tag-sainte-barbe"},"share_on_mastodon":{"url":"https:\/\/pubeurope.com\/@fr\/115670181699731782","error":""},"_links":{"self":[{"href":"https:\/\/www.europesays.com\/fr\/wp-json\/wp\/v2\/posts\/581146","targetHints":{"allow":["GET"]}}],"collection":[{"href":"https:\/\/www.europesays.com\/fr\/wp-json\/wp\/v2\/posts"}],"about":[{"href":"https:\/\/www.europesays.com\/fr\/wp-json\/wp\/v2\/types\/post"}],"author":[{"embeddable":true,"href":"https:\/\/www.europesays.com\/fr\/wp-json\/wp\/v2\/users\/2"}],"replies":[{"embeddable":true,"href":"https:\/\/www.europesays.com\/fr\/wp-json\/wp\/v2\/comments?post=581146"}],"version-history":[{"count":0,"href":"https:\/\/www.europesays.com\/fr\/wp-json\/wp\/v2\/posts\/581146\/revisions"}],"wp:featuredmedia":[{"embeddable":true,"href":"https:\/\/www.europesays.com\/fr\/wp-json\/wp\/v2\/media\/581147"}],"wp:attachment":[{"href":"https:\/\/www.europesays.com\/fr\/wp-json\/wp\/v2\/media?parent=581146"}],"wp:term":[{"taxonomy":"category","embeddable":true,"href":"https:\/\/www.europesays.com\/fr\/wp-json\/wp\/v2\/categories?post=581146"},{"taxonomy":"post_tag","embeddable":true,"href":"https:\/\/www.europesays.com\/fr\/wp-json\/wp\/v2\/tags?post=581146"}],"curies":[{"name":"wp","href":"https:\/\/api.w.org\/{rel}","templated":true}]}}