{"id":581148,"date":"2025-12-06T02:07:45","date_gmt":"2025-12-06T02:07:45","guid":{"rendered":"https:\/\/www.europesays.com\/fr\/581148\/"},"modified":"2025-12-06T02:07:45","modified_gmt":"2025-12-06T02:07:45","slug":"nancy-appel-a-volontaires-pour-une-etude-sur-leffet-des-antidepresseurs-sur-le-fonctionnement-de-la-retine","status":"publish","type":"post","link":"https:\/\/www.europesays.com\/fr\/581148\/","title":{"rendered":"Nancy. Appel \u00e0 volontaires pour une \u00e9tude sur l\u2019effet des antid\u00e9presseurs sur le fonctionnement de la r\u00e9tine"},"content":{"rendered":"<p>La r\u00e9tine est constitu\u00e9e de neurones. Alors, forc\u00e9ment, les neurosciences s\u2019y sont int\u00e9ress\u00e9es de pr\u00e8s pour comprendre certains <a href=\"https:\/\/www.estrepublicain.fr\/magazine-sante\/2025\/03\/06\/semaine-du-cerveau-2025-un-cycle-de-conferences-exceptionnel-en-lorraine\" target=\"_blank\" rel=\"noopener\">m\u00e9canismes du cerveau<\/a>. Accessible, la r\u00e9tine ne n\u00e9cessite pas de recourir \u00e0 des techniques exploratoires lourdes et invasives. L\u2019\u00e9lectror\u00e9tinographie (ERG) permet, par exemple, d\u2019\u00e9valuer son fonctionnement sans avoir \u00e0 op\u00e9rer en profondeur. La r\u00e9tine est consid\u00e9r\u00e9e comme une \u00ab fen\u00eatre ouverte \u00bb sur le cerveau. Un simple appareil pos\u00e9 sur l\u2019\u0153il suffit ainsi \u00e0 mesurer son activit\u00e9 et \u00e0 r\u00e9aliser un examen pouss\u00e9. Ing\u00e9nieure hospitali\u00e8re et doctorante en neurosciences au Centre Expert des Troubles Bipolaires (CETB) du Centre psychoth\u00e9rapeutique de Nancy (CPN), Marie de Deus entend par ce biais mesurer l\u2019influence des antid\u00e9presseurs sur la fonction r\u00e9tinienne avec un ERG. Dans le cadre d\u2019une \u00e9tude intitul\u00e9e M\u00e9santidep (Marqueurs \u00e9lectrophysiologiques des antid\u00e9presseurs), elle lance un appel \u00e0 des volontaires au profil particulier. Ils doivent \u00eatre majeurs, souffrir d\u2019une d\u00e9pression unipolaire, ce qui exclut les personnes souffrant de troubles bipolaires, et se manifester aupr\u00e8s de Marie de Deus avant la toute premi\u00e8re prise d\u2019antid\u00e9presseur.<\/p>\n<p>  Une \u00e9tude fondamentale<\/p>\n<p>Le protocole veut, en effet, qu\u2019un ERG soit effectu\u00e9 pour \u00e9tablir une \u00ab cartographie \u00bb pr\u00e9cise de l\u2019\u00e9tat r\u00e9tinien avant la mise en place d\u2019un traitement. Ce qui signifie qu\u2019\u00e0 sa premi\u00e8re consultation, le patient doit joindre Marie de Deus pour s\u2019inscrire dans son parcours de recherche. Il devra, ensuite, se voir prescrire un <a href=\"https:\/\/www.estrepublicain.fr\/magazine-sante\/2025\/02\/10\/la-rupture-de-certains-medicaments-en-lorraine-inquiete-malades-et-medecins\" target=\"_blank\" rel=\"noopener\">antid\u00e9presseur<\/a> de classe ISRS ou alpha-2 antagoniste (mians\u00e9rine ou mirtazapine), les antid\u00e9presseurs les plus courants. Le suivi dure vingt-quatre semaines. Toutes les six semaines, le volontaire devra se rendre au CPN pour une demi-journ\u00e9e d\u2019\u00e9valuation visant \u00e0 estimer l\u2019efficacit\u00e9 des antid\u00e9presseurs et leurs effets sur l\u2019ERG. L\u2019objectif de cette \u00e9tude dirig\u00e9e par le Pr  Vincent Laprevotte, psychiatre, est de parvenir \u00e0 identifier des signaux \u00e9lectrophysiologiques au niveau r\u00e9tinien d\u00e9montrant l\u2019action des antid\u00e9presseurs et leur efficience afin de permettre aux m\u00e9decins de mieux orienter leur prise en charge m\u00e9dicamenteuse.<\/p>\n<p>  Trouver le bon antid\u00e9presseur<\/p>\n<p>Aujourd\u2019hui, il est encore difficile d\u2019adapter un traitement antid\u00e9presseur. Les th\u00e9rapeutes t\u00e2tonnent souvent, les patients ne r\u00e9agissant par tous de la m\u00eame mani\u00e8re \u00e0 certaines mol\u00e9cules. \u00ab On a des patients qui ne r\u00e9pondent pas forc\u00e9ment \u00e0 leur traitement et c\u2019est, souvent, apr\u00e8s plusieurs essais qu\u2019on trouve le bon m\u00e9dicament, explique Marie de Deus. On fait plut\u00f4t des tests. On donne une mol\u00e9cule, on voit si le patient r\u00e9pond bien. Si ce n\u2019est pas le cas, on redonne une mol\u00e9cule. Donc, \u00e0 chaque fois, on est sur des d\u00e9lais assez longs, on se laisse quinze jours \u00e0 trois semaines pour voir si \u00e7a fonctionne ou pas. Et, pendant ce temps-l\u00e0, le patient peut se retrouver en souffrance. \u00bb<\/p>\n<p>Psychiatre et membre du groupe de recherche, le Dr  \u00c8ve Cosker, poursuit : \u00ab On n\u2019a pas de crit\u00e8res objectifs qui peuvent nous dire \u00ab telle personne va r\u00e9pondre \u00e0 telle mol\u00e9cule \u00bb. On se base sur des recommandations. \u00bb 55 % des patients ont d\u00e9j\u00e0 suivi au moins trois cures d\u2019antid\u00e9presseurs diff\u00e9rents dans leur vie avant de trouver le bon antid\u00e9presseur. L\u2019id\u00e9al serait donc de savoir d\u2019embl\u00e9e, en pratiquant un ERG, que tel patient est r\u00e9actif \u00e0 une mol\u00e9cule sp\u00e9cifique pour gagner du temps et ne pas risquer une aggravation de sa d\u00e9pression. M\u00e9santidep a cette ambition de trouver ces marqueurs neurologiques qui \u00ab permettraient d\u2019aider \u00e0 guider la mise en place des antid\u00e9presseurs \u00bb. Pour cela, une cinquantaine de volontaires sont attendus sur les douze prochains mois.<\/p>\n<p class=\"note\">Via votre m\u00e9decin traitant ou votre psychiatre, contactez le m\u00e9decin en charge de l\u2019\u00e9tude : mesantidep@cpn-laxou.com<\/p>\n","protected":false},"excerpt":{"rendered":"La r\u00e9tine est constitu\u00e9e de neurones. Alors, forc\u00e9ment, les neurosciences s\u2019y sont int\u00e9ress\u00e9es de pr\u00e8s pour comprendre certains&hellip;\n","protected":false},"author":2,"featured_media":581149,"comment_status":"","ping_status":"","sticky":false,"template":"","format":"standard","meta":{"footnotes":""},"categories":[9635],"tags":[1111,11,1704,1777,674,1011,27,775,10426,5362,224,10262,3457,1702,12,298,3456,25,71,767],"class_list":{"0":"post-581148","1":"post","2":"type-post","3":"status-publish","4":"format-standard","5":"has-post-thumbnail","7":"category-nancy","8":"tag-actu","9":"tag-actualites","10":"tag-edition-nancy-et-agglomeration","11":"tag-eu","12":"tag-europe","13":"tag-fr","14":"tag-france","15":"tag-grand-est","16":"tag-laxou","17":"tag-magazine-sante","18":"tag-medecine","19":"tag-metropole-du-grand-nancy-54b5","20":"tag-meurthe-et-moselle","21":"tag-nancy","22":"tag-news","23":"tag-psychologie","24":"tag-region-lorraine","25":"tag-republique-francaise","26":"tag-sante","27":"tag-science-et-technologie"},"share_on_mastodon":{"url":"https:\/\/pubeurope.com\/@fr\/115670184331600195","error":""},"_links":{"self":[{"href":"https:\/\/www.europesays.com\/fr\/wp-json\/wp\/v2\/posts\/581148","targetHints":{"allow":["GET"]}}],"collection":[{"href":"https:\/\/www.europesays.com\/fr\/wp-json\/wp\/v2\/posts"}],"about":[{"href":"https:\/\/www.europesays.com\/fr\/wp-json\/wp\/v2\/types\/post"}],"author":[{"embeddable":true,"href":"https:\/\/www.europesays.com\/fr\/wp-json\/wp\/v2\/users\/2"}],"replies":[{"embeddable":true,"href":"https:\/\/www.europesays.com\/fr\/wp-json\/wp\/v2\/comments?post=581148"}],"version-history":[{"count":0,"href":"https:\/\/www.europesays.com\/fr\/wp-json\/wp\/v2\/posts\/581148\/revisions"}],"wp:featuredmedia":[{"embeddable":true,"href":"https:\/\/www.europesays.com\/fr\/wp-json\/wp\/v2\/media\/581149"}],"wp:attachment":[{"href":"https:\/\/www.europesays.com\/fr\/wp-json\/wp\/v2\/media?parent=581148"}],"wp:term":[{"taxonomy":"category","embeddable":true,"href":"https:\/\/www.europesays.com\/fr\/wp-json\/wp\/v2\/categories?post=581148"},{"taxonomy":"post_tag","embeddable":true,"href":"https:\/\/www.europesays.com\/fr\/wp-json\/wp\/v2\/tags?post=581148"}],"curies":[{"name":"wp","href":"https:\/\/api.w.org\/{rel}","templated":true}]}}