{"id":581150,"date":"2025-12-06T02:11:02","date_gmt":"2025-12-06T02:11:02","guid":{"rendered":"https:\/\/www.europesays.com\/fr\/581150\/"},"modified":"2025-12-06T02:11:02","modified_gmt":"2025-12-06T02:11:02","slug":"nancy-des-visites-gratuites-des-fouilles-menees-au-palais-ducal","status":"publish","type":"post","link":"https:\/\/www.europesays.com\/fr\/581150\/","title":{"rendered":"Nancy. Des visites gratuites des fouilles men\u00e9es au palais ducal"},"content":{"rendered":"<p>Envie de d\u00e9couvrir les vestiges mis au jour lors des fouilles au palais ducal\u00a0? Il ne faut pas louper le coche. Avant le remblaiement des zones scrut\u00e9es, indispensable \u00e0 la poursuite des travaux, il y a une seule fen\u00eatre de tir. Soit les samedi\u00a013 et dimanche 14\u00a0d\u00e9cembre.<\/p>\n<p>Ce contenu est bloqu\u00e9 car vous n&rsquo;avez pas accept\u00e9 les cookies et autres traceurs.<\/p>\n<p>En cliquant sur \u00ab J\u2019accepte \u00bb, les cookies et autres traceurs seront d\u00e9pos\u00e9s et vous pourrez visualiser les contenus  (<a href=\"\" class=\"consentModule_policy\" target=\"_blank\" title=\"Consulter la politique de protection des donn\u00e9es du fournisseur\">plus d&rsquo;informations<\/a>).<\/p>\n<p>En cliquant sur \u00ab J\u2019accepte tous les cookies \u00bb, vous autorisez des d\u00e9p\u00f4ts de cookies et autres traceurs pour le stockage de vos donn\u00e9es sur nos sites et applications \u00e0 des fins de personnalisation et de ciblage publicitaire.<\/p>\n<p class=\"consentModule_secondaryText\">Vous gardez la possibilit\u00e9 de retirer votre consentement \u00e0 tout moment en consultant notre <a href=\"https:\/\/www.estrepublicain.fr\/protection-des-donnees\" target=\"_blank\" title=\"Consulter notre politique de protection des donn\u00e9es\" rel=\"noopener\">politique de protection des donn\u00e9es<\/a>. <br \/>&#13;<br \/>\n            <a href=\"https:\/\/www.estrepublicain.fr\/culture-loisirs\/2025\/12\/05\/javascript:Didomi.notice.show()\" class=\"consentModule_cmp\" target=\"_blank\" rel=\"noopener\">G\u00e9rer mes choix<\/a>&#13;\n        <\/p>\n<p>&#13;<br \/>\n                        J&rsquo;accepte&#13;<br \/>\n            J&rsquo;accepte tous les cookies&#13;\n        <\/p>\n<p>Ces fouilles ont \u00e9t\u00e9 men\u00e9es en octobre et novembre derniers par l\u2019Inrap (Institut national de recherches arch\u00e9ologiques pr\u00e9ventives). Elles apportent \u00ab\u00a0une connaissance nouvelle et essentielle \u00e0 la compr\u00e9hension et \u00e0 la protection de ce lieu exceptionnel, <a href=\"https:\/\/www.estrepublicain.fr\/culture-loisirs\/2025\/02\/17\/musee-lorrain-on-reorganise-le-chantier-et-on-espere\" target=\"_blank\" rel=\"noopener\">futur \u00e9crin du mus\u00e9e de l\u2019Histoire de la Lorraine\u00a0<\/a> \u00bb, avance le service communication de la mairie. \u00ab\u00a0C\u2019est une occasion unique de se plonger au c\u0153ur de l\u2019histoire du palais ducal et de ses transformations au fil des si\u00e8cles.\u00a0\u00bb<\/p>\n<p>Attention, si ces visites sont gratuites, elles sont sur r\u00e9servation\u00a0: le nombre de places est limit\u00e9 pour des questions de s\u00e9curit\u00e9. Plusieurs cr\u00e9neaux seront disponibles\u00a0: 10\u00a0h, 10\u00a0h\u00a020, 11\u00a0h\u00a020, 11\u00a0h\u00a040, 13\u00a0h\u00a030, 13\u00a0h\u00a050, 14\u00a0h\u00a050 et 15\u00a0h\u00a010. Un arch\u00e9ologue de l\u2019Inrap et un conservateur du Mus\u00e9e lorrain accompagneront les groupes. Pr\u00e9voir des chaussures adapt\u00e9es, surtout en cas de pluie.<\/p>\n<p class=\"note\">R\u00e9servation par t\u00e9l\u00e9phone 03\u00a083\u00a085\u00a030\u00a001 ou mail\u00a0: <a href=\"https:\/\/my.weezevent.com\/visite-fouilles-inrap\" target=\"_blank\" rel=\"noopener\">https:\/\/my.weezevent.com\/visite-fouilles-inrap<\/a><\/p>\n","protected":false},"excerpt":{"rendered":"Envie de d\u00e9couvrir les vestiges mis au jour lors des fouilles au palais ducal\u00a0? Il ne faut pas&hellip;\n","protected":false},"author":2,"featured_media":581151,"comment_status":"","ping_status":"","sticky":false,"template":"","format":"standard","meta":{"footnotes":""},"categories":[9635],"tags":[1111,11,1687,1704,1777,674,1011,27,775,1702,1703,12,2661,25],"class_list":{"0":"post-581150","1":"post","2":"type-post","3":"status-publish","4":"format-standard","5":"has-post-thumbnail","7":"category-nancy","8":"tag-actu","9":"tag-actualites","10":"tag-culture-loisirs","11":"tag-edition-nancy-et-agglomeration","12":"tag-eu","13":"tag-europe","14":"tag-fr","15":"tag-france","16":"tag-grand-est","17":"tag-nancy","18":"tag-nancy-ville-54b","19":"tag-news","20":"tag-patrimoine-culturel","21":"tag-republique-francaise"},"share_on_mastodon":{"url":"https:\/\/pubeurope.com\/@fr\/115670200060034401","error":""},"_links":{"self":[{"href":"https:\/\/www.europesays.com\/fr\/wp-json\/wp\/v2\/posts\/581150","targetHints":{"allow":["GET"]}}],"collection":[{"href":"https:\/\/www.europesays.com\/fr\/wp-json\/wp\/v2\/posts"}],"about":[{"href":"https:\/\/www.europesays.com\/fr\/wp-json\/wp\/v2\/types\/post"}],"author":[{"embeddable":true,"href":"https:\/\/www.europesays.com\/fr\/wp-json\/wp\/v2\/users\/2"}],"replies":[{"embeddable":true,"href":"https:\/\/www.europesays.com\/fr\/wp-json\/wp\/v2\/comments?post=581150"}],"version-history":[{"count":0,"href":"https:\/\/www.europesays.com\/fr\/wp-json\/wp\/v2\/posts\/581150\/revisions"}],"wp:featuredmedia":[{"embeddable":true,"href":"https:\/\/www.europesays.com\/fr\/wp-json\/wp\/v2\/media\/581151"}],"wp:attachment":[{"href":"https:\/\/www.europesays.com\/fr\/wp-json\/wp\/v2\/media?parent=581150"}],"wp:term":[{"taxonomy":"category","embeddable":true,"href":"https:\/\/www.europesays.com\/fr\/wp-json\/wp\/v2\/categories?post=581150"},{"taxonomy":"post_tag","embeddable":true,"href":"https:\/\/www.europesays.com\/fr\/wp-json\/wp\/v2\/tags?post=581150"}],"curies":[{"name":"wp","href":"https:\/\/api.w.org\/{rel}","templated":true}]}}