{"id":581154,"date":"2025-12-06T02:15:46","date_gmt":"2025-12-06T02:15:46","guid":{"rendered":"https:\/\/www.europesays.com\/fr\/581154\/"},"modified":"2025-12-06T02:15:46","modified_gmt":"2025-12-06T02:15:46","slug":"la-graine-cest-loppose-de-shein-la-monnaie-locale-de-montpellier-sinvite-au-marche-de-noel-du-peyrou","status":"publish","type":"post","link":"https:\/\/www.europesays.com\/fr\/581154\/","title":{"rendered":"\u00ab\u00a0La Graine, c\u2019est l\u2019oppos\u00e9 de Shein\u00a0\u00bb\u00a0: la monnaie locale de Montpellier s\u2019invite au march\u00e9 de No\u00ebl du Peyrou"},"content":{"rendered":"<p>\n                                                                Les \u0153uvres de quatre artisans qui acceptent la monnaie locale et \u00e9thique de Montpellier figurent au chalet solidaire du Peyrou, ce jeudi\u00a04 et ce vendredi 5\u00a0d\u00e9cembre.\n                            <\/p>\n<p>Avec plus de 180 commer\u00e7ants qui l\u2019acceptent \u00e0 Montpellier et aux alentours, la Graine, monnaie locale et \u00e9thique fond\u00e9e en 2018, est de plus en plus populaire. Il faut dire qu\u2019on peut m\u00eame payer avec son t\u00e9l\u00e9phone, par le biais d\u2019une application.<\/p>\n<p>Ces jeudi\u00a04 et vendredi 5\u00a0d\u00e9cembre, la Graine est au chalet solidaire, sur le march\u00e9 de No\u00ebl du Peyrou, et ce pour la deuxi\u00e8me ann\u00e9e cons\u00e9cutive. Les \u0153uvres de quatre artisans qui acceptent la Graine y sont expos\u00e9es.<\/p>\n<p>\u00ab\u00a0La Graine, c\u2019est l\u2019oppos\u00e9 de Shein\u00a0\u00bb<\/p>\n<p>Claire B\u00e9ranger est l\u2019une d\u2019entre eux. \u00ab\u00a0La Graine, c\u2019est l\u2019oppos\u00e9 absolu de Shein\u00a0! Leur d\u00e9marche me pla\u00eet. Moi, j\u2019ai beaucoup voyag\u00e9, je ram\u00e8ne des tissus que je transforme. Je travaille beaucoup autour du bleu, l\u2019indigo, le cyanotype, dans une d\u00e9marche de couture \u00e0 l\u2019ancienne, \u00e0 la main\u00a0\u00bb.<\/p>\n<p>\u00ab\u00a0Aujourd\u2019hui, 120\u00a0000 graines sont en circulation, explique G\u00e9rard Straumann, un des copr\u00e9sidents. Elles correspondent \u00e0 120\u00a0000\u00a0euros qui sont plac\u00e9s dans une banque \u00e9thique, la Nef. Le prochain objectif est que ce fonds serve de garantie afin de pouvoir accorder des pr\u00eats \u00e0 des professionnels.\u00a0\u00bb<\/p>\n<p><a href=\"https:\/\/lagraine34.org\" target=\"_self\" rel=\"noopener\">https:\/\/lagraine34.org<\/a><\/p>\n","protected":false},"excerpt":{"rendered":"Les \u0153uvres de quatre artisans qui acceptent la monnaie locale et \u00e9thique de Montpellier figurent au chalet solidaire&hellip;\n","protected":false},"author":2,"featured_media":581155,"comment_status":"","ping_status":"","sticky":false,"template":"","format":"standard","meta":{"footnotes":""},"categories":[9599],"tags":[1111,11,215,33,1777,674,1011,27,7089,2208,12,2680,25],"class_list":{"0":"post-581154","1":"post","2":"type-post","3":"status-publish","4":"format-standard","5":"has-post-thumbnail","7":"category-montpellier","8":"tag-actu","9":"tag-actualites","10":"tag-commerce","11":"tag-economie","12":"tag-eu","13":"tag-europe","14":"tag-fr","15":"tag-france","16":"tag-herault","17":"tag-montpellier","18":"tag-news","19":"tag-occitanie","20":"tag-republique-francaise"},"share_on_mastodon":{"url":"https:\/\/pubeurope.com\/@fr\/115670215778373990","error":""},"_links":{"self":[{"href":"https:\/\/www.europesays.com\/fr\/wp-json\/wp\/v2\/posts\/581154","targetHints":{"allow":["GET"]}}],"collection":[{"href":"https:\/\/www.europesays.com\/fr\/wp-json\/wp\/v2\/posts"}],"about":[{"href":"https:\/\/www.europesays.com\/fr\/wp-json\/wp\/v2\/types\/post"}],"author":[{"embeddable":true,"href":"https:\/\/www.europesays.com\/fr\/wp-json\/wp\/v2\/users\/2"}],"replies":[{"embeddable":true,"href":"https:\/\/www.europesays.com\/fr\/wp-json\/wp\/v2\/comments?post=581154"}],"version-history":[{"count":0,"href":"https:\/\/www.europesays.com\/fr\/wp-json\/wp\/v2\/posts\/581154\/revisions"}],"wp:featuredmedia":[{"embeddable":true,"href":"https:\/\/www.europesays.com\/fr\/wp-json\/wp\/v2\/media\/581155"}],"wp:attachment":[{"href":"https:\/\/www.europesays.com\/fr\/wp-json\/wp\/v2\/media?parent=581154"}],"wp:term":[{"taxonomy":"category","embeddable":true,"href":"https:\/\/www.europesays.com\/fr\/wp-json\/wp\/v2\/categories?post=581154"},{"taxonomy":"post_tag","embeddable":true,"href":"https:\/\/www.europesays.com\/fr\/wp-json\/wp\/v2\/tags?post=581154"}],"curies":[{"name":"wp","href":"https:\/\/api.w.org\/{rel}","templated":true}]}}