{"id":581156,"date":"2025-12-06T02:17:21","date_gmt":"2025-12-06T02:17:21","guid":{"rendered":"https:\/\/www.europesays.com\/fr\/581156\/"},"modified":"2025-12-06T02:17:21","modified_gmt":"2025-12-06T02:17:21","slug":"panne-de-chauffage-pas-deau-chaude-depuis-plus-de-deux-ans-une-creche-fermee-et-mise-en-demeure-par-la-mairie","status":"publish","type":"post","link":"https:\/\/www.europesays.com\/fr\/581156\/","title":{"rendered":"Panne de chauffage, pas d&rsquo;eau chaude depuis plus de deux ans, une cr\u00e8che ferm\u00e9e et mise en demeure par la mairie"},"content":{"rendered":"<p class=\"article__intro\">Le 27 novembre dernier, la cr\u00e8che Jos\u00e9phine Baker, \u00e0 Montpellier, a ferm\u00e9 sans plus d&rsquo;explications. Du jour au lendemain, les parents ont trouv\u00e9 porte close sans solutions de garde pour les enfants. \u00c0 l\u2019origine de cette d\u00e9cision, des dysfonctionnements importants et r\u00e9p\u00e9t\u00e9s. Elle rouvrira partiellement lundi 8 d\u00e9cembre.<\/p>\n<p>\n      La Quotidienne Soci\u00e9t\u00e9\n    <\/p>\n<p>\n      De la vie quotidienne aux grands enjeux, recevez tous les jours les sujets qui font la soci\u00e9t\u00e9 locale, comme la justice, l\u2019\u00e9ducation, la sant\u00e9 et la famille.\n    <\/p>\n<p>    France T\u00e9l\u00e9visions utilise votre adresse e-mail afin de vous envoyer la newsletter \u00ab\u00a0La Quotidienne Soci\u00e9t\u00e9\u00a0\u00bb. Vous pouvez vous d\u00e9sinscrire \u00e0 tout moment via le lien en bas de cette newsletter. <a target=\"_blank\" href=\"https:\/\/www.francetelevisions.fr\/groupe\/confidentialite\/politique-de-confidentialite\/politique-de-confidentialite-de-france-televisions-6503\" rel=\"noopener\">Notre politique de confidentialit\u00e9<\/a><\/p>\n<p>C&rsquo;est un probl\u00e8me de panne de chauffage qui a n\u00e9cessit\u00e9 la fermeture de la cr\u00e8che Jos\u00e9phine Baker, install\u00e9e dans le quartier Ovalie \u00e0 Montpellier.<\/p>\n<p>Depuis jeudi 27 novembre 2025, la structure d&rsquo;une capacit\u00e9 de 78 places, dont la gestion a \u00e9t\u00e9 confi\u00e9e par la Ville \u00e0 People and Baby, n&rsquo;accueille donc plus d&rsquo;enfants. Ce qui p\u00e9nalise depuis de nombreux parents.<\/p>\n<p>Ce dernier \u00ab\u00a0dysfonctionnement\u00a0\u00bb en date ne serait qu&rsquo;un de plus sur la longue liste des avaries et autres incidents survenus dans l&rsquo;\u00e9tablissement.<\/p>\n<\/p>\n<p>Depuis la fermeture de la cr\u00e8che, la mairie a tenu une r\u00e9union de crise pour faire le point.<\/p>\n<p>Cette panne de chauffage est survenue apr\u00e8s de nombreux probl\u00e8mes r\u00e9currents laissant parfois les locaux dans \u00ab\u00a0des temp\u00e9ratures glaciales\u00a0\u00bb&#8230; Ces derniers temps, le personnel avait m\u00eame menac\u00e9 d\u2019exercer son droit de retrait, pla\u00e7ant l\u2019entreprise devant ses responsabilit\u00e9s expliquent nos confr\u00e8res de Midi Libre.<\/p>\n<p>Pire, la mairie a d\u00e9couvert en s&rsquo;entretenant avec des salari\u00e9s qu\u2019il n\u2019y avait pas d\u2019eau chaude depuis au moins deux ans. Pourtant, l&rsquo;immeuble et les \u00e9quipements ne datent que de 2012.<\/p>\n<p><a href=\"https:\/\/www.people-and-baby.com\/creches\/josephine-baker-montpellier\" target=\"_blank\" rel=\"noopener noreferrer nofollow\" data-tooltip-url=\"https:\/\/www.people-and-baby.com\/creches\/josephine-baker-montpellier\">People and Baby<\/a>, d\u00e9l\u00e9gataire de la cr\u00e8che a reconnu des manquements et a imm\u00e9diatement commenc\u00e9 des travaux de r\u00e9paration. Pourtant, sur son site Internet, les notes de satisfaction sont de 4\/5 voire 5\/5.<\/p>\n<p>La mairie de Montpellier a lanc\u00e9 le 2 d\u00e9cembre une proc\u00e9dure de recensement des probl\u00e8mes et dysfonctionnements et pr\u00e9pare un dossier de mise en demeure de l&rsquo;entreprise priv\u00e9e gestionnaire.<\/p>\n<p>De son c\u00f4t\u00e9, People and Baby, contact\u00e9 par France 3 Occitanie, annonce une r\u00e9ouverture partielle de la cr\u00e8che pour lundi 8 d\u00e9cembre 2025, au matin. Sur les 75 enfants inscrits, seuls ceux en moyenne et grande section pourront r\u00e9int\u00e9grer l&rsquo;\u00e9tablissement. Une d\u00e9cision prise en concertation avec la ville de Montpellier et la PMI, le service de la protection maternelle infantile du d\u00e9partement de l&rsquo;H\u00e9rault.<\/p>\n<p>Pour la petite section, qui accueille les b\u00e9b\u00e9s, il faudra attendre le lundi 5 janvier 2026. Le service communication du groupe nous a d\u00e9clar\u00e9 avoir pr\u00e9venu tous les parents de ces nouvelles dispositions et que des solutions provisoires \u00e9taient \u00e0 l&rsquo;\u00e9tude pour les parents de b\u00e9b\u00e9 qui auraient besoin de gardes d&rsquo;ici \u00e0 la r\u00e9ouverture de la petite section<\/p>\n","protected":false},"excerpt":{"rendered":"Le 27 novembre dernier, la cr\u00e8che Jos\u00e9phine Baker, \u00e0 Montpellier, a ferm\u00e9 sans plus d&rsquo;explications. Du jour au&hellip;\n","protected":false},"author":2,"featured_media":581157,"comment_status":"","ping_status":"","sticky":false,"template":"","format":"standard","meta":{"footnotes":""},"categories":[9599],"tags":[1111,11,1777,674,1011,27,2208,12,2680,25],"class_list":{"0":"post-581156","1":"post","2":"type-post","3":"status-publish","4":"format-standard","5":"has-post-thumbnail","7":"category-montpellier","8":"tag-actu","9":"tag-actualites","10":"tag-eu","11":"tag-europe","12":"tag-fr","13":"tag-france","14":"tag-montpellier","15":"tag-news","16":"tag-occitanie","17":"tag-republique-francaise"},"share_on_mastodon":{"url":"https:\/\/pubeurope.com\/@fr\/115670223626583992","error":""},"_links":{"self":[{"href":"https:\/\/www.europesays.com\/fr\/wp-json\/wp\/v2\/posts\/581156","targetHints":{"allow":["GET"]}}],"collection":[{"href":"https:\/\/www.europesays.com\/fr\/wp-json\/wp\/v2\/posts"}],"about":[{"href":"https:\/\/www.europesays.com\/fr\/wp-json\/wp\/v2\/types\/post"}],"author":[{"embeddable":true,"href":"https:\/\/www.europesays.com\/fr\/wp-json\/wp\/v2\/users\/2"}],"replies":[{"embeddable":true,"href":"https:\/\/www.europesays.com\/fr\/wp-json\/wp\/v2\/comments?post=581156"}],"version-history":[{"count":0,"href":"https:\/\/www.europesays.com\/fr\/wp-json\/wp\/v2\/posts\/581156\/revisions"}],"wp:featuredmedia":[{"embeddable":true,"href":"https:\/\/www.europesays.com\/fr\/wp-json\/wp\/v2\/media\/581157"}],"wp:attachment":[{"href":"https:\/\/www.europesays.com\/fr\/wp-json\/wp\/v2\/media?parent=581156"}],"wp:term":[{"taxonomy":"category","embeddable":true,"href":"https:\/\/www.europesays.com\/fr\/wp-json\/wp\/v2\/categories?post=581156"},{"taxonomy":"post_tag","embeddable":true,"href":"https:\/\/www.europesays.com\/fr\/wp-json\/wp\/v2\/tags?post=581156"}],"curies":[{"name":"wp","href":"https:\/\/api.w.org\/{rel}","templated":true}]}}