{"id":581158,"date":"2025-12-06T02:19:40","date_gmt":"2025-12-06T02:19:40","guid":{"rendered":"https:\/\/www.europesays.com\/fr\/581158\/"},"modified":"2025-12-06T02:19:40","modified_gmt":"2025-12-06T02:19:40","slug":"tarbes-rouen-vendredi-a-19h30-a-maurice-trelut-2","status":"publish","type":"post","link":"https:\/\/www.europesays.com\/fr\/581158\/","title":{"rendered":"Tarbes-Rouen, vendredi \u00e0 19h30 \u00e0 Maurice Tr\u00e9lut"},"content":{"rendered":"<p> <a href=\"http:\/\/www.tarbes-infos.com\/IMG\/jpg\/01-800-4155.jpg\" class=\"spip_doc_lien mediabox\" type=\"image\/jpeg\" target=\"_blank\" rel=\"noopener\"><br \/>\n\t\t<img loading=\"lazy\" decoding=\"async\" src=\"https:\/\/www.europesays.com\/fr\/wp-content\/uploads\/2025\/12\/01-800-4155-0772e.jpg\" width=\"560\" height=\"373\" alt=\"\" \/><\/a><\/p>\n<p class=\"MsoNormal\"><strong>Tarbes  finir l\u2019ann\u00e9e en beaut\u00e9 \u00e0 Tr\u00e9lut<\/strong><\/p>\n<p class=\"MsoNormal\" style=\"text-align:justify;\">Pour  leur dernier match de l\u2019ann\u00e9e \u00e0 Tr\u00e9lut, les Tarbais r\u00e9silients et courageux  malgr\u00e9 les blessures et les d\u00e9faites qui s\u2019accumulent, m\u00e9riteraient de terminer  ces matchs Allers gal\u00e8res par une victoire sous les encouragements et les  applaudissements de leurs fid\u00e8les supporters. Des vrais supporters qui sont  venus lors de la derni\u00e8re sortie contre Chamb\u00e9ry malgr\u00e9 plusieurs lourdes  d\u00e9faites d\u2019affil\u00e9es et qui n\u2019ont pas \u00e9t\u00e9 d\u00e9\u00e7us par le comportement des joueurs  qui m\u00e9ritent le respect. Les deux derniers points bonus et la r\u00e9sistance  acharn\u00e9e pendant 80 minutes devraient les inciter \u00e0 revenir contre Rouen dans  un match capital pour l\u2019avenir du rugby en Bigorre.<\/p>\n<p class=\"MsoNormal\" style=\"text-align:justify;\"><strong>Un  match \u00e0 quitte ou double pour les deux \u00e9quipes<\/strong><\/p>\n<p class=\"MsoNormal\" style=\"text-align:justify;\">Rouen  (10\u00e8me, 25 points) vient chez le dernier pour engranger des points  et se sortir de la zone de rel\u00e9gation. Par ses r\u00e9sultats Tarbes, le dernier de  la Poule, est pour toutes les autres \u00e9quipes le d\u00e9placement o\u00f9 il faut prendre  des points. D\u2019autant que Nice, Massy sont revenus de Bigorre avec 5 points et  Niort et Chamb\u00e9ry avec 4 points. Dans le m\u00eame temps Bourg-en-Bresse (8\u00e8me,  27 points) et Niort (7\u00e8me, 31 points) s\u2019affrontent, que Marcq-en-Baroeul  (13\u00e8me, 17 points) re\u00e7oit Massy (5\u00e8me, 39 points), que  Bourgoin (11\u00e8me, 23 points) va \u00e0 Narbonne (4\u00e8me, 40  points), que Rennes (9\u00e8me, 27 points) accueille Nice (6\u00e8me,  36 points) et que Suresnes (12\u00e8me, 19 points) re\u00e7oit Chamb\u00e9ry (3\u00e8me,  41 points). Une victoire en cas de d\u00e9faite de leurs adversaires directs  profiterait aux deux \u00e9quipes. <\/p>\n<p class=\"MsoNormal\" style=\"text-align:justify;\"><strong>Rouen  veut prendre des points pour recoller au Top 6<\/strong><\/p>\n<p class=\"MsoNormal\" style=\"text-align:justify;\">M\u00eame  s\u2019ils restent prudents, les Normands viennent clairement faire un raid sur les  bords de l\u2019Adour. Bien loin des standards de la saison derni\u00e8re Rouen alterne  les mauvais r\u00e9sultats avec trois d\u00e9faites \u00e0 domicile contre Suresnes (13-17),  Albi (20-22), Bourgoin (19-26) et les bons avec une victoire contre Nice (18-11),  une \u00e0 Rennes (10-12) et un nul \u00e0 Bourg-en-Bresse (18-18). Hormis une victoire  bonifi\u00e9e \u00e0 domicile contre Marcq-en-Baroeul (53-19) les Rouennais semblent plus  \u00e0 l\u2019aise loin de leur base avec deux courts \u00e9checs \u00e0 Massy (10-9) et surtout \u00e0  Chamb\u00e9ry (23-18). Depuis quelques temps l\u2019\u00e9quipe rouennaise ne se contente plus  de jouer dans l\u2019axe mais cherche les ext\u00e9rieurs et devient moins pr\u00e9visible et  plus efficace. Un changement d\u00fb \u00e0 plus d\u2019agressivit\u00e9 dans les rucks pour donner  plus de vitesse au jeu comme l\u2019explique Romain Sola, le Co-manager charg\u00e9 des  trois-quarts. \u00ab\u00a0On a beaucoup travaill\u00e9 sur nos rucks pour mettre plus  de vitesse et garder de la vitesse dans notre jeu, pour mettre \u00e0 mal nos  adversaires par la multiplication des temps de jeu.\u00a0\u00bb L\u2019ex-ouvreur pass\u00e9  par le Stade Toulousain, Agen, Brive, Bourgoin et Provence Rugby s\u2019attend \u00e0 un  match compliqu\u00e9 face aux Tarbais. \u00ab\u00a0Ils vont nous poser beaucoup de  probl\u00e8mes parce qu\u2019ils ont des joueurs de qualit\u00e9, avec de l\u2019exp\u00e9rience aussi \u00e0  certains postes, avec aussi de la densit\u00e9. Ils posent des probl\u00e8mes \u00e0 bon  nombre d\u2019\u00e9quipes il n\u2019y a qu\u2019\u00e0 voir leur r\u00e9sultat contre Chamb\u00e9ry.\u00a0\u00bb L\u2019ouvreur  Benjamin Pehau reconnait\u00a0: \u00ab\u00a0Il faudra se d\u00e9placer avec beaucoup  d\u2019humilit\u00e9 parce que Tarbes est un endroit o\u00f9 il est tr\u00e8s dur de gagner mais on  est dans la n\u00e9cessit\u00e9 de prendre des points et tous les points qui vont se  pr\u00e9senter \u00e0 nous, il faut qu\u2019on soit en mesure de les prendre.\u00a0\u00bb Son  entraineur partage son avis tout en restant circonspect. \u00ab\u00a0On a le  souhait de recoller au plus vite aux six premi\u00e8res places maintenant se dresse  devant nous Tarbes. On a bien pr\u00e9par\u00e9 le match, avec beaucoup d\u2019\u00e9nergie et il  en faudra pour battre cette \u00e9quipe de Tarbes.\u00a0\u00bb<\/p>\n<p class=\"MsoNormal\" style=\"text-align:justify;\"><strong>Les  Normands touch\u00e9s par la gastro-ent\u00e9rite<\/strong><\/p>\n<p class=\"MsoNormal\" style=\"text-align:justify;\">Aux derni\u00e8res nouvelles les Normands se  rendraient en Bigorre avec un effectif largement remani\u00e9.\u00a0\u00ab\u00a0On  fait face \u00e0 des maladies, il y a plusieurs cas de gastro-ent\u00e9rite\u00a0\u00bb, confie  Romain Sola. Sans compter la suspension de leur capitaine, l\u2019ex-tarbais Mathieu  Bonnot, apr\u00e8s un troisi\u00e8me carton jaune \u00e0 Chamb\u00e9ry.\u00a0Des jeunes du Centre  de Formation ont \u00e9t\u00e9 int\u00e9gr\u00e9s au Groupe des vingt-six pour faire le d\u00e9placement  en Bigorre (Khakhubia, Laisn\u00e9, Mingant, Faudemer, Kade, Lelong, Candellaro\u2026).Pas de quoi inqui\u00e9ter Romain Sola qui souligne. \u00ab\u00a0Ce sont des  gar\u00e7ons qui ont \u00e9t\u00e9 performants \u00e0 l\u2019entra\u00eenement ou en match avec les  Espoirs\u00a0\u00bb D\u2019autant que les secondes lignes Phillips (2,03 m,  120 kg) et Corentin Vernet (2,00 m, 115 kg) font leurs retours de blessures.  Tout comme le Gaucher Cl\u00e9ment (1,80 m, 115 kg).\u00a0\u00ab\u00a0Le discours n\u2019a  pas chang\u00e9 pour autant,\u00a0assure le deuxi\u00e8me ligne Octave Leleu (2,00  m, 115 kg).\u00a0\u00ab\u00a0Jeunes ou anciens, on fait tous partie du m\u00eame  collectif. On aura une \u00e9quipe comp\u00e9titive pour gagner l\u00e0-bas.\u00a0\u00bb D\u2019autant  qu\u2019\u00e0 part Faudemer et Candellaro, tous les autres ont fait une feuille de match  cette saison et Mingant a disput\u00e9 cinq rencontres dont deux titularisations.  <\/p>\n<p class=\"MsoNormal\" style=\"text-align:justify;\"><strong>Avants<\/strong>\u00a0: Lemaire, Cl\u00e9ment, Pion, Diallo,  Bekoshvili, Poisson, Khakhubia, O. Leleu, Phillips, Vernet, Mukanda, Burger,  Ruaud, Laisn\u00e9, Mingant<\/p>\n<p class=\"MsoNormal\" style=\"text-align:justify;\"><strong>Arri\u00e8res<\/strong>\u00a0: Campeggia,  Candellaro, P\u00e9hau, Javaux, Faudemer, Descamps, Bly, Z. Kade, Vota, Chayla,  Lelong. <\/p>\n<p class=\"MsoNormal\" style=\"text-align:justify;\"><strong>Tarbes  dos au mur veut retrouver le go\u00fbt de la victoire<\/strong><\/p>\n<p class=\"MsoNormal\" style=\"text-align:justify;line-height:115%;\">Cette fois m\u00eame s\u2019il reste les  treize matchs de la Phase Retour \u00e0 disputer les Bigourdans ne peuvent pas se  permettre de conc\u00e9der une cinqui\u00e8me d\u00e9faite \u00e0 domicile \u00e0 l\u2019issue des matchs Allers.  M\u00eame si le staff et les joueurs assurent en conf\u00e9rence de Presse que ce n\u2019est  pas le match de la derni\u00e8re chance il faudrait faire un sans-faute en Bigorre et  grapiller une ou deux victoires en d\u00e9placement pour rattraper tous les points  perdus. Irakli Mirtskhulava confirme\u00a0l\u2019importance d\u2019une victoire ce  vendredi\u00a0: \u00ab\u00a0Il faut gagner pour prendre des points et remonter au  classement. On ne recherche qu\u2019une seule chose c\u2019est la victoire.\u00a0\u00bb \u00a0Une victoire qui permettrait de casser la  spirale infernale des d\u00e9faites et qui enverrait un signal fort \u00e0 ceux qui  viendraient pour prendre des points et attirerait plus de spectateurs. \u00a0\u00ab\u00a0Il faut qu\u2019on gagne \u00e0 la maison. On doit  montrer \u00e0 notre public et \u00e0 nos supporters qu\u2019on est capable de battre les  grosses \u00e9quipes ici.\u00a0\u00bb L\u2019entra\u00eeneur sait que son \u00e9quipe doit s\u2019attendre \u00e0 un gros combat devant car le  pack normand est taill\u00e9 pour la conqu\u00eate par le poids, avec dix joueurs \u00e0 plus  de 115 kg dont cinq \u00e0 plus de 120 kg et la taille de ses avants avec quatre joueurs  \u00e0 2,00 m\u00e8tres. <\/p>\n<p class=\"MsoNormal\" style=\"text-align:justify;line-height:115%;\"><strong>Les cl\u00e9s du match<\/strong><\/p>\n<p class=\"MsoNormal\" style=\"text-align:justify;line-height:115%;\">La m\u00eal\u00e9e sera une des cl\u00e9s du  match pour ne pas subir des p\u00e9nalit\u00e9s traduites en points par des tirs au but  ou des ballons port\u00e9s. La discipline sera une autre des cl\u00e9s et les Tarbais  devront garder leurs nerfs m\u00eame en cas de sentiments de partialit\u00e9 et  d\u2019incoh\u00e9rence. La d\u00e9fense sera une fois de plus primordiale mais de ce c\u00f4t\u00e9-l\u00e0,  les Tarbais ont r\u00e9pondu pr\u00e9sent depuis le d\u00e9but de la saison. Et le retour du  s\u00e9cateur Spike Salman devrait apporter un plus dans ce secteur tout comme en  touche o\u00f9 Tarbes est toujours priv\u00e9 de L\u00e9o Saint-Guilhem, Bilal Salhi, Jean  Guicherd, Jon Abadie et Cl\u00e9ment Gaubert\u2026 L\u2019autre cl\u00e9 du match soulign\u00e9e par l\u2019ex-pilier  g\u00e9orgien c\u2019est de mener d\u2019entr\u00e9e pour ne pas courir apr\u00e8s le score comme contre  Chamb\u00e9ry ou \u00e0 Rennes. Sous un temps pluvieux et avec un ballon glissant les  chandelles risquent de pleuvoir et l\u2019\u00e9quipe qui remportera la bataille des airs  ne sera pas loin du compte. La bataille des rucks sera elle aussi primordiale pour  priver l\u2019adversaire de bons ballons et bonifier les siens. La semaine de repos  a fait du bien aux corps et aux t\u00eates et tous assurent que la semaine  d\u2019entra\u00eenement a \u00e9t\u00e9 une des meilleures de la saison. Il est vrai que le retour  des bless\u00e9s a redonn\u00e9 du baume au c\u0153ur et des sourires aux l\u00e8vres. Les Tarbais  qui pour la premi\u00e8re fois depuis longtemps ont pris 2 points et ont tenu 80  minutes contre Chamb\u00e9ry et Rennes se sont en partie rassur\u00e9s. Le retour d\u2019une  demi-douzaine de joueurs devrait apporter un vent de fraicheur et d\u2019envie au  Groupe qui s\u2019est montr\u00e9 r\u00e9silient et combattif jusqu\u2019ici mais qui subissait peu  \u00e0 peu l\u2019usure physique et morale. <\/p>\n<p class=\"MsoNormal\" style=\"text-align:justify;\"><strong>Retours  de Lamothe, Baggiani, Mirtskhulava, Da Cunha, Salman, Berbizier, absence de  Toleafoa<\/strong><\/p>\n<p class=\"MsoNormal\" style=\"text-align:justify;\">Apr\u00e8s  Julien Cantan et Pierre Descoubet contre Rennes c\u2019est au tour de Florian  Lamothe, Enzo Baggiani, Lasha Mirtskhulava, Abdel Da Cunha et Mathieu Berbizier  de revenir dans le Groupe. Un Groupe qui a perdu \u00e0 Rennes Senio Toleafoa  (cervicales) et Julian Roux (KO) ce qui oblige le staff \u00e0 s\u2019adapter en faisant  monter Felipe Manu en seconde ligne et en maintenant Johan Dema\u00ef-Hamecher \u00e0  l\u2019aile. Outre les bless\u00e9s, Antoine Palisse, Hadrien Montfort, L\u00e9o Baratgin, Thomas  Millet quittent le Groupe de Rennes remplac\u00e9s par les revenants. <\/p>\n<p class=\"MsoNormal\" style=\"text-align:justify;\"><strong>Tarbes<\/strong>\u00a0: 1 Baggiani, 2 Lamothe (Cap.),  3 V\u00e9a, 4 Peytavi, 5 Manu, 6 Salman, 8 Cantan, 7 Soufflet, 9 Viola, 10  Berbizier, 11 Dema\u00ef-Hamecher, 12 Van de Ven, 13 Cellier, 14 Latorre, 15 Manchot<\/p>\n<p class=\"MsoNormal\" style=\"text-align:justify;\"><strong>Rempla\u00e7ants\u00a0<\/strong>\u00a0: 16 Dolier, 17 Mirtskhulava, 18  Estaque, 19 Bizien, 20 Brocal, 21 Descoubet, 22 Salvi, 23 Da Cunha<\/p>\n<p class=\"MsoNormal\" style=\"text-align:justify;\"><strong>Jean-Jacques Lasserre<\/strong><\/p>\n","protected":false},"excerpt":{"rendered":"Tarbes finir l\u2019ann\u00e9e en beaut\u00e9 \u00e0 Tr\u00e9lut Pour leur dernier match de l\u2019ann\u00e9e \u00e0 Tr\u00e9lut, les Tarbais r\u00e9silients&hellip;\n","protected":false},"author":2,"featured_media":581159,"comment_status":"","ping_status":"","sticky":false,"template":"","format":"standard","meta":{"footnotes":""},"categories":[9587],"tags":[1111,39730,11,38965,39729,251,33,436,25916,1777,674,118,1011,27,38968,1393,12,5161,27957,316,25,9590,71,60,39731,717],"class_list":{"0":"post-581158","1":"post","2":"type-post","3":"status-publish","4":"format-standard","5":"has-post-thumbnail","7":"category-rouen","8":"tag-actu","9":"tag-actualite-tarbes-et-grand-tarbes","10":"tag-actualites","11":"tag-agenda-des-sorties","12":"tag-communiqus-de-presse","13":"tag-culture","14":"tag-economie","15":"tag-environnement","16":"tag-etat-civil","17":"tag-eu","18":"tag-europe","19":"tag-faits-divers","20":"tag-fr","21":"tag-france","22":"tag-infos-pratiques","23":"tag-loisirs","24":"tag-news","25":"tag-normandie","26":"tag-partenaires","27":"tag-politique","28":"tag-republique-francaise","29":"tag-rouen","30":"tag-sante","31":"tag-sports","32":"tag-tarbes-infos","33":"tag-technologie"},"share_on_mastodon":{"url":"https:\/\/pubeurope.com\/@fr\/115670232107078904","error":""},"_links":{"self":[{"href":"https:\/\/www.europesays.com\/fr\/wp-json\/wp\/v2\/posts\/581158","targetHints":{"allow":["GET"]}}],"collection":[{"href":"https:\/\/www.europesays.com\/fr\/wp-json\/wp\/v2\/posts"}],"about":[{"href":"https:\/\/www.europesays.com\/fr\/wp-json\/wp\/v2\/types\/post"}],"author":[{"embeddable":true,"href":"https:\/\/www.europesays.com\/fr\/wp-json\/wp\/v2\/users\/2"}],"replies":[{"embeddable":true,"href":"https:\/\/www.europesays.com\/fr\/wp-json\/wp\/v2\/comments?post=581158"}],"version-history":[{"count":0,"href":"https:\/\/www.europesays.com\/fr\/wp-json\/wp\/v2\/posts\/581158\/revisions"}],"wp:featuredmedia":[{"embeddable":true,"href":"https:\/\/www.europesays.com\/fr\/wp-json\/wp\/v2\/media\/581159"}],"wp:attachment":[{"href":"https:\/\/www.europesays.com\/fr\/wp-json\/wp\/v2\/media?parent=581158"}],"wp:term":[{"taxonomy":"category","embeddable":true,"href":"https:\/\/www.europesays.com\/fr\/wp-json\/wp\/v2\/categories?post=581158"},{"taxonomy":"post_tag","embeddable":true,"href":"https:\/\/www.europesays.com\/fr\/wp-json\/wp\/v2\/tags?post=581158"}],"curies":[{"name":"wp","href":"https:\/\/api.w.org\/{rel}","templated":true}]}}