{"id":581160,"date":"2025-12-06T02:22:15","date_gmt":"2025-12-06T02:22:15","guid":{"rendered":"https:\/\/www.europesays.com\/fr\/581160\/"},"modified":"2025-12-06T02:22:15","modified_gmt":"2025-12-06T02:22:15","slug":"le-mans-grimpe-annecy-et-grenoble-respirent","status":"publish","type":"post","link":"https:\/\/www.europesays.com\/fr\/581160\/","title":{"rendered":"Le Mans grimpe, Annecy et Grenoble respirent"},"content":{"rendered":"<p>Une soir\u00e9e g\u00e2ch\u00e9e par certains \u00ab\u00a0supporters\u00a0\u00bb bastiais. Ce vendredi 5 d\u00e9cembre marquait effectivement le seizi\u00e8me multiplex de Ligue 2 de la saison. \u00c0 cette occasion, cinq rencontres se disputaient de mani\u00e8re simultan\u00e9. En omettant donc le d\u00e9placement du Red Star \u00e0 Bastia, interrompu apr\u00e8s un jet de fumig\u00e8ne sur un joueur audonien alors que le score \u00e9tait de 0-0. Autrement, sept buts ont \u00e9t\u00e9 inscrits.\u00a0<\/p>\n<p>Dont le festival d\u2019Annecy \u00e0 Guingamp, qui s\u2019est impos\u00e9 sur le score de trois buts \u00e0 z\u00e9ro. le Mans, de son c\u00f4t\u00e9, continue de grimper au classement et s\u2019impose sur la plus petite des marges. M\u00eame son de cloche pour Grenoble, vainqueur de l\u2019AS Nancy-Lorraine sur ce m\u00eame score gr\u00e2ce \u00e0 un penalty litigieux obtenu par le GF38 d\u00e8s le retour des vestiaires avec un carton rouge pour le capitaine Nicolas Saint-Rue. Enfin, Clermont et l\u2019US Boulogne CO se sont quitt\u00e9s sur un match nul : un but partout. Sans plus tarder, d\u00e9couvrez les r\u00e9sultats du seizi\u00e8me multiplex de Ligue 2 de la saison.\u00a0<\/p>\n<p>Les r\u00e9sultats du 16e multiplex<\/p>\n<ul>\n<li>Clermont 1 &#8211; 1 Boulogne<\/li>\n<li>Grenoble 1 &#8211; 0 Nancy<\/li>\n<li>Guingamp 0 &#8211; 3 Annecy<\/li>\n<li>Le Mans 1 &#8211; 0 Amiens<\/li>\n<li>Bastia &#8211; Red Star : <a href=\"https:\/\/www.foot-national.com\/actus\/ligue-2-le-match-bastia-red-star-interrompu-apres-un-jet-de-fumigene-sur-un-joueur-932260\" target=\"_blank\" rel=\"noopener\">match interrompu<\/a><\/li>\n<\/ul>\n<p><a href=\"https:\/\/www.foot-national.com\/data\/classement-ligue2.html\" target=\"_blank\" rel=\"noopener\">Classement complet Ligue 2<\/a><\/p>\n<p>Partagez cette info avec vos amis et vos proches en cliquant ici<br \/>Pour r\u00e9sumer<\/p>\n<p>Une soir\u00e9e g\u00e2ch\u00e9e par certains \u00ab\u00a0supporters\u00a0\u00bb bastiais. Ce vendredi 5 d\u00e9cembre marquait effectivement le seizi\u00e8me multiplex de Ligue 2 de la saison. \u00c0 cette occasion, cinq rencontres se disputaient de mani\u00e8re simultan\u00e9.<\/p>\n<p> <img decoding=\"async\" width=\"76\" height=\"76\" loading=\"lazy\" src=\"https:\/\/static.wui.fr\/images_v3\/avatar-footnational.png\" alt=\"Youcef Ghalaza-Boudra\"\/><\/p>\n","protected":false},"excerpt":{"rendered":"Une soir\u00e9e g\u00e2ch\u00e9e par certains \u00ab\u00a0supporters\u00a0\u00bb bastiais. Ce vendredi 5 d\u00e9cembre marquait effectivement le seizi\u00e8me multiplex de Ligue&hellip;\n","protected":false},"author":2,"featured_media":581161,"comment_status":"","ping_status":"","sticky":false,"template":"","format":"standard","meta":{"footnotes":""},"categories":[9566],"tags":[1111,11,2430,1777,674,1011,27,2731,59995,12,25],"class_list":{"0":"post-581160","1":"post","2":"type-post","3":"status-publish","4":"format-standard","5":"has-post-thumbnail","7":"category-grenoble","8":"tag-actu","9":"tag-actualites","10":"tag-auvergne-rhone-alpes","11":"tag-eu","12":"tag-europe","13":"tag-fr","14":"tag-france","15":"tag-grenoble","16":"tag-ligue-2-actus","17":"tag-news","18":"tag-republique-francaise"},"share_on_mastodon":{"url":"https:\/\/pubeurope.com\/@fr\/115670244258326617","error":""},"_links":{"self":[{"href":"https:\/\/www.europesays.com\/fr\/wp-json\/wp\/v2\/posts\/581160","targetHints":{"allow":["GET"]}}],"collection":[{"href":"https:\/\/www.europesays.com\/fr\/wp-json\/wp\/v2\/posts"}],"about":[{"href":"https:\/\/www.europesays.com\/fr\/wp-json\/wp\/v2\/types\/post"}],"author":[{"embeddable":true,"href":"https:\/\/www.europesays.com\/fr\/wp-json\/wp\/v2\/users\/2"}],"replies":[{"embeddable":true,"href":"https:\/\/www.europesays.com\/fr\/wp-json\/wp\/v2\/comments?post=581160"}],"version-history":[{"count":0,"href":"https:\/\/www.europesays.com\/fr\/wp-json\/wp\/v2\/posts\/581160\/revisions"}],"wp:featuredmedia":[{"embeddable":true,"href":"https:\/\/www.europesays.com\/fr\/wp-json\/wp\/v2\/media\/581161"}],"wp:attachment":[{"href":"https:\/\/www.europesays.com\/fr\/wp-json\/wp\/v2\/media?parent=581160"}],"wp:term":[{"taxonomy":"category","embeddable":true,"href":"https:\/\/www.europesays.com\/fr\/wp-json\/wp\/v2\/categories?post=581160"},{"taxonomy":"post_tag","embeddable":true,"href":"https:\/\/www.europesays.com\/fr\/wp-json\/wp\/v2\/tags?post=581160"}],"curies":[{"name":"wp","href":"https:\/\/api.w.org\/{rel}","templated":true}]}}