{"id":581164,"date":"2025-12-06T02:26:54","date_gmt":"2025-12-06T02:26:54","guid":{"rendered":"https:\/\/www.europesays.com\/fr\/581164\/"},"modified":"2025-12-06T02:26:54","modified_gmt":"2025-12-06T02:26:54","slug":"10-nouvelles-boutiques-ouvertes-uniquement-pour-les-fetes","status":"publish","type":"post","link":"https:\/\/www.europesays.com\/fr\/581164\/","title":{"rendered":"10 nouvelles boutiques ouvertes uniquement pour les f\u00eates"},"content":{"rendered":"<p><b>Avec les f\u00eates, Strasbourg change de visage. Outre les cabanons de son march\u00e9 de No\u00ebl et son sapin place Kl\u00e9ber, de nombreuses boutiques \u00e9ph\u00e9m\u00e8res et autres concept stores de saison fleurissent ici et l\u00e0. Au d\u00e9tour d\u2019une rue, le temps d\u2019un week-end ou de quelques semaines : de nouvelles adresses \u00e0 conna\u00eetre pour quiconque voudrait offrir des cadeaux artisanaux, originaux. Pour les retrouver ? Suivez le guide !<\/b><\/p>\n<p>\u00ab\u00a0OZ\u00a0\u00bb\u00a0: La boutique \u00e9ph\u00e9m\u00e8re et l&rsquo;expo-vente de la fr\u00e9maa \u00e0 l&rsquo;Aubette<\/p>\n<p>On lui conna\u00eet R\u00e9sonances, son salon europ\u00e9en des m\u00e9tiers d\u2019art de novembre, mais <b>la fr\u00e9maa<\/b> (F\u00e9d\u00e9ration des m\u00e9tiers d\u2019art d\u2019Alsace) multiplie les rendez-vous toute l\u2019ann\u00e9e. Parmi eux : son concept store <b>OZ<\/b>, pour les f\u00eates.<\/p>\n<p>En 2025, la fr\u00e9maa voit les choses en grand puisque<b> sa boutique OZ s\u2019installe pour la premi\u00e8re fois en plein centre-ville de Strasbourg<\/b>. Et dans un emplacement de choix\u00a0: <b>au rez-de-chauss\u00e9e de l\u2019Aubette, place Kl\u00e9ber, <\/b>non loin du grand sapin de Strasbourg.<\/p>\n<p>    <img width=\"800\" height=\"522\" src=\"https:\/\/www.europesays.com\/fr\/wp-content\/uploads\/2025\/12\/fremaa-oz-boutiques-des-createurs-yves-trotzier-4-800x522.png\" class=\"attachment-image-size-L size-image-size-L\" alt=\"fr\u00e9maa oz boutiques des cr\u00e9ateurs yves trotzier (4)\" decoding=\"async\" loading=\"lazy\"  \/>         \u00a9 Yves Trotzier \/ Document remis <\/p>\n<p><b>Jusqu\u2019au 3 janvier<\/b>, elle y invite <b>une vingtaine de cr\u00e9ateurs et cr\u00e9atrices <\/b>dans un lieu pens\u00e9 \u00ab\u00a0comme un v\u00e9ritable \u00e9crin\u00a0\u00bb, o\u00f9 le public peut y d\u00e9nicher des cadeaux uniques et artisanaux. Parmi les <b>3000 pi\u00e8ces s\u00e9lectionn\u00e9es<\/b>\u00a0: <b>20 domaines repr\u00e9sent\u00e9s<\/b>, allant de la d\u00e9coration aux arts de la table, en passant par la bijouterie, la mode, le textile, ou encore la c\u00e9ramique.<\/p>\n<p>Une belle mise en valeur du savoir-faire local, augment\u00e9e par <b>un espace galerie au sous-sol <\/b>de la boutique, pour <b>une s\u00e9lection haut de gamme <\/b>avec \u00ab\u00a0des pi\u00e8ces d\u2019exception, des \u0153uvres singuli\u00e8res plus grandes et plus audacieuses\u00a0\u00bb.<\/p>\n<p>                <img width=\"758\" height=\"500\" src=\"https:\/\/www.europesays.com\/fr\/wp-content\/uploads\/2025\/12\/fremaa-oz-boutiques-des-createurs-yves-trotzier-7-758x500.png\" class=\"attachment-gallery size-gallery\" alt=\"fr\u00e9maa oz boutiques des cr\u00e9ateurs yves trotzier (7)\" data-full-url=\"https:\/\/pokaa.fr\/wp-content\/uploads\/2025\/11\/24\/fremaa-oz-boutiques-des-createurs-yves-trotzier-7.png\" decoding=\"async\" loading=\"lazy\"  \/>            <\/p>\n<p>                <img width=\"632\" height=\"500\" src=\"https:\/\/www.europesays.com\/fr\/wp-content\/uploads\/2025\/12\/fremaa-oz-boutiques-des-createurs-yves-trotzier-8-632x500.png\" class=\"attachment-gallery size-gallery\" alt=\"fr\u00e9maa oz boutiques des cr\u00e9ateurs yves trotzier (8)\" data-full-url=\"https:\/\/pokaa.fr\/wp-content\/uploads\/2025\/11\/24\/fremaa-oz-boutiques-des-createurs-yves-trotzier-8.png\" decoding=\"async\" loading=\"lazy\"  \/>            <\/p>\n<p>                <img width=\"763\" height=\"500\" src=\"https:\/\/www.europesays.com\/fr\/wp-content\/uploads\/2025\/12\/fremaa-oz-boutiques-des-createurs-yves-trotzier-3-763x500.png\" class=\"attachment-gallery size-gallery\" alt=\"fr\u00e9maa oz boutiques des cr\u00e9ateurs yves trotzier (3)\" data-full-url=\"https:\/\/pokaa.fr\/wp-content\/uploads\/2025\/11\/24\/fremaa-oz-boutiques-des-createurs-yves-trotzier-3.png\" decoding=\"async\" loading=\"lazy\"  \/>            <\/p>\n<p>                    \u00a9 Yves Trotzier \/ Documents remis<\/p>\n<p>La fr\u00e9maa r\u00e9servera \u00e9galement <b>la grande salle de l\u2019Aubette <\/b>(\u00e0 l\u2019\u00e9tage), <b>du 12 au 22 d\u00e9cembre<\/b> pour <b>la 15\u1d49 \u00e9dition d\u2019OZ, l\u2019expo-vente<\/b>. Une trentaine de cr\u00e9ateurs et cr\u00e9atrices y exposeront des pi\u00e8ces uniques ou en petites s\u00e9ries. Une extension imagin\u00e9e \u00ab\u00a0en synergie\u00a0\u00bb avec la boutique \u00e9ph\u00e9m\u00e8re du rez-de-chauss\u00e9e.<\/p>\n<p>Bonus : la fr\u00e9maa organise \u00e9galement tout au long du mois <strong>des ateliers<\/strong> aux c\u00f4t\u00e9s des artisan(e)s, pour adultes et enfants. Pour<b> s\u2019initier aux m\u00e9tiers d\u2019art <\/b>(reliure, calligraphie latine), ou <b>confectionner ses d\u00e9corations de No\u00ebl<\/b>, bijoux et autres objets d\u00e9coratifs.<\/p>\n<p align=\"CENTER\"><b>Quand et o\u00f9?<br \/><\/b>Boutique \u00e9ph\u00e9m\u00e8re OZ<br \/>Jusqu\u2019au 3 janvier (de 10h \u00e0 19h) \u00e0 la galerie de l\u2019Aubette (place Kl\u00e9ber)<br \/><a href=\"https:\/\/www.fremaa.com\/boutique-oz\/\" target=\"_blank\" rel=\"noopener\">+ d\u2019infos<\/a><br \/>L\u2019expo-vente OZ<br \/>Du 12 au 22 d\u00e9cembre, tous les jours de 11h \u00e0 19h<br \/>Grande salle de l\u2019Aubette<br \/><a href=\"https:\/\/fb.me\/e\/5J7fvGOxw\" target=\"_blank\" rel=\"noopener\">+ d\u2019infos<\/a><\/p>\n<p>                <a href=\"https:\/\/pokaa.fr\/2025\/12\/01\/la-magie-d-oz-a-strasbourg-une-boutique-ephemere-reunit-50-artisanes-pour-noel\/\" target=\"_blank\" rel=\"noopener\"><br \/>\n                    <img width=\"450\" height=\"270\" src=\"https:\/\/www.europesays.com\/fr\/wp-content\/uploads\/2025\/12\/c2-450x270.jpg\" class=\"attachment-card-horizontal--same-subject size-card-horizontal--same-subject wp-post-image\" alt=\"\" decoding=\"async\" loading=\"lazy\"\/>                <\/a><\/p>\n<p>                <img width=\"750\" height=\"500\" src=\"https:\/\/www.europesays.com\/fr\/wp-content\/uploads\/2025\/12\/1-oz2023-4-750x500.jpg\" class=\"attachment-gallery size-gallery\" alt=\"OZ le march\u00e9 des cr\u00e9ateurs\" data-full-url=\"https:\/\/pokaa.fr\/wp-content\/uploads\/2024\/11\/29\/1-oz2023-4.jpg\" decoding=\"async\" loading=\"lazy\"  \/>            <\/p>\n<p>                <img width=\"750\" height=\"500\" src=\"https:\/\/www.europesays.com\/fr\/wp-content\/uploads\/2025\/12\/1-oz2023-1-750x500.jpg\" class=\"attachment-gallery size-gallery\" alt=\"OZ le march\u00e9 des cr\u00e9ateurs\" data-full-url=\"https:\/\/pokaa.fr\/wp-content\/uploads\/2024\/11\/29\/1-oz2023-1.jpg\" decoding=\"async\" loading=\"lazy\"  \/>            <\/p>\n<p>                <img width=\"750\" height=\"500\" src=\"https:\/\/www.europesays.com\/fr\/wp-content\/uploads\/2025\/12\/1-oz2023-750x500.jpg\" class=\"attachment-gallery size-gallery\" alt=\"OZ le march\u00e9 des cr\u00e9ateurs\" data-full-url=\"https:\/\/pokaa.fr\/wp-content\/uploads\/2024\/11\/29\/1-oz2023.jpg\" decoding=\"async\" loading=\"lazy\"  \/>            <\/p>\n<p>                    \u00a9 fr\u00e9maa \/ Documents remis<\/p>\n<p>\u00ab\u00a0No\u00ebl de la Brocante\u00a0\u00bb\u00a0: Antiquit\u00e9s du Rhin \u00e0 l&rsquo;Aubette<\/p>\n<p>Envie de chiner pour les f\u00eates, des cadeaux \u00e0 la d\u00e9co ? Pour trouver la bonne occasion, on retrouve <b>jusqu\u2019au 7 d\u00e9cembre <\/b><b>la sublime salle de l\u2019Aubette<\/b>,<b> <\/b>avec le <b>\u00ab<\/b>\u00a0<b>No\u00ebl de la Brocante\u00a0\u00bb<\/b>. Pendant 10 jours, 12 antiquaires et brocanteurs\/ses pr\u00e9sentent leurs p\u00e9pites.<\/p>\n<p>Une \u00e9dition \u00e0 nouveau plac\u00e9e sous le signe des <b>\u00ab\u00a0Arts de la table\u00a0\u00bb<\/b>, avec \u00ab une large gamme de porcelaine, d\u2019argenterie, de verrerie de grands noms comme <strong>Baccarat, Saint-Louis, Lalique, Daum \u00bb<\/strong><strong> nous dit-on. Mais aussi :\u00a0<\/strong><strong><b>tableaux<\/b><\/strong><strong>, bronzes, c\u00e9ramiques, <\/strong><strong><b>luminaires<\/b><\/strong><strong>, <\/strong><strong><b>bijoux<\/b><\/strong><strong>, montres\u2026<\/strong><\/p>\n<p align=\"CENTER\"><b>Quand et o\u00f9\u00a0?<br \/><\/b>Jusqu\u2019au 7 d\u00e9cembre de 11h \u00e0 19h<br \/>Dans la grande salle de l\u2019Aubette (place Kl\u00e9ber)<br \/><a href=\"https:\/\/antiquitesdurhin.fr\/noel-de-la-brocante-a-strasbourg\" target=\"_blank\" rel=\"noopener\">+ d\u2019infos<\/a><\/p>\n<p>    <img width=\"800\" height=\"533\" src=\"https:\/\/www.europesays.com\/fr\/wp-content\/uploads\/2025\/12\/h16a0041.jpg\" class=\"attachment-image-size-L size-image-size-L\" alt=\"Brocante place des Tripiers\" decoding=\"async\" loading=\"lazy\"  \/>         \u00a9 Mathilde Piaud \/ Pokaa <\/p>\n<p>\u00ab\u00a0Gnooss by La Maison de Caroline\u00a0\u00bb dans l&rsquo;ancien Tiger<\/p>\n<p>Cela fait 10 ans qu\u2019il ouvre pour les f\u00eates : le concept store de No\u00ebl <b>\u00ab\u00a0Gnooss by La Maison de Caroline\u00a0\u00bb <\/b>a toutefois trouv\u00e9 un nouveau cocon pour cette ann\u00e9e\u2026 L\u2019ancienne adresse de Tiger, en plein centre-ville !<\/p>\n<p>Et la recette reste la m\u00eame\u00a0: \u00ab D\u00e9nicher des cr\u00e9ations 100% faites main et locales. \u00bb\u00a0Ici, une <b>quarantaine d\u2019artisan(e)s<\/b> qui donnent une<b> vision contemporaine du made in Alsace<\/b>. \u00c0 d\u00e9couvrir<b> jusqu\u2019au 24 d\u00e9cembre<\/b>.<\/p>\n<p style=\"text-align: center;\"><b>Quand et o\u00f9\u00a0?<br \/><\/b>Jusqu\u2019au 24 d\u00e9cembre<br \/>(Du lundi au jeudi et les dimanches de 10h \u00e0 19h ; vendredis et samedis de 10h \u00e0 20h)<br \/>Dans l\u2019ancien Tiger (15 rue des Francs-Bourgeois)<br \/><a href=\"https:\/\/www.facebook.com\/gnooss?locale=fr_FR\" target=\"_blank\" rel=\"noopener\">+ d\u2019infos<\/a><\/p>\n<p>                <img width=\"375\" height=\"500\" src=\"https:\/\/www.europesays.com\/fr\/wp-content\/uploads\/2025\/12\/gnooss-3-375x500.jpg\" class=\"attachment-gallery size-gallery\" alt=\"Gnooss\" data-full-url=\"https:\/\/pokaa.fr\/wp-content\/uploads\/2025\/11\/28\/gnooss-3.jpg\" decoding=\"async\" loading=\"lazy\"  \/>            <\/p>\n<p>                <img width=\"377\" height=\"500\" src=\"https:\/\/www.europesays.com\/fr\/wp-content\/uploads\/2025\/12\/gnooss-2-377x500.jpg\" class=\"attachment-gallery size-gallery\" alt=\"Gnooss\" data-full-url=\"https:\/\/pokaa.fr\/wp-content\/uploads\/2025\/11\/28\/gnooss-2.jpg\" decoding=\"async\" loading=\"lazy\"  \/>            <\/p>\n<p>                <img width=\"375\" height=\"500\" src=\"https:\/\/www.europesays.com\/fr\/wp-content\/uploads\/2025\/12\/gnooss-375x500.jpg\" class=\"attachment-gallery size-gallery\" alt=\"Gnooss\" data-full-url=\"https:\/\/pokaa.fr\/wp-content\/uploads\/2025\/11\/28\/gnooss.jpg\" decoding=\"async\" loading=\"lazy\"  \/>            <\/p>\n<p>                <img width=\"375\" height=\"500\" src=\"https:\/\/www.europesays.com\/fr\/wp-content\/uploads\/2025\/12\/gnooss-4-375x500.jpg\" class=\"attachment-gallery size-gallery\" alt=\"Gnooss\" data-full-url=\"https:\/\/pokaa.fr\/wp-content\/uploads\/2025\/11\/28\/gnooss-4.jpg\" decoding=\"async\" loading=\"lazy\"  \/>            <\/p>\n<p>                    \u00ab\u00a0Gnooss by La Maison de Caroline\u00a0\u00bb. \u00a9 Documents remis<\/p>\n<p>\u00ab\u00a0La Magie des Cr\u00e9ateurs\u00a0\u00bb \u00e0 Rivetoile<\/p>\n<p><b>Au centre commercial Rivetoile, une boutique de 170 m\u00b2 a vu le jour au printemps dernier : La Magie des Cr\u00e9ateurs<\/b>, n\u00e9e de l\u2019initiative d\u2019Am\u00e9lie Mey. Face \u00e0 son succ\u00e8s, une seconde enseigne \u00e9ph\u00e9m\u00e8re a rejoint la premi\u00e8re pour les f\u00eates \u2013 celle-ci, seulement <b>jusqu\u2019au 31 d\u00e9cembre<\/b>.<\/p>\n<p>La premi\u00e8re accueille des marques telles que <b>Storks<\/b>, <b>Mamacita<\/b>, L\u2019escale Mellif\u00e8re, <b>Prende<\/b>, Pierre Raulet\u2026 Tandis que la seconde abrite <b>la Savonnerie Shmootz<\/b>, Gayotea, Apicaya, Arthur Merdinger, Gabba Costa, etc.<\/p>\n<p>En bref\u00a0: <b>l<\/b><b>\u2018artisanat alsacien<\/b>, port\u00e9 par une quarantaine de cr\u00e9ateurs\/rices de la r\u00e9gion et d\u00e9clin\u00e9 en <b>bougies parfum\u00e9es<\/b>, bijoux, <b>bi\u00e8res artisanales et locales<\/b>, cr\u00e9ations en crochet ou en couture, etc. Pour g\u00e2ter toute la famille.<\/p>\n<p align=\"CENTER\"><b>Quand et o\u00f9\u00a0?<br \/><\/b>Toute l\u2019ann\u00e9e pour La Magie des Cr\u00e9ateurs<br \/>Jusqu\u2019au 31 d\u00e9cembre pour la boutique \u00e9ph\u00e9m\u00e8re<br \/>(10h \u00e0 20h en semaine, 9h \u00e0 20h les samedis et ouverture les dimanches de l\u2019Avent)<br \/>Au centre commercial Rivetoile (rez-de-chauss\u00e9e, univers 3)<br \/>+ d\u2019infos <a href=\"https:\/\/www.instagram.com\/la_magie_des_createurs\/?hl=fr\" target=\"_blank\" rel=\"noopener\">ici<\/a> et <a href=\"https:\/\/rivetoile.com\/noel-a-rivetoile\/\" target=\"_blank\" rel=\"noopener\">ici<\/a><\/p>\n<p>                <img width=\"375\" height=\"500\" src=\"https:\/\/www.europesays.com\/fr\/wp-content\/uploads\/2025\/12\/processed-dde812ef-a4f8-4baa-8bec-0c1a48446745-375x500.jpeg\" class=\"attachment-gallery size-gallery\" alt=\"La Magie des Cr\u00e9ateurs\" data-full-url=\"https:\/\/pokaa.fr\/wp-content\/uploads\/2025\/11\/28\/processed-dde812ef-a4f8-4baa-8bec-0c1a48446745.jpeg\" decoding=\"async\" loading=\"lazy\"  \/>            <\/p>\n<p>                <img width=\"375\" height=\"500\" src=\"https:\/\/www.europesays.com\/fr\/wp-content\/uploads\/2025\/12\/original-2438b659-3046-402e-8c80-4e6f8bcc5310-375x500.jpeg\" class=\"attachment-gallery size-gallery\" alt=\"La Magie des Cr\u00e9ateurs\" data-full-url=\"https:\/\/pokaa.fr\/wp-content\/uploads\/2025\/11\/28\/original-2438b659-3046-402e-8c80-4e6f8bcc5310.jpeg\" decoding=\"async\" loading=\"lazy\"  \/>            <\/p>\n<p>                <img width=\"282\" height=\"500\" src=\"https:\/\/www.europesays.com\/fr\/wp-content\/uploads\/2025\/12\/original-1f59551b-18d2-462b-b3c5-f4041071b514-282x500.jpeg\" class=\"attachment-gallery size-gallery\" alt=\"La Magie des Cr\u00e9ateurs\" data-full-url=\"https:\/\/pokaa.fr\/wp-content\/uploads\/2025\/11\/28\/original-1f59551b-18d2-462b-b3c5-f4041071b514.jpeg\" decoding=\"async\" loading=\"lazy\"  \/>            <\/p>\n<p>                <img width=\"375\" height=\"500\" src=\"https:\/\/www.europesays.com\/fr\/wp-content\/uploads\/2025\/12\/processed-94aa6e5f-0239-4506-8e05-a4341f7ec754-375x500.jpeg\" class=\"attachment-gallery size-gallery\" alt=\"La Magie des Cr\u00e9ateurs\" data-full-url=\"https:\/\/pokaa.fr\/wp-content\/uploads\/2025\/11\/28\/processed-94aa6e5f-0239-4506-8e05-a4341f7ec754.jpeg\" decoding=\"async\" loading=\"lazy\"  \/>            <\/p>\n<p>                <img width=\"375\" height=\"500\" src=\"https:\/\/www.europesays.com\/fr\/wp-content\/uploads\/2025\/12\/processed-f849eaf9-d17b-40d4-801b-eaad727e19f7-375x500.jpeg\" class=\"attachment-gallery size-gallery\" alt=\"La Magie des Cr\u00e9ateurs\" data-full-url=\"https:\/\/pokaa.fr\/wp-content\/uploads\/2025\/11\/28\/processed-f849eaf9-d17b-40d4-801b-eaad727e19f7.jpeg\" decoding=\"async\" loading=\"lazy\"  \/>            <\/p>\n<p>                    La Magie des Cr\u00e9ateurs. \u00a9 Documents remis<\/p>\n<p>March\u00e9 de No\u00ebl de la Galerie 22 au Neudorf<\/p>\n<p>Plus ponctuel\u00a0: le<b> March\u00e9 de No\u00ebl de la Galerie 22, au Neudorf<\/b>, o\u00f9 <b>15 artistes et artisan(e)s<\/b> s\u2019exposent<b> jusqu\u2019au 7 d\u00e9cembre<\/b>. Une expo-vente, dont les b\u00e9n\u00e9fices seront revers\u00e9s \u00e0 Kiwanis Kl\u00e9ber (un club cr\u00e9\u00e9 en 1967).<\/p>\n<p>Sur les stands\u00a0? Des cr\u00e9ations diverses, comme celles en tissu traditionnel alsacien avec <b>Kelsch d\u2019Alsace in Seebach <\/b>et Suzanne et Moi, des dessins et coloriages avec Jack Koch, des<b> bougies naturelles <\/b>avec Aishiteru, mais aussi de la vaisselle d\u2019inspiration japonaise avec Alain Stoll.<\/p>\n<p align=\"CENTER\"><b>Quand et o\u00f9\u00a0?<br \/><\/b>Du samedi 29 novembre au dimanche 7 d\u00e9cembre<br \/>(De 14h \u00e0 19h les week-ends et de 16h \u00e0 19h la semaine)<br \/>\u00c0 la Galerie 22 (au Neudorf)<br \/><a href=\"https:\/\/galeriele22.com\/\" target=\"_blank\" rel=\"noopener\">+ d\u2019infos<\/a><\/p>\n<p>                <img width=\"442\" height=\"500\" src=\"https:\/\/www.europesays.com\/fr\/wp-content\/uploads\/2025\/12\/galerie-22-5-alain-stoll-442x500.jpg\" class=\"attachment-gallery size-gallery\" alt=\"galerie 22 + alain stoll\" data-full-url=\"https:\/\/pokaa.fr\/wp-content\/uploads\/2025\/11\/28\/galerie-22-5-alain-stoll.jpg\" decoding=\"async\" loading=\"lazy\"  \/>            <\/p>\n<p>                <img width=\"479\" height=\"500\" src=\"https:\/\/www.europesays.com\/fr\/wp-content\/uploads\/2025\/12\/galerie-22-2-479x500.jpg\" class=\"attachment-gallery size-gallery\" alt=\"galerie 22 + Aishiteru\" data-full-url=\"https:\/\/pokaa.fr\/wp-content\/uploads\/2025\/11\/28\/galerie-22-2.jpg\" decoding=\"async\" loading=\"lazy\"  \/>            <\/p>\n<p>                <img width=\"433\" height=\"500\" src=\"https:\/\/www.europesays.com\/fr\/wp-content\/uploads\/2025\/12\/galerie-22-3-433x500.jpg\" class=\"attachment-gallery size-gallery\" alt=\"Suzanne et moi + galerie 22\" data-full-url=\"https:\/\/pokaa.fr\/wp-content\/uploads\/2025\/11\/28\/galerie-22-3.jpg\" decoding=\"async\" loading=\"lazy\"  \/>            <\/p>\n<p>                <img width=\"494\" height=\"500\" src=\"https:\/\/www.europesays.com\/fr\/wp-content\/uploads\/2025\/12\/galerie-22-4-494x500.jpg\" class=\"attachment-gallery size-gallery\" alt=\"galerie 22 Jack koch\" data-full-url=\"https:\/\/pokaa.fr\/wp-content\/uploads\/2025\/11\/28\/galerie-22-4.jpg\" decoding=\"async\" loading=\"lazy\"  \/>            <\/p>\n<p>                    Alain Stoll, Aishiteru, Suzanne et Moi et Jack Koch. \u00a9 Documents remis<\/p>\n<p>\u00ab\u00a0No\u00ebl de cr\u00e9ateurs\u00a0\u00bb\u00a0: exposition collective chez Barbara Leb\u0153uf<\/p>\n<p align=\"LEFT\"><b>L\u2019atelier de Barbara Leb\u0153uf accueille lui aussi en d\u00e9cembre une exposition collective<\/b>, avec un temps fort <b>du 5 au 7 d\u00e9cembre<\/b> (avec vernissage le vendredi 5 au soir).<\/p>\n<p align=\"LEFT\">Outre les <b>porcelaines<\/b> de l\u2019artiste, on y verra les <b>\u0153uvres graphiques de Myriam Colin<\/b>, ainsi que celles de V\u00e9ronique Duflot (monotypes), Anne-Chantal Pitteloud (encre sur papier) et David Seltz (cr\u00e9ations bois). Et puisque Caravans\u00e9rail n\u2019aura pas lieu cette ann\u00e9e\u00a0: n\u2019oublions pas <b>Continuum, sp\u00e9cialis\u00e9 en \u00e9dition et objets s\u00e9rigraphi\u00e9s<\/b>.<\/p>\n<p align=\"CENTER\"><b>Quand et o\u00f9\u00a0?<br \/><\/b>Tous les jours du 5 au 20 d\u00e9cembre (horaires variables et sur rendez-vous)<br \/>Temps-fort du vendredi 5 au dimanche 7 d\u00e9cembre de 11h \u00e0 20h<br \/>Chez Barbara Leboeuf (rue Sainte-H\u00e9l\u00e8ne)<br \/><a href=\"https:\/\/www.facebook.com\/barbara.ceramique\" target=\"_blank\" rel=\"noopener\">+ d\u2019infos<\/a><\/p>\n<p>                <img width=\"405\" height=\"500\" src=\"https:\/\/www.europesays.com\/fr\/wp-content\/uploads\/2025\/12\/barbara-studio-405x500.jpg\" class=\"attachment-gallery size-gallery\" alt=\"Barbara studio\" data-full-url=\"https:\/\/pokaa.fr\/wp-content\/uploads\/2025\/11\/28\/barbara-studio.jpg\" decoding=\"async\" loading=\"lazy\"  \/>            <\/p>\n<p>                <img width=\"365\" height=\"500\" src=\"https:\/\/www.europesays.com\/fr\/wp-content\/uploads\/2025\/12\/barbara-studio-3-365x500.jpg\" class=\"attachment-gallery size-gallery\" alt=\"Barbara studio\" data-full-url=\"https:\/\/pokaa.fr\/wp-content\/uploads\/2025\/11\/28\/barbara-studio-3.jpg\" decoding=\"async\" loading=\"lazy\"  \/>            <\/p>\n<p>                <img width=\"358\" height=\"500\" src=\"https:\/\/www.europesays.com\/fr\/wp-content\/uploads\/2025\/12\/barbara-studio-2-358x500.jpg\" class=\"attachment-gallery size-gallery\" alt=\"Barbara studio + Barbara Leb\u0153uf\" data-full-url=\"https:\/\/pokaa.fr\/wp-content\/uploads\/2025\/11\/28\/barbara-studio-2.jpg\" decoding=\"async\" loading=\"lazy\"  \/>            <\/p>\n<p>                    \u00ab\u00a0No\u00ebl de cr\u00e9ateurs\u00a0\u00bb\u00a02024 chez Barbara Leb\u0153uf. \u00a9 Barbara studio \/ Documents remis<\/p>\n<p>\u00ab\u00a0Mains \u00e0 l\u2019\u0153uvre \u2013 5e \u00e9dition\u00a0\u00bb\u00a0: Salon des M\u00e9tiers d&rsquo;art \u00e0 l&rsquo;\u00e9glise Saint-Pierre-le-Vieux<\/p>\n<p>Pour un bel aper\u00e7u de l\u2019artisanat local, direction l\u2019embl\u00e9matique <b>\u00ab Mains \u00e0 l\u2019\u0153uvre \u00bb, qui est la 5e \u00e9dition du Salon des M\u00e9tiers d\u2019art<\/b>\u00a0au sein de <b>l\u2019\u00e9glise Saint-Pierre-le-Vieux, du 5 au 7 d\u00e9cembre<\/b>.<\/p>\n<p>C\u00e9ramique, bijouterie, orf\u00e8vrerie, travail du verre, du bois, textiles, luminaires, d\u00e9coration, gravure, teinture naturelle, coutellerie\u2026 Pendant un week-end, ils et elles sont <b>une trentaine<\/b> \u00e0 montrer leur savoir-faire.<\/p>\n<p align=\"CENTER\"><b>Quand et o\u00f9 ?<br \/><\/b>Du vendredi 5 au dimanche 7 d\u00e9cembre<br \/>(vendredi de 12h \u00e0 19h, samedi et dimanche de 10h \u00e0 19h)<br \/>\u00c0 l\u2019\u00e9glise Saint-Pierre-le-Vieux (entr\u00e9e Grand\u2019Rue ou place Saint-Pierre-le-Vieux)<br \/><a href=\"https:\/\/fb.me\/e\/7rdsg380h\" target=\"_blank\" rel=\"noopener\">+ d\u2019infos<\/a><\/p>\n<p>                <img width=\"400\" height=\"500\" src=\"https:\/\/www.europesays.com\/fr\/wp-content\/uploads\/2025\/12\/nuances-vagabondes-loona-sire-mains-oeuvre-400x500.jpg\" class=\"attachment-gallery size-gallery\" alt=\"Nuances vagabondes + mains oeuvre\" data-full-url=\"https:\/\/pokaa.fr\/wp-content\/uploads\/2025\/11\/28\/nuances-vagabondes-loona-sire-mains-oeuvre.jpg\" decoding=\"async\" loading=\"lazy\"  \/>            <\/p>\n<p>                <img width=\"375\" height=\"500\" src=\"https:\/\/www.europesays.com\/fr\/wp-content\/uploads\/2025\/12\/fil-a-bois-mains-oeuvre-375x500.jpg\" class=\"attachment-gallery size-gallery\" alt=\"Fil \u00e0 Bois\" data-full-url=\"https:\/\/pokaa.fr\/wp-content\/uploads\/2025\/11\/28\/fil-a-bois-mains-oeuvre.jpg\" decoding=\"async\" loading=\"lazy\"  \/>            <\/p>\n<p>                <img width=\"400\" height=\"500\" src=\"https:\/\/www.europesays.com\/fr\/wp-content\/uploads\/2025\/12\/atelier-nainai-mains-oeuvre-400x500.jpg\" class=\"attachment-gallery size-gallery\" alt=\"Atelier Na\u00efNa\u00ef mains oeuvre\" data-full-url=\"https:\/\/pokaa.fr\/wp-content\/uploads\/2025\/11\/28\/atelier-nainai-mains-oeuvre.jpg\" decoding=\"async\" loading=\"lazy\"  \/>            <\/p>\n<p>                <img width=\"375\" height=\"500\" src=\"https:\/\/www.europesays.com\/fr\/wp-content\/uploads\/2025\/12\/jeanne-picq-gravures-mains-oeuvre-375x500.jpg\" class=\"attachment-gallery size-gallery\" alt=\"Jeanne Picq + mains oeuvre\" data-full-url=\"https:\/\/pokaa.fr\/wp-content\/uploads\/2025\/11\/28\/jeanne-picq-gravures-mains-oeuvre.jpg\" decoding=\"async\" loading=\"lazy\"  \/>            <\/p>\n<p>                <img width=\"281\" height=\"500\" src=\"https:\/\/www.europesays.com\/fr\/wp-content\/uploads\/2025\/12\/the-red-swan-mains-oeuvre-281x500.jpg\" class=\"attachment-gallery size-gallery\" alt=\"The red swan\" data-full-url=\"https:\/\/pokaa.fr\/wp-content\/uploads\/2025\/11\/28\/the-red-swan-mains-oeuvre.jpg\" decoding=\"async\" loading=\"lazy\"  \/>            <\/p>\n<p>                    1. Nuances vagabondes. \u00a9 @loona_sire \/ Document remis ; 2. Fil \u00e0 Bois. \u00a9 Document remis ; 3. Atelier Na\u00efNa\u00ef. \u00a9 Document remis ; 4. Jeanne Picq \u00a9 Document remis ; 5. The Red Swan. \u00a9 Document remis<\/p>\n<p>\u00ab\u00a0No\u00ebl Onirique\u00a0\u00bb\u00a0: les Artisans d&rsquo;Imaginaire au FEC<\/p>\n<p>Tout aussi \u00e9ph\u00e9m\u00e8re que le pr\u00e9c\u00e9dent\u00a0: le <b>\u00ab\u00a0No\u00ebl Onirique\u00a0\u00bb<\/b>, par <b>Les Artisans d\u2019Imaginaire <\/b>les <b>6 et 7 d\u00e9cembre au FEC<\/b> (Foyer \u00e9tudiant catholique de Strasbourg).<\/p>\n<p>Une <b>3e \u00e9dition <\/b>avec, sur les stands, des univers aussi vari\u00e9s que color\u00e9s : <b>broderie d\u2019art, bijouterie, c\u00e9ramique, couture, crochet, linogravure, maroquinerie, illustration, aquarelle<\/b>\u2026 D\u2019Atelier Amabilis \u00e0 Anne-Lise Mary, en passant par l\u2019univers r\u00e9gressif d\u2019Adelle Zanotti : plus d\u2019une <b>quinzaine d\u2019artistes et artisan(e)s <\/b>sont sur place.<\/p>\n<p>Mais aussi des bougies, des cadres fleuris, des cr\u00e9ations en bois (\u00e0 l\u2019instar des adorables oiseaux \u00e0 suspendre de Canaridoo) et de quoi remplir son cabinet de curiosit\u00e9s (avec <b>A<\/b><b>ntiquus Corvus<\/b>).<\/p>\n<p align=\"CENTER\"><b>Quand et o\u00f9\u00a0?<br \/><\/b>Samedi 6 (de 10h30 \u00e0 20h) et dimanche 7 d\u00e9cembre (de 10h30 \u00e0 17h30)<br \/>Au FEC (Foyer \u00e9tudiant catholique de Strasbourg)<br \/><a href=\"https:\/\/www.instagram.com\/artisansd.imaginaire\/\" target=\"_blank\" rel=\"noopener\">+ d\u2019infos<\/a><\/p>\n<p>                <img width=\"500\" height=\"500\" src=\"https:\/\/www.europesays.com\/fr\/wp-content\/uploads\/2025\/12\/anne-lise-mary-artisans-imaginaire-500x500.png\" class=\"attachment-gallery size-gallery\" alt=\"Anne-Lise Mary\" data-full-url=\"https:\/\/pokaa.fr\/wp-content\/uploads\/2025\/11\/28\/anne-lise-mary-artisans-imaginaire.png\" decoding=\"async\" loading=\"lazy\"  \/>            <\/p>\n<p>                <img width=\"500\" height=\"500\" src=\"https:\/\/www.europesays.com\/fr\/wp-content\/uploads\/2025\/12\/anne-lise-mary-artisans-imaginaire-2-500x500.png\" class=\"attachment-gallery size-gallery\" alt=\"Anne-Lise Mary\" data-full-url=\"https:\/\/pokaa.fr\/wp-content\/uploads\/2025\/11\/28\/anne-lise-mary-artisans-imaginaire-2.png\" decoding=\"async\" loading=\"lazy\"  \/>            <\/p>\n<p>                <img width=\"463\" height=\"500\" src=\"https:\/\/www.europesays.com\/fr\/wp-content\/uploads\/2025\/11\/adelle-zanotti-nideck-463x500.jpg\" class=\"attachment-gallery size-gallery\" alt=\"Adelle Zanotti nideck\" data-full-url=\"https:\/\/pokaa.fr\/wp-content\/uploads\/2025\/11\/28\/adelle-zanotti-nideck.jpg\" decoding=\"async\" loading=\"lazy\"  \/>            <\/p>\n<p>                <img width=\"690\" height=\"500\" src=\"https:\/\/www.europesays.com\/fr\/wp-content\/uploads\/2025\/12\/Atelier-Amabilis-690x500.webp.webp\" class=\"attachment-gallery size-gallery\" alt=\"Atelier Amabilis\" data-full-url=\"https:\/\/pokaa.fr\/wp-content\/uploads\/2024\/06\/21\/Atelier-Amabilis.webp\" decoding=\"async\" loading=\"lazy\"  \/>            <\/p>\n<p>                    1. 2. Anne-Lise Mary. \u00a9 Documents remis ; 3. \u00a9 Adelle Zanotti \/ Document remis ; 4. \u00a9 Atelier Amabilis \/ Document remis<\/p>\n<p>\u00ab\u00a0Kaleido\u2019shop de No\u00ebl\u00a0\u00bb \u00e0 Kal\u00e9idoscoop<\/p>\n<p align=\"LEFT\">Si la Coopette a ferm\u00e9 ses portes, un <b>\u00ab Kaleido\u2019shop de No\u00ebl \u00bb prendra le relais du 9 au 20 d\u00e9cembre, au c\u0153ur de Kal\u00e9idoscoop<\/b> (\u00e0 la Coop). Une boutique de No\u00ebl sur 470 m\u00b2 avec <b>une quinzaine de stands,<\/b> dont un grand <b>corner \u00ab\u00a0Made in Coop\u00a0\u00bb <\/b>r\u00e9unissant des structures du quartier (Ateliers \u00c9clair\u00e9s, Garage Coop et Basse Cour des Miracles), et un <b>mini-march\u00e9 solidaire<\/b>.<\/p>\n<p align=\"LEFT\">On pourra compl\u00e9ter ses emplettes avec des<b> produits de traiteur, bi\u00e8res et vins<\/b>, de la <b>mode responsable<\/b>\u2026 Et<b> assister \u00e0 des ateliers<\/b> \u00ab\u00a0pour pr\u00e9parer [nos] cadeaux de No\u00ebl, pr\u00e9parer [notre] corps \u00e0 la p\u00e9riode des f\u00eates\u00a0\u00bb, ou \u00e0 des projections.<\/p>\n<p align=\"CENTER\"><b>Quand et o\u00f9\u00a0?<br \/><\/b>Du 9 au 20 d\u00e9cembre (du mardi au samedi de 11h \u00e0 19h)<br \/>\u00c0 Kal\u00e9idoscoop (Coop)<br \/><a href=\"https:\/\/www.kaleidos.coop\/presentation\/\" target=\"_blank\" rel=\"noopener\">+ d\u2019infos<\/a><\/p>\n<p>    <img width=\"800\" height=\"533\" src=\"https:\/\/www.europesays.com\/fr\/wp-content\/uploads\/2025\/05\/saperlicoopette-800x533.jpg\" class=\"attachment-image-size-L size-image-size-L\" alt=\"Saperlicoopette\" decoding=\"async\" loading=\"lazy\"  \/>         \u00a9 Kaleidoscoop \/ Document remis <\/p>\n<p>\u00ab\u00a0March\u00e9 des cr\u00e9ateurs par Touch-Arts\u00a0\u00bb dans la Halle du March\u00e9 du Neudorf<\/p>\n<p>Et enfin, dans la grande<b> Halle du March\u00e9 du Neudor<\/b>f qu\u2019il investit <b>un dimanche par mois<\/b>, toute l\u2019ann\u00e9e\u00a0: <b>le March\u00e9 des cr\u00e9ateurs par Touch-Arts<\/b>.<\/p>\n<p>Pour pr\u00e9parer les f\u00eates, il nous donnera rendez-vous<b> le 14 d\u00e9cembre<\/b>, avec une s\u00e9lection de pr\u00e8s de <b>65 artistes d\u2019Alsace et du Grand-Est<\/b>.<\/p>\n<p align=\"CENTER\"><b>Quand et o\u00f9\u00a0?<br \/><\/b>Dimanche 14 d\u00e9cembre de 10h \u00e0 18h<br \/>Halle du March\u00e9 de Neudorf<br \/>+ d\u2019infos <a href=\"https:\/\/marche-des-createurs.fr\/\" target=\"_blank\" rel=\"noopener\">ici<\/a> et <a href=\"https:\/\/fb.me\/e\/3hUaJ0Fbd\" target=\"_blank\" rel=\"noopener\">ici<\/a><\/p>\n<p>    <img width=\"800\" height=\"600\" src=\"https:\/\/www.europesays.com\/fr\/wp-content\/uploads\/2025\/12\/touch-arts-e1701275160794-800x600.jpg\" class=\"attachment-image-size-L size-image-size-L\" alt=\"touch arts\" decoding=\"async\" loading=\"lazy\"  \/>         \u00a9 March\u00e9 des cr\u00e9ateurs by Touch-arts.com \/ Document remis <\/p>\n<p><script async src=\"\/\/www.instagram.com\/embed.js\"><\/script><\/p>\n","protected":false},"excerpt":{"rendered":"Avec les f\u00eates, Strasbourg change de visage. Outre les cabanons de son march\u00e9 de No\u00ebl et son sapin&hellip;\n","protected":false},"author":2,"featured_media":581165,"comment_status":"","ping_status":"","sticky":false,"template":"","format":"standard","meta":{"footnotes":""},"categories":[2820],"tags":[1111,11,2389,3734,1477,4396,11647,6874,11898,47073,4942,1777,674,1011,27,775,4555,12,15830,3907,25,6720,640],"class_list":{"0":"post-581164","1":"post","2":"type-post","3":"status-publish","4":"format-standard","5":"has-post-thumbnail","7":"category-strasbourg","8":"tag-actu","9":"tag-actualites","10":"tag-alsace","11":"tag-art","12":"tag-artisanat","13":"tag-atelier","14":"tag-boutique","15":"tag-cadeau","16":"tag-centre-ville","17":"tag-concept-store","18":"tag-creation","19":"tag-eu","20":"tag-europe","21":"tag-fr","22":"tag-france","23":"tag-grand-est","24":"tag-local","25":"tag-news","26":"tag-noel","27":"tag-que-faire","28":"tag-republique-francaise","29":"tag-shopping","30":"tag-strasbourg"},"share_on_mastodon":{"url":"https:\/\/pubeurope.com\/@fr\/115670265099717356","error":""},"_links":{"self":[{"href":"https:\/\/www.europesays.com\/fr\/wp-json\/wp\/v2\/posts\/581164","targetHints":{"allow":["GET"]}}],"collection":[{"href":"https:\/\/www.europesays.com\/fr\/wp-json\/wp\/v2\/posts"}],"about":[{"href":"https:\/\/www.europesays.com\/fr\/wp-json\/wp\/v2\/types\/post"}],"author":[{"embeddable":true,"href":"https:\/\/www.europesays.com\/fr\/wp-json\/wp\/v2\/users\/2"}],"replies":[{"embeddable":true,"href":"https:\/\/www.europesays.com\/fr\/wp-json\/wp\/v2\/comments?post=581164"}],"version-history":[{"count":0,"href":"https:\/\/www.europesays.com\/fr\/wp-json\/wp\/v2\/posts\/581164\/revisions"}],"wp:featuredmedia":[{"embeddable":true,"href":"https:\/\/www.europesays.com\/fr\/wp-json\/wp\/v2\/media\/581165"}],"wp:attachment":[{"href":"https:\/\/www.europesays.com\/fr\/wp-json\/wp\/v2\/media?parent=581164"}],"wp:term":[{"taxonomy":"category","embeddable":true,"href":"https:\/\/www.europesays.com\/fr\/wp-json\/wp\/v2\/categories?post=581164"},{"taxonomy":"post_tag","embeddable":true,"href":"https:\/\/www.europesays.com\/fr\/wp-json\/wp\/v2\/tags?post=581164"}],"curies":[{"name":"wp","href":"https:\/\/api.w.org\/{rel}","templated":true}]}}