{"id":581168,"date":"2025-12-06T02:29:14","date_gmt":"2025-12-06T02:29:14","guid":{"rendered":"https:\/\/www.europesays.com\/fr\/581168\/"},"modified":"2025-12-06T02:29:14","modified_gmt":"2025-12-06T02:29:14","slug":"de-vastes-travaux-promis-pour-lensemble-du-vieux-nice","status":"publish","type":"post","link":"https:\/\/www.europesays.com\/fr\/581168\/","title":{"rendered":"de vastes travaux promis pour l&rsquo;ensemble du Vieux-Nice"},"content":{"rendered":"<p><strong><a href=\"https:\/\/nicepresse.com\/municipales\/\" data-wpel-link=\"internal\" target=\"_blank\" rel=\"noopener\">Municipales 2026<\/a>. Un immense projet qui pourrait s\u2019\u00e9tendre sur \u00ab\u00a0plusieurs ann\u00e9es\u00a0\u00bb. Le maire de la ville, Christian Estrosi, a\u00a0\u00e9voqu\u00e9 dans Nice-Presse son plan pour le centre-ancien. R\u00e9seaux, rues, mobilier urbain, tout doit \u00eatre refait si l\u2019\u00e9dile est\u00a0r\u00e9\u00e9lu.<\/strong><\/p>\n<p>Ces derni\u00e8res ann\u00e9es, c\u2019est l\u2019un des coins de la capitale maralpine qui a\u00a0v\u00e9cu le plus d\u2019\u00e9volutions. Le Vieux-Nice a\u00a0b\u00e9n\u00e9fici\u00e9 de beaucoup de travaux assez lourds. La liste est longue, mais elle comprend par exemple les alentours de l\u2019h\u00f4tel du Couvent, la reprise du cours Saleya, de la place Gautier, l\u2019ouverture du cours Jacques-Chirac ou encore la r\u00e9novation de la place Garibaldi.<\/p>\n<p>Sauf que les commer\u00e7ants et les riverains en attendent encore davantage, n\u2019y trouvant pas toujours leur compte. Plus que sur les places principales ce sont les ruelles qui posent des probl\u00e8mes. Des pav\u00e9s se font la malle, des trous se forment, ce qui poussait les professionnels \u00e0\u00a0r\u00e9clamer <a href=\"https:\/\/nicepresse.com\/les-commercants-reclament-une-renovation-du-vieux-nice-les-gens-se-prennent-les-pieds-dans-des-trous\/\" data-wpel-link=\"internal\" target=\"_blank\" rel=\"noopener\">dans nos colonnes<\/a> \u00ab\u00a0une r\u00e9novation des sols de l\u2019ensemble du quartier\u00a0\u00bb en juillet 2024.<\/p>\n<p>\u00ab\u00a0Redonner un caract\u00e8re authentique\u00a0\u00bb<\/p>\n<p>Cela pourrait arriver dans les mois \u00e0\u00a0venir, selon les promesses de Christian Estrosi (Horizons). Le maire-candidat s\u2019est exprim\u00e9 \u00e0\u00a0ce sujet dimanche 28 novembre <a href=\"https:\/\/nicepresse.com\/christian-estrosi-a-nice-presse-nous-lancerons-les-chantiers-de-renovation-des-quartiers-du-port-du-vieux-nice-et-de-riquier\/\" data-wpel-link=\"internal\" target=\"_blank\" rel=\"noopener\">dans Nice-Presse<\/a>. \u00ab\u00a0Nous avons beaucoup fait\u00a0\u00bb, commence-t-il, en \u00e9num\u00e9rant les pr\u00e9c\u00e9dents chantiers. Et ce qu\u2019il pr\u00e9voit pourrait \u00eatre le \u00ab\u00a0plus grand plan de r\u00e9novation men\u00e9 pour ce secteur depuis 50\u00a0ans\u00a0\u00bb.<\/p>\n<p> \u00ab\u00a0Je lancerai une op\u00e9ration de sauvegarde sur plusieurs ann\u00e9es, indique l\u2019\u00e9lu azur\u00e9en. L\u2019esprit, ce sera de redonner un caract\u00e8re authentique au quartier. Les r\u00e9seaux seront repris, les rues refaites avec des pav\u00e9s magnifiques et du mobilier urbain de grande qualit\u00e9, au niveau d\u2019un p\u00e9rim\u00e8tre class\u00e9.\u00a0\u00bb<\/p>\n<p>L\u2019op\u00e9ra a\u00a0besoin d\u2019un coup de\u00a0neuf<\/p>\n<p>En plus de ces premi\u00e8res \u00e9num\u00e9rations, on peut rappeler ce qui est ambitionn\u00e9 pour l\u2019op\u00e9ra. Le palais lyrique a\u00a0un besoin urgent de travaux, ce que soulignait la Chambre r\u00e9gionale des comptes (CRC) <a href=\"https:\/\/nicepresse.com\/a-nice-le-batiment-abritant-lopera-degrade-selon-un-rapport-ce-que-lon-sait-des-futurs-travaux\/\" data-wpel-link=\"internal\" target=\"_blank\" rel=\"noopener\">en juillet 2024<\/a>, rappel\u00e9 en <a href=\"https:\/\/nicepresse.com\/les-magistrats-de-la-chambre-des-comptes-ont-ausculte-lopera-nice-cote-dazur-voici-ce-quil-faut-retenir-de-leur-inspection\/\" data-wpel-link=\"internal\" target=\"_blank\" rel=\"noopener\">mars 2025<\/a>. \u00c9difi\u00e9 en 1885, le b\u00e2timent n\u00e9cessiterait entre 15 et 30 millions d\u2019euros. <\/p>\n<p>Tout pr\u00e8s, <a href=\"https:\/\/nicepresse.com\/chantier-de-la-zone-pietonne-massena-a-nice-la-mairie-ouvre-un-debat-citoyen-lidee-est-den-faire-la-nouvelle-promenade-des-nicois\/\" data-wpel-link=\"internal\" target=\"_blank\" rel=\"noopener\">la Zone pi\u00e9tonne Mass\u00e9na<\/a> voit son heure approcher. La rue et la place Magenta seraient harmonis\u00e9es avec\u00a0<a href=\"https:\/\/nicepresse.com\/la-mairie-confirme-la-renovation-de-cet-axe-du-centre-ville-de-nice-pour-les-tous-prochains-mois-voici-ce-a-quoi-il-faut-sattendre-apres-les-travaux\/\" data-wpel-link=\"internal\" target=\"_blank\" rel=\"noopener\">la rue de Su\u00e8de<\/a>, et les am\u00e9nagements de\u00a0Grimaldi, Paradis et Libert\u00e9. Les premiers coups de pelles pourraient arriver en 2026, les concertations (commer\u00e7ants puis riverains) ayant \u00e9t\u00e9 men\u00e9es cet\u00a0\u00e9t\u00e9.<\/p>\n","protected":false},"excerpt":{"rendered":"Municipales 2026. Un immense projet qui pourrait s\u2019\u00e9tendre sur \u00ab\u00a0plusieurs ann\u00e9es\u00a0\u00bb. Le maire de la ville, Christian Estrosi,&hellip;\n","protected":false},"author":2,"featured_media":581169,"comment_status":"","ping_status":"","sticky":false,"template":"","format":"standard","meta":{"footnotes":""},"categories":[2819],"tags":[1111,11,1777,674,1011,27,12,2401,882,25],"class_list":{"0":"post-581168","1":"post","2":"type-post","3":"status-publish","4":"format-standard","5":"has-post-thumbnail","7":"category-nice","8":"tag-actu","9":"tag-actualites","10":"tag-eu","11":"tag-europe","12":"tag-fr","13":"tag-france","14":"tag-news","15":"tag-nice","16":"tag-provence-alpes-cote-dazur","17":"tag-republique-francaise"},"share_on_mastodon":{"url":"","error":""},"_links":{"self":[{"href":"https:\/\/www.europesays.com\/fr\/wp-json\/wp\/v2\/posts\/581168","targetHints":{"allow":["GET"]}}],"collection":[{"href":"https:\/\/www.europesays.com\/fr\/wp-json\/wp\/v2\/posts"}],"about":[{"href":"https:\/\/www.europesays.com\/fr\/wp-json\/wp\/v2\/types\/post"}],"author":[{"embeddable":true,"href":"https:\/\/www.europesays.com\/fr\/wp-json\/wp\/v2\/users\/2"}],"replies":[{"embeddable":true,"href":"https:\/\/www.europesays.com\/fr\/wp-json\/wp\/v2\/comments?post=581168"}],"version-history":[{"count":0,"href":"https:\/\/www.europesays.com\/fr\/wp-json\/wp\/v2\/posts\/581168\/revisions"}],"wp:featuredmedia":[{"embeddable":true,"href":"https:\/\/www.europesays.com\/fr\/wp-json\/wp\/v2\/media\/581169"}],"wp:attachment":[{"href":"https:\/\/www.europesays.com\/fr\/wp-json\/wp\/v2\/media?parent=581168"}],"wp:term":[{"taxonomy":"category","embeddable":true,"href":"https:\/\/www.europesays.com\/fr\/wp-json\/wp\/v2\/categories?post=581168"},{"taxonomy":"post_tag","embeddable":true,"href":"https:\/\/www.europesays.com\/fr\/wp-json\/wp\/v2\/tags?post=581168"}],"curies":[{"name":"wp","href":"https:\/\/api.w.org\/{rel}","templated":true}]}}