{"id":581170,"date":"2025-12-06T02:30:15","date_gmt":"2025-12-06T02:30:15","guid":{"rendered":"https:\/\/www.europesays.com\/fr\/581170\/"},"modified":"2025-12-06T02:30:15","modified_gmt":"2025-12-06T02:30:15","slug":"la-foire-de-nice-ferme-avant-douvrir","status":"publish","type":"post","link":"https:\/\/www.europesays.com\/fr\/581170\/","title":{"rendered":"La Foire de Nice ferme avant d&rsquo;ouvrir"},"content":{"rendered":"<p class=\"post_excerpt\">L\u2019association Nicexpo confirme l\u2019annulation de la 76\u00e8me \u00e9dition de la Foire Internationale de Nice d\u00e9cid\u00e9e par le Pr\u00e9fet des Alpes-Maritimes au nom du principe de pr\u00e9caution.<\/p>\n<p>Un tel \u00e9v\u00e9nement ne peut malheureusement pas \u00eatre report\u00e9. Les organisateurs donnent or et d\u00e9j\u00e0 au rendez-vous \u00e0 mars 2021.<\/p>\n<p>L\u2019annulation de cet \u00e9v\u00e9nement n\u2019est pas neutre pour l\u2019\u00e9conomie de la r\u00e9gion et les 500 exposants inscrits : on estime que en plus de 100000 visiteurs, 60 000 devis et contrats sont sign\u00e9s ou transmis pendant et apr\u00e8s la Foire, ce qui repr\u00e9sente plus de 28 millions d\u2019euros de chiffres d\u2019affaires.<\/p>\n<p><strong>NicePremium est un m\u00e9dia local ind\u00e9pendant et gratuit.<\/strong><br \/>Pour nous aider \u00e0 continuer, vous pouvez soutenir notre travail \u00e0 partir de 5 \u20ac par mois.<\/p>\n<p><a class=\"np-soutien-btn\" href=\"https:\/\/www.nicepremium.fr\/faire-un-don\/\" target=\"_blank\" rel=\"noopener\">Soutenir NicePremium<\/a><\/p>\n","protected":false},"excerpt":{"rendered":"L\u2019association Nicexpo confirme l\u2019annulation de la 76\u00e8me \u00e9dition de la Foire Internationale de Nice d\u00e9cid\u00e9e par le Pr\u00e9fet&hellip;\n","protected":false},"author":2,"featured_media":581171,"comment_status":"","ping_status":"","sticky":false,"template":"","format":"standard","meta":{"footnotes":""},"categories":[2819],"tags":[1111,11,1777,674,1011,27,12,2401,882,25],"class_list":{"0":"post-581170","1":"post","2":"type-post","3":"status-publish","4":"format-standard","5":"has-post-thumbnail","7":"category-nice","8":"tag-actu","9":"tag-actualites","10":"tag-eu","11":"tag-europe","12":"tag-fr","13":"tag-france","14":"tag-news","15":"tag-nice","16":"tag-provence-alpes-cote-dazur","17":"tag-republique-francaise"},"share_on_mastodon":{"url":"https:\/\/pubeurope.com\/@fr\/115670275035530442","error":""},"_links":{"self":[{"href":"https:\/\/www.europesays.com\/fr\/wp-json\/wp\/v2\/posts\/581170","targetHints":{"allow":["GET"]}}],"collection":[{"href":"https:\/\/www.europesays.com\/fr\/wp-json\/wp\/v2\/posts"}],"about":[{"href":"https:\/\/www.europesays.com\/fr\/wp-json\/wp\/v2\/types\/post"}],"author":[{"embeddable":true,"href":"https:\/\/www.europesays.com\/fr\/wp-json\/wp\/v2\/users\/2"}],"replies":[{"embeddable":true,"href":"https:\/\/www.europesays.com\/fr\/wp-json\/wp\/v2\/comments?post=581170"}],"version-history":[{"count":0,"href":"https:\/\/www.europesays.com\/fr\/wp-json\/wp\/v2\/posts\/581170\/revisions"}],"wp:featuredmedia":[{"embeddable":true,"href":"https:\/\/www.europesays.com\/fr\/wp-json\/wp\/v2\/media\/581171"}],"wp:attachment":[{"href":"https:\/\/www.europesays.com\/fr\/wp-json\/wp\/v2\/media?parent=581170"}],"wp:term":[{"taxonomy":"category","embeddable":true,"href":"https:\/\/www.europesays.com\/fr\/wp-json\/wp\/v2\/categories?post=581170"},{"taxonomy":"post_tag","embeddable":true,"href":"https:\/\/www.europesays.com\/fr\/wp-json\/wp\/v2\/tags?post=581170"}],"curies":[{"name":"wp","href":"https:\/\/api.w.org\/{rel}","templated":true}]}}