{"id":581172,"date":"2025-12-06T02:31:37","date_gmt":"2025-12-06T02:31:37","guid":{"rendered":"https:\/\/www.europesays.com\/fr\/581172\/"},"modified":"2025-12-06T02:31:37","modified_gmt":"2025-12-06T02:31:37","slug":"accident-insolite-a-nantes-une-voiture-termine-sa-course-en-plein-milieu-dun-escalier","status":"publish","type":"post","link":"https:\/\/www.europesays.com\/fr\/581172\/","title":{"rendered":"Accident insolite \u00e0 Nantes\u00a0: une voiture termine sa course en plein milieu d\u2019un escalier"},"content":{"rendered":"<p>La sc\u00e8ne a d\u00fb surprendre plus d\u2019un passant. Une voiture a termin\u00e9 sa course dans les Marches des fiert\u00e9s, en plein centre-ville de Nantes, jeudi 4\u00a0d\u00e9cembre 2025. La voiture a \u00e9t\u00e9 arr\u00eat\u00e9e en plein milieu de l\u2019escalier aux couleurs de l\u2019arc-en-ciel.<\/p>\n<p>Comment s\u2019est-elle retrouv\u00e9e l\u00e0\u00a0? La sc\u00e8ne s\u2019est d\u00e9roul\u00e9e entre le cours des 50-Otages et la place Bretagne, une grande zone pi\u00e9tonne en centre-ville de Nantes emprunt\u00e9e par les cyclistes et les tramways.<\/p>\n<p>Pour arriver jusqu\u2019ici, le v\u00e9hicule a d\u00fb emprunter la rue de la Boucherie ou celle du Pont-Sauvetout, interdites aux voitures parce que r\u00e9serv\u00e9es \u00e0 la ligne 3, avant de prendre la rue Beaurepaire, r\u00e9serv\u00e9e aux pi\u00e9tons.<\/p>\n<p>\t<img decoding=\"async\" src=\"https:\/\/www.europesays.com\/fr\/wp-content\/uploads\/2025\/12\/P35621690D7095416G_px_640_.jpg\" alt=\"photo l\u2019escalier est situ\u00e9 en centre-ville de nantes, entre le cours des 50-otages et la place bretagne.  \u00a9  photo robert groussin\" width=\"640\" title=\" L\u2019escalier est situ\u00e9 en centre-ville de Nantes, entre le cours des 50-Otages et la place Bretagne.   Photo Robert Groussin \"\/><\/p>\n<p class=\"elmt-legende\"> L\u2019escalier est situ\u00e9 en centre-ville de Nantes, entre le cours des 50-Otages et la place Bretagne.   Photo Robert Groussin <\/p>\n<p>L\u2019improbable accident n\u2019aurait pas fait de bless\u00e9. Pour l\u2019heure, nous ne connaissons pas les circonstances qui ont conduit l\u2019automobiliste dans cette position.<\/p>\n<p>Une d\u00e9panneuse pour l\u2019extraire<\/p>\n<p>\t<img decoding=\"async\" src=\"https:\/\/www.europesays.com\/fr\/wp-content\/uploads\/2025\/12\/P35621691D7095416G_px_640_.jpg\" alt=\"photo une d\u00e9panneuse a sorti la voiture des marches.  \u00a9  photo robert groussin\" width=\"640\" title=\" Une d\u00e9panneuse a sorti la voiture des marches.   Photo Robert Groussin \"\/><\/p>\n<p class=\"elmt-legende\"> Une d\u00e9panneuse a sorti la voiture des marches.   Photo Robert Groussin <\/p>\n<p>Les sapeurs-pompiers sont intervenus. Le v\u00e9hicule coinc\u00e9 a d\u00fb \u00eatre tract\u00e9 par une d\u00e9panneuse pour \u00eatre extraite de cet escalier, qui a \u00e9t\u00e9 officiellement inaugur\u00e9 en mai\u00a02025 <a href=\"https:\/\/nantes.maville.com\/actu\/actudet_-les-marches-des-fiertes-inaugurees-a-nantes-_8-6823392_actu.Htm\" target=\"_self\" rel=\"noopener\">\u00ab\u00a0March\u00e9 des fiert\u00e9s\u00a0\u00bb pour symboliser les luttes LGBTQIA +\u00a0\u00e0 Nantes<\/a>.<\/p>\n<p>\u00a0<\/p>\n","protected":false},"excerpt":{"rendered":"La sc\u00e8ne a d\u00fb surprendre plus d\u2019un passant. Une voiture a termin\u00e9 sa course dans les Marches des&hellip;\n","protected":false},"author":2,"featured_media":581173,"comment_status":"","ping_status":"","sticky":false,"template":"","format":"standard","meta":{"footnotes":""},"categories":[2818],"tags":[119,1111,11,6466,63471,1777,674,1011,27,1757,12413,766,12,2636,25,6689,17770,4752,9693],"class_list":{"0":"post-581172","1":"post","2":"type-post","3":"status-publish","4":"format-standard","5":"has-post-thumbnail","7":"category-nantes","8":"tag-accident","9":"tag-actu","10":"tag-actualites","11":"tag-course","12":"tag-escalier","13":"tag-eu","14":"tag-europe","15":"tag-fr","16":"tag-france","17":"tag-insolite","18":"tag-milieu","19":"tag-nantes","20":"tag-news","21":"tag-pays-de-la-loire","22":"tag-republique-francaise","23":"tag-roche","24":"tag-termine","25":"tag-voiture","26":"tag-yon"},"share_on_mastodon":{"url":"https:\/\/pubeurope.com\/@fr\/115670279791321408","error":""},"_links":{"self":[{"href":"https:\/\/www.europesays.com\/fr\/wp-json\/wp\/v2\/posts\/581172","targetHints":{"allow":["GET"]}}],"collection":[{"href":"https:\/\/www.europesays.com\/fr\/wp-json\/wp\/v2\/posts"}],"about":[{"href":"https:\/\/www.europesays.com\/fr\/wp-json\/wp\/v2\/types\/post"}],"author":[{"embeddable":true,"href":"https:\/\/www.europesays.com\/fr\/wp-json\/wp\/v2\/users\/2"}],"replies":[{"embeddable":true,"href":"https:\/\/www.europesays.com\/fr\/wp-json\/wp\/v2\/comments?post=581172"}],"version-history":[{"count":0,"href":"https:\/\/www.europesays.com\/fr\/wp-json\/wp\/v2\/posts\/581172\/revisions"}],"wp:featuredmedia":[{"embeddable":true,"href":"https:\/\/www.europesays.com\/fr\/wp-json\/wp\/v2\/media\/581173"}],"wp:attachment":[{"href":"https:\/\/www.europesays.com\/fr\/wp-json\/wp\/v2\/media?parent=581172"}],"wp:term":[{"taxonomy":"category","embeddable":true,"href":"https:\/\/www.europesays.com\/fr\/wp-json\/wp\/v2\/categories?post=581172"},{"taxonomy":"post_tag","embeddable":true,"href":"https:\/\/www.europesays.com\/fr\/wp-json\/wp\/v2\/tags?post=581172"}],"curies":[{"name":"wp","href":"https:\/\/api.w.org\/{rel}","templated":true}]}}