{"id":581186,"date":"2025-12-06T02:38:13","date_gmt":"2025-12-06T02:38:13","guid":{"rendered":"https:\/\/www.europesays.com\/fr\/581186\/"},"modified":"2025-12-06T02:38:13","modified_gmt":"2025-12-06T02:38:13","slug":"on-na-rien-fait-deplore-le-capitaine-olympien-leonardo-balerdi","status":"publish","type":"post","link":"https:\/\/www.europesays.com\/fr\/581186\/","title":{"rendered":"\u00ab\u00a0On n&rsquo;a rien fait\u00a0\u00bb, d\u00e9plore le capitaine olympien Leonardo Balerdi"},"content":{"rendered":"<p>Il y a parfois des discours plus convenus apr\u00e8s une d\u00e9faite. Leo Balerdi, lui, ne s&rsquo;est pas cach\u00e9 dans les couloirs du stade Pierre-Mauroy et <a href=\"https:\/\/www.laprovence.com\/article\/om\/1007809217224514\/lille-om-1-0-tout-le-monde-a-mal-joue-tout-le-monde-a-ete-mauvais-peste-de-zerbi-apres-la-defaite\" target=\"_blank\" rel=\"noopener\">comme son coach peu avant lui<\/a>, il a act\u00e9 le non-match olympien \u00e0 Lille ce vendredi soir (1-0).<\/p>\n<p>\u00ab\u00a0Je n&rsquo;ai pas les mots\u2026 La premi\u00e8re mi-temps \u00e9tait une catastrophe. On a chang\u00e9 un peu en deuxi\u00e8me sans faire ce qu&rsquo;il fallait. Ce n&rsquo;\u00e9tait pas assez. Le coach nous a dit les choses, on n&rsquo;a pas press\u00e9. On n&rsquo;a rien fait. On n&rsquo;\u00e9tait pas pr\u00e9sent. Je ne sais pas pourquoi. Entre nous, on n&rsquo;a pas parl\u00e9 beaucoup apr\u00e8s le match. On doit revoir le match et nos erreurs, \u00e7a ne doit pas arriver une autre fois. On a perdu trois points tr\u00e8s importants pour notre saison.\u00a0\u00bb<\/p>\n<p>\u00ab\u00a0Il faut oublier cette d\u00e9faite et le nul aussi, et commencer \u00e0 penser \u00e0 ce que l&rsquo;on peut prendre. \u00c7a d\u00e9pend de nous, pas du coach ou du pr\u00e9sident. On doit montrer un autre visage. Le prochain match, c&rsquo;est en Ligue des champions. On doit gagner.\u00a0\u00bb<\/p>\n","protected":false},"excerpt":{"rendered":"Il y a parfois des discours plus convenus apr\u00e8s une d\u00e9faite. Leo Balerdi, lui, ne s&rsquo;est pas cach\u00e9&hellip;\n","protected":false},"author":2,"featured_media":581187,"comment_status":"","ping_status":"","sticky":false,"template":"","format":"standard","meta":{"footnotes":""},"categories":[2815],"tags":[17,1111,11,3398,46470,1777,674,21,1011,27,811,1307,16979,26203,12,149,5241,25,24],"class_list":{"0":"post-581186","1":"post","2":"type-post","3":"status-publish","4":"format-standard","5":"has-post-thumbnail","7":"category-lille","8":"tag-17","9":"tag-actu","10":"tag-actualites","11":"tag-capitaine","12":"tag-deplore","13":"tag-eu","14":"tag-europe","15":"tag-fait","16":"tag-fr","17":"tag-france","18":"tag-hauts-de-france","19":"tag-lille","20":"tag-lille-om","21":"tag-na","22":"tag-news","23":"tag-om","24":"tag-on","25":"tag-republique-francaise","26":"tag-rien"},"share_on_mastodon":{"url":"https:\/\/pubeurope.com\/@fr\/115670306368630334","error":""},"_links":{"self":[{"href":"https:\/\/www.europesays.com\/fr\/wp-json\/wp\/v2\/posts\/581186","targetHints":{"allow":["GET"]}}],"collection":[{"href":"https:\/\/www.europesays.com\/fr\/wp-json\/wp\/v2\/posts"}],"about":[{"href":"https:\/\/www.europesays.com\/fr\/wp-json\/wp\/v2\/types\/post"}],"author":[{"embeddable":true,"href":"https:\/\/www.europesays.com\/fr\/wp-json\/wp\/v2\/users\/2"}],"replies":[{"embeddable":true,"href":"https:\/\/www.europesays.com\/fr\/wp-json\/wp\/v2\/comments?post=581186"}],"version-history":[{"count":0,"href":"https:\/\/www.europesays.com\/fr\/wp-json\/wp\/v2\/posts\/581186\/revisions"}],"wp:featuredmedia":[{"embeddable":true,"href":"https:\/\/www.europesays.com\/fr\/wp-json\/wp\/v2\/media\/581187"}],"wp:attachment":[{"href":"https:\/\/www.europesays.com\/fr\/wp-json\/wp\/v2\/media?parent=581186"}],"wp:term":[{"taxonomy":"category","embeddable":true,"href":"https:\/\/www.europesays.com\/fr\/wp-json\/wp\/v2\/categories?post=581186"},{"taxonomy":"post_tag","embeddable":true,"href":"https:\/\/www.europesays.com\/fr\/wp-json\/wp\/v2\/tags?post=581186"}],"curies":[{"name":"wp","href":"https:\/\/api.w.org\/{rel}","templated":true}]}}