{"id":581188,"date":"2025-12-06T02:39:12","date_gmt":"2025-12-06T02:39:12","guid":{"rendered":"https:\/\/www.europesays.com\/fr\/581188\/"},"modified":"2025-12-06T02:39:12","modified_gmt":"2025-12-06T02:39:12","slug":"un-homme-de-28-ans-grievement-poignarde-a-malpasse-a-marseille","status":"publish","type":"post","link":"https:\/\/www.europesays.com\/fr\/581188\/","title":{"rendered":"Un homme de 28 ans gri\u00e8vement poignard\u00e9 \u00e0 Malpass\u00e9 \u00e0 Marseille"},"content":{"rendered":"<p>Peu apr\u00e8s 20h ce vendredi 5\u00a0d\u00e9cembre au soir, les secours ont \u00e9t\u00e9 d\u00e9clench\u00e9s pour porter secours \u00e0 un homme de 28\u00a0ans gri\u00e8vement bless\u00e9 \u00e0 l\u2019arme blanche sur le chemin du Merlan \u00e0 la Rose, dans le q<a href=\"https:\/\/www.laprovence.com\/article\/region\/1409969735957114\/marseille-a-malpasse-lavenir-de-laveran-est-lune-des-grandes-preoccupations-des-habitants\" target=\"_blank\" rel=\"noopener\">uartier de Malpass\u00e9<\/a> \u00e0 <a href=\"https:\/\/www.laprovence.com\/bouches-du-rhone\/marseille-13055\" target=\"_blank\" rel=\"noopener\">Marseille<\/a> (13\u1d49 arrondissement).<\/p>\n<p>La victime aurait \u00e9t\u00e9 poignard\u00e9e \u00e0 deux reprises dans le dos, au niveau de l\u2019omoplate. L\u2019homme a \u00e9t\u00e9 transport\u00e9 \u00e0 l\u2019h\u00f4pital m\u00e9dicalis\u00e9 par les <a href=\"https:\/\/www.laprovence.com\/article\/faits-divers-justice\/1477039022653115\/a-marseille-17-marins-pompiers-et-le-drapeau-du-bataillon-honores\" target=\"_blank\" rel=\"noopener\">marins-pompiers<\/a>, son pronostic vital engag\u00e9 au vu de la localisation de la blessure.<\/p>\n<p>Une enqu\u00eate ouverte<\/p>\n<p>Il est connu des services de police, mais selon les premiers renseignements r\u00e9colt\u00e9s sur place par les forces de l\u2019ordre, l\u2019altercation au cours de laquelle il a re\u00e7u des coups de couteau n\u2019aurait aucun lien avec le <a href=\"https:\/\/www.laprovence.com\/article\/elections\/2217524003113115\/municipales-2026-a-marseille-la-priorite-a-la-lutte-contre-le-narcotrafic-un-contexte-inedit\" target=\"_blank\" rel=\"noopener\">trafic de stup\u00e9fiants<\/a>. Le contexte de la rixe n&rsquo;est toutefois pas encore connu avec pr\u00e9cision, \u00e0 cette heure.<\/p>\n<p>Une enqu\u00eate a \u00e9t\u00e9 ouverte, elle a \u00e9t\u00e9 confi\u00e9e au service local de <a href=\"https:\/\/www.laprovence.com\/article\/faits-divers-justice\/1245514183395214\/info-la-provence-24-nouveaux-enqueteurs-viennent-grossir-les-rangs-de-la-police-judiciaire-a-marseille\" target=\"_blank\" rel=\"noopener\">police judiciaire<\/a> (SLPJ) de la Division Nord.<\/p>\n","protected":false},"excerpt":{"rendered":"Peu apr\u00e8s 20h ce vendredi 5\u00a0d\u00e9cembre au soir, les secours ont \u00e9t\u00e9 d\u00e9clench\u00e9s pour porter secours \u00e0 un&hellip;\n","protected":false},"author":2,"featured_media":581189,"comment_status":"","ping_status":"","sticky":false,"template":"","format":"standard","meta":{"footnotes":""},"categories":[2814],"tags":[17,69490,1111,11,1102,1777,674,274,1011,27,3915,4933,22408,884,12,13659,882,25],"class_list":{"0":"post-581188","1":"post","2":"type-post","3":"status-publish","4":"format-standard","5":"has-post-thumbnail","7":"category-marseille","8":"tag-17","9":"tag-28-ans","10":"tag-actu","11":"tag-actualites","12":"tag-breakingnews","13":"tag-eu","14":"tag-europe","15":"tag-faits-divers-justice","16":"tag-fr","17":"tag-france","18":"tag-grievement","19":"tag-homme","20":"tag-malpasse","21":"tag-marseille","22":"tag-news","23":"tag-poignarde","24":"tag-provence-alpes-cote-dazur","25":"tag-republique-francaise"},"share_on_mastodon":{"url":"https:\/\/pubeurope.com\/@fr\/115670310241338025","error":""},"_links":{"self":[{"href":"https:\/\/www.europesays.com\/fr\/wp-json\/wp\/v2\/posts\/581188","targetHints":{"allow":["GET"]}}],"collection":[{"href":"https:\/\/www.europesays.com\/fr\/wp-json\/wp\/v2\/posts"}],"about":[{"href":"https:\/\/www.europesays.com\/fr\/wp-json\/wp\/v2\/types\/post"}],"author":[{"embeddable":true,"href":"https:\/\/www.europesays.com\/fr\/wp-json\/wp\/v2\/users\/2"}],"replies":[{"embeddable":true,"href":"https:\/\/www.europesays.com\/fr\/wp-json\/wp\/v2\/comments?post=581188"}],"version-history":[{"count":0,"href":"https:\/\/www.europesays.com\/fr\/wp-json\/wp\/v2\/posts\/581188\/revisions"}],"wp:featuredmedia":[{"embeddable":true,"href":"https:\/\/www.europesays.com\/fr\/wp-json\/wp\/v2\/media\/581189"}],"wp:attachment":[{"href":"https:\/\/www.europesays.com\/fr\/wp-json\/wp\/v2\/media?parent=581188"}],"wp:term":[{"taxonomy":"category","embeddable":true,"href":"https:\/\/www.europesays.com\/fr\/wp-json\/wp\/v2\/categories?post=581188"},{"taxonomy":"post_tag","embeddable":true,"href":"https:\/\/www.europesays.com\/fr\/wp-json\/wp\/v2\/tags?post=581188"}],"curies":[{"name":"wp","href":"https:\/\/api.w.org\/{rel}","templated":true}]}}