{"id":581196,"date":"2025-12-06T02:44:20","date_gmt":"2025-12-06T02:44:20","guid":{"rendered":"https:\/\/www.europesays.com\/fr\/581196\/"},"modified":"2025-12-06T02:44:20","modified_gmt":"2025-12-06T02:44:20","slug":"on-prefere-securiser-les-concerts-de-beyonce-plutot-que-les-femmes-valerie-pecresse-milite-pour-lia-dans-les-transports","status":"publish","type":"post","link":"https:\/\/www.europesays.com\/fr\/581196\/","title":{"rendered":"\u00ab\u00a0On pr\u00e9f\u00e8re s\u00e9curiser les concerts de Beyonc\u00e9 plut\u00f4t que les femmes\u00a0\u00bb\u00a0: Val\u00e9rie P\u00e9cresse milite pour l\u2019IA dans les transports"},"content":{"rendered":"<p class=\"paragraph text_align_left lp-f-body-02\">L\u2019\u00cele-de-France organise, mardi 9 d\u00e9cembre, une Journ\u00e9e de mobilisation contre les violences faites aux femmes dans les transports. Un \u00e9v\u00e9nement en \u00e9cho notamment aux r\u00e9centes agressions. <a href=\"https:\/\/www.leparisien.fr\/politique\/valerie-pecresse\/\" target=\"_blank\" rel=\"noreferrer noopener\">Val\u00e9rie P\u00e9cresse,<\/a> pr\u00e9sidente (LR) de la r\u00e9gion et \u00e0 la t\u00eate d\u2019\u00cele-de-France Mobilit\u00e9s, compte poursuivre sa mobilisation en la mati\u00e8re.<\/p>\n<p class=\"paragraph text_align_left lp-f-body-02\"><b>Pour s\u00e9curiser les femmes dans les transports, vous militez pour l\u2019utilisation de l\u2019IA. Pourquoi ?<\/b><\/p>\n","protected":false},"excerpt":{"rendered":"L\u2019\u00cele-de-France organise, mardi 9 d\u00e9cembre, une Journ\u00e9e de mobilisation contre les violences faites aux femmes dans les transports.&hellip;\n","protected":false},"author":2,"featured_media":581197,"comment_status":"","ping_status":"","sticky":false,"template":"","format":"standard","meta":{"footnotes":""},"categories":[1592],"tags":[1111,11,1777,674,118,1011,27,662,1944,12,626,25,2382],"class_list":{"0":"post-581196","1":"post","2":"type-post","3":"status-publish","4":"format-standard","5":"has-post-thumbnail","7":"category-ile-de-france","8":"tag-actu","9":"tag-actualites","10":"tag-eu","11":"tag-europe","12":"tag-faits-divers","13":"tag-fr","14":"tag-france","15":"tag-ile-de-france","16":"tag-ma-ville","17":"tag-news","18":"tag-paris","19":"tag-republique-francaise","20":"tag-transport-idf-oise"},"share_on_mastodon":{"url":"https:\/\/pubeurope.com\/@fr\/115670330002601980","error":""},"_links":{"self":[{"href":"https:\/\/www.europesays.com\/fr\/wp-json\/wp\/v2\/posts\/581196","targetHints":{"allow":["GET"]}}],"collection":[{"href":"https:\/\/www.europesays.com\/fr\/wp-json\/wp\/v2\/posts"}],"about":[{"href":"https:\/\/www.europesays.com\/fr\/wp-json\/wp\/v2\/types\/post"}],"author":[{"embeddable":true,"href":"https:\/\/www.europesays.com\/fr\/wp-json\/wp\/v2\/users\/2"}],"replies":[{"embeddable":true,"href":"https:\/\/www.europesays.com\/fr\/wp-json\/wp\/v2\/comments?post=581196"}],"version-history":[{"count":0,"href":"https:\/\/www.europesays.com\/fr\/wp-json\/wp\/v2\/posts\/581196\/revisions"}],"wp:featuredmedia":[{"embeddable":true,"href":"https:\/\/www.europesays.com\/fr\/wp-json\/wp\/v2\/media\/581197"}],"wp:attachment":[{"href":"https:\/\/www.europesays.com\/fr\/wp-json\/wp\/v2\/media?parent=581196"}],"wp:term":[{"taxonomy":"category","embeddable":true,"href":"https:\/\/www.europesays.com\/fr\/wp-json\/wp\/v2\/categories?post=581196"},{"taxonomy":"post_tag","embeddable":true,"href":"https:\/\/www.europesays.com\/fr\/wp-json\/wp\/v2\/tags?post=581196"}],"curies":[{"name":"wp","href":"https:\/\/api.w.org\/{rel}","templated":true}]}}