{"id":581198,"date":"2025-12-06T02:45:18","date_gmt":"2025-12-06T02:45:18","guid":{"rendered":"https:\/\/www.europesays.com\/fr\/581198\/"},"modified":"2025-12-06T02:45:18","modified_gmt":"2025-12-06T02:45:18","slug":"a-paris-la-maire-du-8e-a-commence-a-rembourser-ses-36-000-euros-de-vetements","status":"publish","type":"post","link":"https:\/\/www.europesays.com\/fr\/581198\/","title":{"rendered":"\u00e0 Paris, la maire du 8e a commenc\u00e9 \u00e0 rembourser ses 36.000 euros de v\u00eatements"},"content":{"rendered":"<p class=\"article-p mdl\">Elle l&rsquo;avait promis. La maire du VIIIe arrondissement de Paris,\u00a0<a class=\"link\" href=\"https:\/\/www.rtl.fr\/actu\/politique\/bien-sapee-grace-aux-contribuables-qui-est-vraiment-jeanne-d-hauteserre-maire-du-8e-arrondissement-de-paris-7900549817\" target=\"_blank\" rel=\"noopener\">Jeanne d&rsquo;Hauteserre<\/a>, a commenc\u00e9 \u00e0 rembourser les 36.000 euros qu&rsquo;elle devait \u00e0 la collectivit\u00e9. Selon les informations du\u00a0<a class=\"link\" href=\"https:\/\/www.leparisien.fr\/paris-75\/bien-sapee-grace-aux-contribuables-a-paris-la-maire-du-viiie-rembourse-ses-36-000-euros-de-vetements-05-12-2025-SEEC7QL3NNDGDII4S7Q2SYXGJI.php\" target=\"_blank\" rel=\"noopener\">Parisien<\/a>, l&rsquo;\u00e9lue qui a achet\u00e9 pour des milliers d&rsquo;euros de v\u00eatements via ses notes de frais de mandat, a effectu\u00e9 un premier remboursement de 13.000 euros, ce jeudi 4 d\u00e9cembre.\u00a0Deux autres versements sont pr\u00e9vus en janvier et f\u00e9vrier prochain, pr\u00e9cise le quotidien.<\/p>\n<p class=\"article-p mdl\">A l&rsquo;origine de la pol\u00e9mique, une enqu\u00eate de Lib\u00e9ration du 3 octobre dernier. Nos confr\u00e8res avaient alors calcul\u00e9 que l&rsquo;\u00e9dile de 72 ans,\u00a0toujours tr\u00e8s \u00e9l\u00e9gante et bien maquill\u00e9e, avait d\u00e9pens\u00e9\u00a0<a class=\"link\" href=\"https:\/\/www.liberation.fr\/politique\/35-779-euros-de-notes-de-frais-en-cinq-ans-jeanne-dhauteserre-une-elue-lr-de-paris-sapee-comme-jamais-20251003_IQLRYLGZ35GETDGSAGNFHPYEEQ\/\" target=\"_blank\" rel=\"noopener\">35.779, 65\u00a0euros<\/a>, principalement pour sa garde-robe, en 5 ans.<\/p>\n<p class=\"article-p mdl\">\u00ab\u00a0Chaque maire peut d\u00e9penser comme il veut, donc j&rsquo;ai pr\u00e9f\u00e9r\u00e9 d\u00e9penser en fringues pour \u00eatre bien sap\u00e9e. Je comprends tout \u00e0 fait qu&rsquo;une personne qui gagne 1.200 euros puisse \u00eatre choqu\u00e9e\u00a0\u00bb,\u00a0<a class=\"link\" href=\"https:\/\/www.rtl.fr\/actu\/politique\/j-ai-prefere-m-acheter-des-fringues-pour-etre-bien-sapee-la-maire-du-8e-arrondissement-de-paris-defend-ses-notes-de-frais-et-remercie-les-contribuables-7900548893\" target=\"_blank\" rel=\"noopener\">avait-elle d\u00e9clar\u00e9 \u00e0 propos de l&rsquo;enveloppe de 990 euros par mois<\/a>\u00a0consacr\u00e9e \u00e0 ses frais de repr\u00e9sentation, au lendemain de la r\u00e9v\u00e9lation de l&rsquo;affaire, sur BFM.<\/p>\n<p class=\"article-p mdl\">Si les propos avaient choqu\u00e9, la maire LR ne s&rsquo;\u00e9tait pas arr\u00eat\u00e9e l\u00e0. Elle avait \u00e9t\u00e9 jusqu&rsquo;\u00e0 remercier les concitoyens parisiens \u00ab\u00a0qui travaillent\u00a0\u00bb et qui, du coup, lui permettaient d&rsquo;avoir ces indemnit\u00e9s.\u00a0<\/p>\n<p class=\"article-p mdl\">Les jours suivants, Jeanne d&rsquo;Hauteserre\u00a0avait fini par faire amende honorable en confiant son intention de saisir la commission de d\u00e9ontologie de la Ville de Paris\u00a0<a class=\"link\" href=\"https:\/\/www.rtl.fr\/actu\/politique\/bien-sapee-grace-aux-contribuables-a-paris-la-maire-du-8e-veut-etre-la-premiere-elue-a-rembourser-ses-notes-de-frais-7900550011\" target=\"_blank\" rel=\"noopener\">afin de\u00a0restituer ses d\u00e9penses<\/a>\u00a0en frais de repr\u00e9sentation. L&rsquo;\u00e9lue semble avoir \u00e9t\u00e9 au bout de sa d\u00e9marche.<\/p>\n<p>    La r\u00e9daction vous recommande<\/p>\n<p class=\"s-newsletter__title\">\n                L\u2019actualit\u00e9 par la r\u00e9daction de RTL dans votre bo\u00eete mail.\n            <\/p>\n<p class=\"s-newsletter__subtitle\">\n                Gr\u00e2ce \u00e0 votre compte RTL abonnez-vous \u00e0 la newsletter RTL info pour suivre toute l&rsquo;actualit\u00e9 au quotidien\n            <\/p>\n<p>\n                                    Lire la suite\n                                <\/p>\n","protected":false},"excerpt":{"rendered":"Elle l&rsquo;avait promis. La maire du VIIIe arrondissement de Paris,\u00a0Jeanne d&rsquo;Hauteserre, a commenc\u00e9 \u00e0 rembourser les 36.000 euros&hellip;\n","protected":false},"author":2,"featured_media":581199,"comment_status":"","ping_status":"","sticky":false,"template":"","format":"standard","meta":{"footnotes":""},"categories":[1888],"tags":[1111,1928,11,1927,1777,674,107,1011,27,2381,12,1926,626,1925,25],"class_list":{"0":"post-581198","1":"post","2":"type-post","3":"status-publish","4":"format-standard","5":"has-post-thumbnail","7":"category-paris","8":"tag-actu","9":"tag-actu-paris","10":"tag-actualites","11":"tag-actualites-paris","12":"tag-eu","13":"tag-europe","14":"tag-fil-info","15":"tag-fr","16":"tag-france","17":"tag-mairie-de-paris","18":"tag-news","19":"tag-news-paris","20":"tag-paris","21":"tag-paris-news","22":"tag-republique-francaise"},"share_on_mastodon":{"url":"https:\/\/pubeurope.com\/@fr\/115670333798146709","error":""},"_links":{"self":[{"href":"https:\/\/www.europesays.com\/fr\/wp-json\/wp\/v2\/posts\/581198","targetHints":{"allow":["GET"]}}],"collection":[{"href":"https:\/\/www.europesays.com\/fr\/wp-json\/wp\/v2\/posts"}],"about":[{"href":"https:\/\/www.europesays.com\/fr\/wp-json\/wp\/v2\/types\/post"}],"author":[{"embeddable":true,"href":"https:\/\/www.europesays.com\/fr\/wp-json\/wp\/v2\/users\/2"}],"replies":[{"embeddable":true,"href":"https:\/\/www.europesays.com\/fr\/wp-json\/wp\/v2\/comments?post=581198"}],"version-history":[{"count":0,"href":"https:\/\/www.europesays.com\/fr\/wp-json\/wp\/v2\/posts\/581198\/revisions"}],"wp:featuredmedia":[{"embeddable":true,"href":"https:\/\/www.europesays.com\/fr\/wp-json\/wp\/v2\/media\/581199"}],"wp:attachment":[{"href":"https:\/\/www.europesays.com\/fr\/wp-json\/wp\/v2\/media?parent=581198"}],"wp:term":[{"taxonomy":"category","embeddable":true,"href":"https:\/\/www.europesays.com\/fr\/wp-json\/wp\/v2\/categories?post=581198"},{"taxonomy":"post_tag","embeddable":true,"href":"https:\/\/www.europesays.com\/fr\/wp-json\/wp\/v2\/tags?post=581198"}],"curies":[{"name":"wp","href":"https:\/\/api.w.org\/{rel}","templated":true}]}}