{"id":581206,"date":"2025-12-06T02:49:21","date_gmt":"2025-12-06T02:49:21","guid":{"rendered":"https:\/\/www.europesays.com\/fr\/581206\/"},"modified":"2025-12-06T02:49:21","modified_gmt":"2025-12-06T02:49:21","slug":"avoirs-russes-geles-la-russie-met-en-garde-contre-des-consequences-considerables-pour-lue","status":"publish","type":"post","link":"https:\/\/www.europesays.com\/fr\/581206\/","title":{"rendered":"Avoirs russes gel\u00e9s: la Russie met en garde contre des \u00ab\u00a0cons\u00e9quences consid\u00e9rables\u00a0\u00bb pour l&rsquo;UE"},"content":{"rendered":"<p class=\"ap-StoryElement ap-StoryElement--mb ap-StoryText\">\u00ab\u00a0Toute op\u00e9ration avec les avoirs souverains de la Russie sans l&rsquo;accord de la Russie serait du vol. Et il est clair que le vol de fonds de l&rsquo;Etat russe aura des cons\u00e9quences d&rsquo;ampleur\u00a0\u00bb, a dit, dans un communiqu\u00e9 envoy\u00e9 \u00e0 l&rsquo;AFP, l&rsquo;ambassadeur de Russie \u00e0 Berlin, Sergue\u00ef Netcha\u00efev.<\/p>\n<p class=\"ap-StoryElement ap-StoryElement--mb ap-StoryText\">Selon lui, la r\u00e9putation de l&rsquo;UE dans le monde des affaires \u00ab\u00a0pourrait \u00eatre d\u00e9truite\u00a0\u00bb, \u00e9voquant aussi d'\u00a0\u00bbinterminables proc\u00e9dures judiciaires\u00a0\u00bb, et un \u00ab\u00a0chemin vers l&rsquo;anarchie juridique et la destruction des fondements du syst\u00e8me financier mondial\u00a0\u00bb dont l&rsquo;Europe serait la premi\u00e8re victime.<\/p>\n<p><a href=\"https:\/\/www.lalibre.be\/economie\/entreprises-startup\/2025\/12\/05\/avoirs-russes-geles-telle-quelle-est-cette-solution-nest-pas-realiste-pour-la-ceo-deuroclear-DI5MRKDJNRAY5GM3MN3D7TG5ZQ\/\" target=\"_self\" class=\"ap-StoryInterstitialLink ap-StoryElement ap-StoryElement--mb js-paywall-target\" rel=\"noopener\">Avoirs russes gel\u00e9s: \u00ab\u00a0Telle qu&rsquo;elle est, cette solution n&rsquo;est pas r\u00e9aliste\u00a0\u00bb, pour la CEO d&rsquo;Euroclear<\/a><\/p>\n<p class=\"ap-StoryElement ap-StoryElement--mb ap-StoryText\">\u00ab\u00a0Nous sommes confiants sur le fait que Bruxelles et Berlin comprennent cela\u00a0\u00bb, a-t-il estim\u00e9.<\/p>\n<p class=\"ap-StoryElement ap-StoryElement--mb ap-StoryText\">Dans la soir\u00e9e, le chancelier allemand, Friedrich Merz, et la pr\u00e9sidente de la Commission europ\u00e9enne, Ursula von der Leyen, doivent s&rsquo;entretenir avec le Premier ministre belge, <a href=\"https:\/\/www.lalibre.be\/actualite\/personne\/bart-de-wever\/\" target=\"_blank\" rel=\"noreferrer noopener\">Bart De Wever<\/a>, \u00e0 propos de ce dossier.<\/p>\n<p class=\"ap-StoryElement ap-StoryElement--mb ap-StoryText\">La Belgique refuse jusqu&rsquo;\u00e0 pr\u00e9sent d&rsquo;entrer dans un sc\u00e9nario qui s&rsquo;apparenterait \u00e0 une \u00ab\u00a0expropriation\u00a0\u00bb des avoirs russes pour financer un pr\u00eat de r\u00e9paration de 90 milliards d&rsquo;euros \u00e0 l&rsquo;Ukraine. Elle a d\u00e9j\u00e0 mis d&rsquo;autres sc\u00e9narios sur la table et r\u00e9clame des garanties au vu du risque financier consid\u00e9rable qu&rsquo;une telle op\u00e9ration lui ferait courir.<\/p>\n<p><a href=\"https:\/\/www.lalibre.be\/economie\/conjoncture\/2025\/12\/04\/avoirs-russes-geles-la-proposition-de-lue-va-faire-perdre-un-milliard-de-revenus-de-recettes-fiscales-a-la-belgique-K63JH3LFA5DTTKTN5ONPP6BZAM\/\" target=\"_self\" class=\"ap-StoryInterstitialLink ap-StoryElement ap-StoryElement--mb\" rel=\"noopener\">Avoirs russes gel\u00e9s : la proposition de la Commission va faire perdre environ un milliard d&rsquo;euros \u00e0 la Belgique<\/a><\/p>\n<p class=\"ap-StoryElement ap-StoryElement--mb ap-StoryText\">Jeudi, devant la Chambre, M. De Wever a r\u00e9p\u00e9t\u00e9 que les propositions de la Commission europ\u00e9enne ne remplissaient pas les conditions minimales que posait la Belgique.<\/p>\n<p class=\"ap-StoryElement ap-StoryElement--mb ap-StoryText\">\u00ab\u00a0Nous sommes pr\u00eats \u00e0 faire des sacrifices, mais on ne peut pas demander \u00e0 ce pays de faire l&rsquo;impossible\u00a0\u00bb, a-t-il averti.<\/p>\n<p><a href=\"https:\/\/www.lalibre.be\/culture\/politique\/2025\/12\/03\/avoirs-russes-geles-de-wever-reste-sur-ses-positions-un-pret-est-impossible-dans-les-conditions-actuelles-L2YVXPZRJVATHE62BQKSQCNC3M\/\" target=\"_self\" class=\"ap-StoryInterstitialLink ap-StoryElement ap-StoryElement--mb\" rel=\"noopener\">Avoirs russes gel\u00e9s : De Wever reste sur ses positions, un pr\u00eat est impossible dans les conditions actuelles<\/a><\/p>\n","protected":false},"excerpt":{"rendered":"\u00ab\u00a0Toute op\u00e9ration avec les avoirs souverains de la Russie sans l&rsquo;accord de la Russie serait du vol. Et&hellip;\n","protected":false},"author":2,"featured_media":581207,"comment_status":"","ping_status":"","sticky":false,"template":"","format":"standard","meta":{"footnotes":""},"categories":[1591],"tags":[11,672,4282,828,2120,1887,20977,12,1885,1886,132,1778,220],"class_list":{"0":"post-581206","1":"post","2":"type-post","3":"status-publish","4":"format-standard","5":"has-post-thumbnail","7":"category-russie","8":"tag-actualites","9":"tag-allemagne","10":"tag-banques","11":"tag-belgique","12":"tag-conflit","13":"tag-federation-de-russie","14":"tag-gvtfed","15":"tag-news","16":"tag-russia","17":"tag-russian-federation","18":"tag-russie","19":"tag-ue","20":"tag-ukraine"},"share_on_mastodon":{"url":"https:\/\/pubeurope.com\/@fr\/115670349564926079","error":""},"_links":{"self":[{"href":"https:\/\/www.europesays.com\/fr\/wp-json\/wp\/v2\/posts\/581206","targetHints":{"allow":["GET"]}}],"collection":[{"href":"https:\/\/www.europesays.com\/fr\/wp-json\/wp\/v2\/posts"}],"about":[{"href":"https:\/\/www.europesays.com\/fr\/wp-json\/wp\/v2\/types\/post"}],"author":[{"embeddable":true,"href":"https:\/\/www.europesays.com\/fr\/wp-json\/wp\/v2\/users\/2"}],"replies":[{"embeddable":true,"href":"https:\/\/www.europesays.com\/fr\/wp-json\/wp\/v2\/comments?post=581206"}],"version-history":[{"count":0,"href":"https:\/\/www.europesays.com\/fr\/wp-json\/wp\/v2\/posts\/581206\/revisions"}],"wp:featuredmedia":[{"embeddable":true,"href":"https:\/\/www.europesays.com\/fr\/wp-json\/wp\/v2\/media\/581207"}],"wp:attachment":[{"href":"https:\/\/www.europesays.com\/fr\/wp-json\/wp\/v2\/media?parent=581206"}],"wp:term":[{"taxonomy":"category","embeddable":true,"href":"https:\/\/www.europesays.com\/fr\/wp-json\/wp\/v2\/categories?post=581206"},{"taxonomy":"post_tag","embeddable":true,"href":"https:\/\/www.europesays.com\/fr\/wp-json\/wp\/v2\/tags?post=581206"}],"curies":[{"name":"wp","href":"https:\/\/api.w.org\/{rel}","templated":true}]}}