{"id":581208,"date":"2025-12-06T02:50:19","date_gmt":"2025-12-06T02:50:19","guid":{"rendered":"https:\/\/www.europesays.com\/fr\/581208\/"},"modified":"2025-12-06T02:50:19","modified_gmt":"2025-12-06T02:50:19","slug":"le-recours-aux-avoirs-russes-pour-lukraine-aura-des-consequences-considerables-pour-lue-avertie-la-russie","status":"publish","type":"post","link":"https:\/\/www.europesays.com\/fr\/581208\/","title":{"rendered":"Le recours aux avoirs russes pour l\u2019Ukraine aura des \u00ab\u00a0cons\u00e9quences consid\u00e9rables\u00a0\u00bb pour l\u2019UE, avertie la Russie"},"content":{"rendered":"<p>Le <a href=\"https:\/\/www.letelegramme.fr\/monde\/guerre-ukraine-russie\/cest-a-la-russie-de-payer-lue-veut-utiliser-les-interets-des-avoirs-russes-geles-pour-un-nouveau-pret-a-lukraine-6886424.php\" target=\"_blank\" rel=\"noopener\">recours aux avoirs russes gel\u00e9s en Europe<\/a> pour financer l\u2019Ukraine aura des \u00ab cons\u00e9quences consid\u00e9rables \u00bb pour l\u2019Union europ\u00e9enne, a d\u00e9clar\u00e9 l\u2019ambassadeur russe \u00e0 Berlin vendredi, au moment o\u00f9 le chancelier allemand et le Premier ministre belge doivent discuter du sujet. \u00ab Toute op\u00e9ration avec les avoirs souverains de la Russie sans l\u2019accord de la Russie serait du vol. Et il est clair que le vol de fonds de l\u2019Etat russe aura des cons\u00e9quences d\u2019ampleur \u00bb, a dit Sergue\u00ef Netcha\u00efev.<\/p>\n<p>Selon lui, la r\u00e9putation de l\u2019UE dans le monde des affaires \u00ab pourrait \u00eatre d\u00e9truite \u00bb, \u00e9voquant aussi d&rsquo;\u00ab interminables proc\u00e9dures judiciaires \u00bb, et un \u00ab chemin vers l\u2019anarchie juridique et la destruction des fondements du syst\u00e8me financier mondial \u00bb dont l\u2019Europe serait la premi\u00e8re victime. \u00ab Nous sommes confiants sur le fait que Bruxelles et Berlin comprennent cela. \u00bb<\/p>\n<p>Preuve que les Europ\u00e9ens n\u2019ont pas les \u00ab ressources consid\u00e9rables \u00bb<\/p>\n<p>L\u2019ex\u00e9cutif europ\u00e9en a pr\u00e9sent\u00e9 un <a href=\"https:\/\/www.letelegramme.fr\/monde\/guerre-ukraine-russie\/plan-de-la-commission-europeenne-otan-succes-de-larmee-russe-ce-quil-faut-retenir-du-conflit-ukrainien-ce-mercredi-6940410.php\" target=\"_blank\" rel=\"noopener\">plan de recours aux avoirs russes gel\u00e9s en Europe<\/a>, mais il se heurte \u00e0 l\u2019hostilit\u00e9 de la Belgique, car c\u2019est dans ce pays qu\u2019est bas\u00e9e la soci\u00e9t\u00e9 Euroclear, qui d\u00e9tient quelque 210 milliards d\u2019euros de ces avoirs, sur 235 milliards en tout dans l\u2019UE. Pr\u00e8s de quatre ans apr\u00e8s l\u2019invasion, l\u2019UE cherche un m\u00e9canisme qui ne minerait pas l\u2019euro et ne mettrait pas en danger des actifs europ\u00e9ens \u00e0 l\u2019\u00e9tranger.<\/p>\n<p>Pour l\u2019ambassadeur russe \u00e0 Berlin, le fait que l\u2019UE veuille utiliser ces avoirs montre que les Europ\u00e9ens n\u2019ont pas les \u00ab ressources consid\u00e9rables \u00bb qu\u2019il faudrait pour que l\u2019Ukraine puisse continuer de se battre.<\/p>\n","protected":false},"excerpt":{"rendered":"Le recours aux avoirs russes gel\u00e9s en Europe pour financer l\u2019Ukraine aura des \u00ab cons\u00e9quences consid\u00e9rables \u00bb pour&hellip;\n","protected":false},"author":2,"featured_media":581209,"comment_status":"","ping_status":"","sticky":false,"template":"","format":"standard","meta":{"footnotes":""},"categories":[1590],"tags":[11,765,1777,674,2069,74,12,220],"class_list":{"0":"post-581208","1":"post","2":"type-post","3":"status-publish","4":"format-standard","5":"has-post-thumbnail","7":"category-ukraine","8":"tag-actualites","9":"tag-en-continu","10":"tag-eu","11":"tag-europe","12":"tag-guerre-ukraine-russie","13":"tag-monde","14":"tag-news","15":"tag-ukraine"},"share_on_mastodon":{"url":"https:\/\/pubeurope.com\/@fr\/115670353439264832","error":""},"_links":{"self":[{"href":"https:\/\/www.europesays.com\/fr\/wp-json\/wp\/v2\/posts\/581208","targetHints":{"allow":["GET"]}}],"collection":[{"href":"https:\/\/www.europesays.com\/fr\/wp-json\/wp\/v2\/posts"}],"about":[{"href":"https:\/\/www.europesays.com\/fr\/wp-json\/wp\/v2\/types\/post"}],"author":[{"embeddable":true,"href":"https:\/\/www.europesays.com\/fr\/wp-json\/wp\/v2\/users\/2"}],"replies":[{"embeddable":true,"href":"https:\/\/www.europesays.com\/fr\/wp-json\/wp\/v2\/comments?post=581208"}],"version-history":[{"count":0,"href":"https:\/\/www.europesays.com\/fr\/wp-json\/wp\/v2\/posts\/581208\/revisions"}],"wp:featuredmedia":[{"embeddable":true,"href":"https:\/\/www.europesays.com\/fr\/wp-json\/wp\/v2\/media\/581209"}],"wp:attachment":[{"href":"https:\/\/www.europesays.com\/fr\/wp-json\/wp\/v2\/media?parent=581208"}],"wp:term":[{"taxonomy":"category","embeddable":true,"href":"https:\/\/www.europesays.com\/fr\/wp-json\/wp\/v2\/categories?post=581208"},{"taxonomy":"post_tag","embeddable":true,"href":"https:\/\/www.europesays.com\/fr\/wp-json\/wp\/v2\/tags?post=581208"}],"curies":[{"name":"wp","href":"https:\/\/api.w.org\/{rel}","templated":true}]}}