{"id":581210,"date":"2025-12-06T02:51:16","date_gmt":"2025-12-06T02:51:16","guid":{"rendered":"https:\/\/www.europesays.com\/fr\/581210\/"},"modified":"2025-12-06T02:51:16","modified_gmt":"2025-12-06T02:51:16","slug":"les-usa-font-etat-de-progres-dans-les-discussions-avec-lukraine","status":"publish","type":"post","link":"https:\/\/www.europesays.com\/fr\/581210\/","title":{"rendered":"Les USA font \u00e9tat de progr\u00e8s dans les discussions avec l&rsquo;Ukraine"},"content":{"rendered":"<p>WASHINGTON, 5 d\u00e9cembre (Reuters) &#8211; Les discussions qui se sont tenues jeudi en Floride entre l&rsquo;envoy\u00e9 sp\u00e9cial de la Maison blanche Steve Witkoff et le n\u00e9gociateur ukrainien Roustem Oumerov ont \u00e9t\u00e9 productives et les deux hommes doivent \u00e0 nouveau s&rsquo;entretenir samedi, ont d\u00e9clar\u00e9 vendredi des responsables am\u00e9ricains.<\/p>\n<p>\n              Steve Witkoff et Jared Kushner, le gendre du pr\u00e9sident am\u00e9ricain Donald Trump, ont rencontr\u00e9 Roustem Oumerov et le chef d&rsquo;\u00e9tat-major des forces arm\u00e9es ukrainiennes Andrii Hnatov avec qui ils ont eu \u00ab\u00a0des discussions constructives sur les moyens d&rsquo;avancer vers une paix juste et durable en Ukraine\u00a0\u00bb.<\/p>\n<p>\n              Roustem Oumerov a soulign\u00e9 vendredi que la priorit\u00e9 de l&rsquo;Ukraine \u00e9tait de parvenir \u00e0 un accord qui prot\u00e9gerait son ind\u00e9pendance et sa souverainet\u00e9, assurerait la s\u00e9curit\u00e9 des Ukrainiens et apporterait des fondations stables pour un avenir d\u00e9mocratique, a-t-il dit dans un communiqu\u00e9 publi\u00e9 conjointement avec le d\u00e9partement d&rsquo;Etat am\u00e9ricain.<\/p>\n<p>\n              L&rsquo;entretien qui s&rsquo;est d\u00e9roul\u00e9 mardi \u00e0 Moscou entre Steve Witkoff, Jared Kushner et le pr\u00e9sident russe Vladimir Poutine a \u00e9galement \u00e9t\u00e9 abord\u00e9, \u00e9tait-il ajout\u00e9.<\/p>\n<p>\n              Le d\u00e9partement d&rsquo;Etat a indiqu\u00e9 que les deux parties \u00e9taient convenues que les avanc\u00e9es en vue d&rsquo;un quelconque accord d\u00e9pendaient de la volont\u00e9 de la Russie de d\u00e9montrer un engagement s\u00e9rieux pour une paix durable, notamment en prenant des mesures visant \u00e0 apaiser les tensions et \u00e0 mettre fin aux tueries.<\/p>\n<p>\n              La reconstruction de l&rsquo;Ukraine, les initiatives \u00e9conomiques entre les Etats-Unis et l&rsquo;Ukraine et les projets de reprise sur le long-terme ont \u00e9galement \u00e9t\u00e9 discut\u00e9s, a dit le d\u00e9partement d&rsquo;Etat.<\/p>\n<p>\n               (Andrea Shalal, Steve Holland et Humeyra Pamuk; version fran\u00e7aise Camille Raynaud)<\/p>\n","protected":false},"excerpt":{"rendered":"WASHINGTON, 5 d\u00e9cembre (Reuters) &#8211; Les discussions qui se sont tenues jeudi en Floride entre l&rsquo;envoy\u00e9 sp\u00e9cial de&hellip;\n","protected":false},"author":2,"featured_media":580981,"comment_status":"","ping_status":"","sticky":false,"template":"","format":"standard","meta":{"footnotes":""},"categories":[1589],"tags":[11,340,73,1866,12,1864,1865,1863,308],"class_list":{"0":"post-581210","1":"post","2":"type-post","3":"status-publish","4":"format-standard","5":"has-post-thumbnail","7":"category-etats-unis","8":"tag-actualites","9":"tag-bourse","10":"tag-etats-unis","11":"tag-etats-unis-damerique","12":"tag-news","13":"tag-united-states","14":"tag-united-states-of-america","15":"tag-us","16":"tag-usa"},"share_on_mastodon":{"url":"https:\/\/pubeurope.com\/@fr\/115670357385514159","error":""},"_links":{"self":[{"href":"https:\/\/www.europesays.com\/fr\/wp-json\/wp\/v2\/posts\/581210","targetHints":{"allow":["GET"]}}],"collection":[{"href":"https:\/\/www.europesays.com\/fr\/wp-json\/wp\/v2\/posts"}],"about":[{"href":"https:\/\/www.europesays.com\/fr\/wp-json\/wp\/v2\/types\/post"}],"author":[{"embeddable":true,"href":"https:\/\/www.europesays.com\/fr\/wp-json\/wp\/v2\/users\/2"}],"replies":[{"embeddable":true,"href":"https:\/\/www.europesays.com\/fr\/wp-json\/wp\/v2\/comments?post=581210"}],"version-history":[{"count":0,"href":"https:\/\/www.europesays.com\/fr\/wp-json\/wp\/v2\/posts\/581210\/revisions"}],"wp:featuredmedia":[{"embeddable":true,"href":"https:\/\/www.europesays.com\/fr\/wp-json\/wp\/v2\/media\/580981"}],"wp:attachment":[{"href":"https:\/\/www.europesays.com\/fr\/wp-json\/wp\/v2\/media?parent=581210"}],"wp:term":[{"taxonomy":"category","embeddable":true,"href":"https:\/\/www.europesays.com\/fr\/wp-json\/wp\/v2\/categories?post=581210"},{"taxonomy":"post_tag","embeddable":true,"href":"https:\/\/www.europesays.com\/fr\/wp-json\/wp\/v2\/tags?post=581210"}],"curies":[{"name":"wp","href":"https:\/\/api.w.org\/{rel}","templated":true}]}}