{"id":581221,"date":"2025-12-06T02:59:15","date_gmt":"2025-12-06T02:59:15","guid":{"rendered":"https:\/\/www.europesays.com\/fr\/581221\/"},"modified":"2025-12-06T02:59:15","modified_gmt":"2025-12-06T02:59:15","slug":"bresil-maroc-angleterre-croatie-france-norvege-les-10-affiches-a-suivre-au-mondial-2026","status":"publish","type":"post","link":"https:\/\/www.europesays.com\/fr\/581221\/","title":{"rendered":"Br\u00e9sil-Maroc, Angleterre-Croatie, France-Norv\u00e8ge&#8230; Les 10 affiches \u00e0 suivre au Mondial 2026"},"content":{"rendered":"<p>\n    <strong>D\u00c9CRYPTAGE &#8211; <\/strong>D\u00e9couvrez les 10 affiches qui font le plus saliver avant la Coupe du monde 2026, en attendant de savoir quelles nations sortiront des barrages.<\/p>\n<p>                                    Mexique-Afrique du Sud (11 juin)<\/p>\n<p class=\"fig-paragraph\">Un clin d\u2019\u0153il de l\u2019histoire. En 2010, l\u2019Afrique du Sud avait re\u00e7u le Mexique lors du match d\u2019ouverture de \u00absa\u00bb Coupe du monde, avec un match nul 1-1 \u00e0 la cl\u00e9. Cette fois, c\u2019est le Mexique qui accueillera les Bafanas-bafanas le 11 juin, \u00e0 Mexico, pour le match d\u2019ouverture de la Coupe du monde 2026.<\/p>\n<p>                                            Br\u00e9sil-Maroc (12 juin)<\/p>\n<p class=\"fig-paragraph\">Le Maroc, c\u2019\u00e9tait l\u2019une des \u00e9quipes \u00e0 \u00e9viter dans le chapeau 2. Ce sont les Br\u00e9siliens qui ont tir\u00e9 le gros lot. Les hommes de Carlo Ancelotti se frotteront aux demi-finalistes de la derni\u00e8re \u00e9dition, emmen\u00e9s par le Parisien Achraf Hakimi. Ce dernier sera notamment oppos\u00e9 \u00e0 son co\u00e9quipier en club Marquinhos, sauf p\u00e9pin d\u2019ici l\u00e0. Une premi\u00e8re tr\u00e8s grosse affiche lors de la Coupe du monde 2026. \u00abOn joue un des favoris d\u2019entr\u00e9e, et eux, ils joueront aussi un des favoris d\u2019entr\u00e9e\u00bb,\u00a0<a href=\"http:\/\/www.lefigaro.fr\/sports\/football\/coupe-du-monde\/coupe-du-monde-2026-regragui-previent-que-le-bresil-devra-aussi-affronter-un-favori-20251205\" data-fig-type=\"NewsFlash\" data-gtm-custom-categorie=\"navigation\" data-gtm-custom-action=\"crossclick\" data-gtm-custom-label=\"Contextuel\" data-gtm-event=\"customEventSPE\" data-fig-domain=\"LEFIGARO\" target=\"_blank\" rel=\"noopener\">a pr\u00e9venu le s\u00e9lectionneur du Maroc Walid Regragui<\/a>. Le ton est donn\u00e9&#8230;<\/p>\n<p class=\"fig-body-link\">\n            \u00c0 lire aussi<br \/>\n        <a class=\"fig-body-link__link\" href=\"http:\/\/www.lefigaro.fr\/sports\/football\/coupe-du-monde\/coupe-du-monde-2026-c-est-un-groupe-difficile-affirme-lionel-scaloni-selectionneur-de-l-argentine-20251205\" data-fig-type=\"NewsFlash\" data-gtm-custom-categorie=\"navigation\" data-gtm-custom-action=\"crossclick\" data-gtm-custom-label=\"Contextuel\" data-gtm-event=\"customEventSPE\" data-fig-domain=\"LEFIGARO\" target=\"_blank\" rel=\"noopener\"><\/p>\n<p>        Coupe du monde 2026\u00a0: \u00abC\u2019est un groupe difficile\u00bb, affirme Lionel Scaloni, s\u00e9lectionneur de l\u2019Argentine<br \/>\n    <\/a>\n<\/p>\n<p>                                            <a class=\"fig-a11y-skip\" href=\"#fig-a11y-skip-main-inarticle\" data-module=\"a11y-skip\" data-context=\"was @visible\"><br \/>\n    Passer la publicit\u00e9<br \/>\n<\/a>            <\/p>\n<p>                                            Argentine-Alg\u00e9rie (16 juin)<\/p>\n<p class=\"fig-paragraph\">Les champions du monde repartiront en campagne le 16 juin. Lionel Messi et compagnie affronteront les Fennecs alg\u00e9riens pour leur entr\u00e9e en lice. Gare \u00e0 la mauvaise surprise, comme \u00e7a avait \u00e9t\u00e9 le cas \u00e0 la Coupe du monde 2022 au Qatar face \u00e0 l\u2019Arabie saoudite d\u2019Herv\u00e9 Renard (1-2)\u2026 \u00abIls ont de grands joueurs, elle dispose d\u2019un vivier tr\u00e8s important qui nourrit aussi la France et d\u2019autres pays\u00bb,\u00a0<a href=\"http:\/\/www.lefigaro.fr\/sports\/football\/coupe-du-monde\/coupe-du-monde-2026-c-est-un-groupe-difficile-affirme-lionel-scaloni-selectionneur-de-l-argentine-20251205\" data-fig-type=\"NewsFlash\" data-gtm-custom-categorie=\"navigation\" data-gtm-custom-action=\"crossclick\" data-gtm-custom-label=\"Contextuel\" data-gtm-event=\"customEventSPE\" data-fig-domain=\"LEFIGARO\" target=\"_blank\" rel=\"noopener\">note le s\u00e9lectionneur argentin Lionel Scaloni<\/a>.<\/p>\n<p class=\"fig-body-link\">\n            \u00c0 lire aussi<br \/>\n        <a class=\"fig-body-link__link\" href=\"http:\/\/www.lefigaro.fr\/sports\/football\/coupe-du-monde\/l-un-des-groupes-les-plus-difficiles-deschamps-reagit-apres-le-tirage-corse-des-bleus-20251205\" data-fig-type=\"NewsFlash\" data-gtm-custom-categorie=\"navigation\" data-gtm-custom-action=\"crossclick\" data-gtm-custom-label=\"Contextuel\" data-gtm-event=\"customEventSPE\" data-fig-domain=\"LEFIGARO\" target=\"_blank\" rel=\"noopener\"><\/p>\n<p>        \u00abL\u2019un des groupes les plus difficiles\u00bb: Deschamps r\u00e9agit apr\u00e8s le tirage cors\u00e9 des Bleus<br \/>\n    <\/a>\n<\/p>\n<p>                                            France-S\u00e9n\u00e9gal (16 juin)<\/p>\n<p class=\"fig-paragraph\">Cinq jours apr\u00e8s le d\u00e9but de la comp\u00e9tition, les Bleus entreront en lice face au S\u00e9n\u00e9gal. Une affiche qui ravivera de sales souvenirs c\u00f4t\u00e9 tricolore, et cette d\u00e9faite 0-1 face aux Lions de la Teranga, en 2002. Un match qui avait pr\u00e9cipit\u00e9 la chute des champions du monde et d\u2019Europe \u00e0 l\u2019\u00e9poque\u2026 \u00abLe match de 2002 reste un bon souvenir pour les S\u00e9n\u00e9galais,\u00a0<a href=\"http:\/\/www.lefigaro.fr\/sports\/football\/coupe-du-monde\/l-un-des-groupes-les-plus-difficiles-deschamps-reagit-apres-le-tirage-corse-des-bleus-20251205\" data-fig-type=\"NewsFlash\" data-gtm-custom-categorie=\"navigation\" data-gtm-custom-action=\"crossclick\" data-gtm-custom-label=\"Contextuel\" data-gtm-event=\"customEventSPE\" data-fig-domain=\"LEFIGARO\" target=\"_blank\" rel=\"noopener\">convient Didier Deschamps<\/a>. Il y a un rapport fraternel avec le S\u00e9n\u00e9gal parce qu\u2019il y a beaucoup de joueurs qui sont des binationaux, qui sont pass\u00e9s par les clubs fran\u00e7ais ou en France, qui connaissent les joueurs fran\u00e7ais aussi\u00bb<\/p>\n<p class=\"fig-body-link\">\n            \u00c0 lire aussi<br \/>\n        <a class=\"fig-body-link__link\" href=\"http:\/\/www.lefigaro.fr\/sports\/football\/coupe-du-monde\/coupe-du-monde-2026-ca-semble-toujours-difficile-mais-nous-sommes-confiants-plante-thomas-tuchel-20251205\" data-fig-type=\"NewsFlash\" data-gtm-custom-categorie=\"navigation\" data-gtm-custom-action=\"crossclick\" data-gtm-custom-label=\"Contextuel\" data-gtm-event=\"customEventSPE\" data-fig-domain=\"LEFIGARO\" target=\"_blank\" rel=\"noopener\"><\/p>\n<p>        Coupe du monde 2026\u00a0: \u00ab\u00c7a semble toujours difficile&#8230; mais nous sommes confiants\u00bb, plante Thomas Tuchel<br \/>\n    <\/a>\n<\/p>\n<p>                                            Angleterre-Croatie (17 juin)<\/p>\n<p class=\"fig-paragraph\">Un vrai choc. Les hommes de Thomas Tuchel feront partie des favoris \u00e0 la victoire finale, \u00e0 n\u2019en pas douter. Ce ne sera peut-\u00eatre pas le cas des Croates, mais il faut toujours se m\u00e9fier des vice-champions du monde 2018. Avec probablement la derni\u00e8re comp\u00e9tition de Monsieur Luka Modric\u2026<\/p>\n<p>                                            Allemagne-C\u00f4te d\u2019Ivoire (20 juin)<\/p>\n<p class=\"fig-paragraph\">Avec Cura\u00e7ao et l\u2019\u00c9quateur, les Allemands sont plut\u00f4t vernis. Ils seront peut-\u00eatre plus en danger face \u00e0 la C\u00f4te d\u2019Ivoire de Guela Dou\u00e9, le fr\u00e8re de l\u2019international tricolore et joueur du PSG D\u00e9sir\u00e9 Dou\u00e9.<\/p>\n<p class=\"fig-body-link\">\n            \u00c0 lire aussi<br \/>\n        <a class=\"fig-body-link__link\" href=\"http:\/\/www.lefigaro.fr\/sports\/football\/coupe-du-monde\/coupe-du-monde-2026-chocs-bresil-maroc-et-angleterre-croatie-du-lourd-pour-les-bleus-le-tirage-complet-20251205\" data-fig-type=\"NewsFlash\" data-gtm-custom-categorie=\"navigation\" data-gtm-custom-action=\"crossclick\" data-gtm-custom-label=\"Contextuel\" data-gtm-event=\"customEventSPE\" data-fig-domain=\"LEFIGARO\" target=\"_blank\" rel=\"noopener\"><\/p>\n<p>        Coupe du monde 2026\u00a0: chocs Br\u00e9sil-Maroc et Angleterre-Croatie, du lourd pour les Bleus\u2026 Le tirage complet<br \/>\n    <\/a>\n<\/p>\n<p>                                            Argentine-Autriche (22 juin)<\/p>\n<p class=\"fig-paragraph\">Les Argentins ne vont pas s\u2019amuser face \u00e0 cette accrocheuse \u00e9quipe d\u2019Autriche. Pas de star, mais du \u00abgegen pressing\u00bb \u00e0 gogo pour les hommes de Ralf Rangnick.<\/p>\n<p>                                            <a class=\"fig-a11y-skip\" href=\"#fig-a11y-skip-main-inarticle_mtf\" data-module=\"a11y-skip\" data-context=\"was @visible\"><br \/>\n    Passer la publicit\u00e9<br \/>\n<\/a>            <\/p>\n<p>                                            Espagne-Uruguay (26 juin)<\/p>\n<p class=\"fig-paragraph\">Qui pour arr\u00eater l\u2019Espagne\u00a0? Champions d\u2019Europe sortants, Lamine Yamal et ses petits camarades ne seront sans doute pas trop emb\u00eat\u00e9s par les n\u00e9ophytes du Cap-Vert ou l\u2019Arabie saoudite. Encore que\u2026 L\u2019Uruguay tentera en tout cas d\u2019accrocher la Roja lors de cette derni\u00e8re journ\u00e9e.<\/p>\n<p class=\"fig-body-link\">\n            \u00c0 lire aussi<br \/>\n        <a class=\"fig-body-link__link\" href=\"http:\/\/www.lefigaro.fr\/sports\/football\/coupe-du-monde\/coupe-du-monde-2026-mbappe-et-haaland-sont-peut-etre-les-deux-meilleurs-joueurs-d-europe-souffle-le-selectionneur-de-la-norvege-adversaire-de-la-france-20251205\" data-fig-type=\"NewsFlash\" data-gtm-custom-categorie=\"navigation\" data-gtm-custom-action=\"crossclick\" data-gtm-custom-label=\"Contextuel\" data-gtm-event=\"customEventSPE\" data-fig-domain=\"LEFIGARO\" target=\"_blank\" rel=\"noopener\"><\/p>\n<p>        Coupe du monde 2026\u00a0: Mbapp\u00e9 et Haaland \u00absont peut-\u00eatre les deux meilleurs joueurs d\u2019Europe\u00bb, souffle le s\u00e9lectionneur de la Norv\u00e8ge, adversaire de la France<br \/>\n    <\/a>\n<\/p>\n<p>                                            France-Norv\u00e8ge (26 juin)<\/p>\n<p class=\"fig-paragraph\">Le choc des buteurs fous. Kylian Mbapp\u00e9 face \u00e0 Erling Haaland. En raison d\u2019une subtilit\u00e9 du r\u00e8glement, les Bleus ont h\u00e9rit\u00e9 de la Norv\u00e8ge plut\u00f4t que de l\u2019Ouzb\u00e9kistan. Pas vraiment la m\u00eame histoire. Les Italiens peuvent attester que les Norv\u00e9giens sont \u00e0 prendre au s\u00e9rieux, pas que Haaland, qui reste sur 11 matchs d\u2019affil\u00e9e avec au moins un but en s\u00e9lection. \u00ab\u00c7a fait partie des tr\u00e8s bonnes \u00e9quipes europ\u00e9ennes\u00bb,\u00a0<a href=\"http:\/\/www.lefigaro.fr\/sports\/football\/coupe-du-monde\/l-un-des-groupes-les-plus-difficiles-deschamps-reagit-apres-le-tirage-corse-des-bleus-20251205\" data-fig-type=\"NewsFlash\" data-gtm-custom-categorie=\"navigation\" data-gtm-custom-action=\"crossclick\" data-gtm-custom-label=\"Contextuel\" data-gtm-event=\"customEventSPE\" data-fig-domain=\"LEFIGARO\" target=\"_blank\" rel=\"noopener\">r\u00e9sume Deschamps<\/a>. Et d\u2019ajouter, sur le duel Haaland-Mbapp\u00e9\u00a0: \u00abD\u00e9j\u00e0 ils ont ce duel-l\u00e0 \u00e0 distance, mais il y a aussi beaucoup d\u2019autres joueurs importants chez eux et chez nous. Mais \u00e9videmment, que ce soit Kylian et Haaland, ce sont des joueurs qui sont connus, reconnus mondialement, donc ils sont en course et ils le seront jusqu\u2019au bout pour le titre de meilleur buteur. Mais au-del\u00e0 d\u2019Halaand, il y a Sorloth et bien d\u2019autres joueurs qui jouent dans les meilleurs clubs europ\u00e9ens. C\u2019est l\u2019\u00e9quipe de Norv\u00e8ge qui a un tr\u00e8s tr\u00e8s bon niveau.\u00bb<\/p>\n<p>                                            Portugal-Colombie (27 juin)<\/p>\n<p class=\"fig-paragraph\">Derni\u00e8re journ\u00e9e et forc\u00e9ment des enjeux \u00e0 tous les \u00e9tages, avec le Portugal de Ronaldo qui sera oppos\u00e9 \u00e0 la Colombie. Rappelons que les premiers et les deuxi\u00e8mes de chaque groupe fileront en 16es de finale. Ce sera aussi le cas de huit des douze troisi\u00e8mes.<\/p>\n","protected":false},"excerpt":{"rendered":"D\u00c9CRYPTAGE &#8211; D\u00e9couvrez les 10 affiches qui font le plus saliver avant la Coupe du monde 2026, en&hellip;\n","protected":false},"author":2,"featured_media":581222,"comment_status":"","ping_status":"","sticky":false,"template":"","format":"standard","meta":{"footnotes":""},"categories":[4],"tags":[11,18833,6713,1011,27,12,25],"class_list":{"0":"post-581221","1":"post","2":"type-post","3":"status-publish","4":"format-standard","5":"has-post-thumbnail","7":"category-france","8":"tag-actualites","9":"tag-coupe-du-monde-2026","10":"tag-equipe-de-france-de-football","11":"tag-fr","12":"tag-france","13":"tag-news","14":"tag-republique-francaise"},"share_on_mastodon":{"url":"https:\/\/pubeurope.com\/@fr\/115670388703853049","error":""},"_links":{"self":[{"href":"https:\/\/www.europesays.com\/fr\/wp-json\/wp\/v2\/posts\/581221","targetHints":{"allow":["GET"]}}],"collection":[{"href":"https:\/\/www.europesays.com\/fr\/wp-json\/wp\/v2\/posts"}],"about":[{"href":"https:\/\/www.europesays.com\/fr\/wp-json\/wp\/v2\/types\/post"}],"author":[{"embeddable":true,"href":"https:\/\/www.europesays.com\/fr\/wp-json\/wp\/v2\/users\/2"}],"replies":[{"embeddable":true,"href":"https:\/\/www.europesays.com\/fr\/wp-json\/wp\/v2\/comments?post=581221"}],"version-history":[{"count":0,"href":"https:\/\/www.europesays.com\/fr\/wp-json\/wp\/v2\/posts\/581221\/revisions"}],"wp:featuredmedia":[{"embeddable":true,"href":"https:\/\/www.europesays.com\/fr\/wp-json\/wp\/v2\/media\/581222"}],"wp:attachment":[{"href":"https:\/\/www.europesays.com\/fr\/wp-json\/wp\/v2\/media?parent=581221"}],"wp:term":[{"taxonomy":"category","embeddable":true,"href":"https:\/\/www.europesays.com\/fr\/wp-json\/wp\/v2\/categories?post=581221"},{"taxonomy":"post_tag","embeddable":true,"href":"https:\/\/www.europesays.com\/fr\/wp-json\/wp\/v2\/tags?post=581221"}],"curies":[{"name":"wp","href":"https:\/\/api.w.org\/{rel}","templated":true}]}}