{"id":581225,"date":"2025-12-06T03:07:21","date_gmt":"2025-12-06T03:07:21","guid":{"rendered":"https:\/\/www.europesays.com\/fr\/581225\/"},"modified":"2025-12-06T03:07:21","modified_gmt":"2025-12-06T03:07:21","slug":"etoile-de-besseges-les-fideles-seront-bien-prioritaires-actualite","status":"publish","type":"post","link":"https:\/\/www.europesays.com\/fr\/581225\/","title":{"rendered":"Etoile de Bess\u00e8ges : Les fid\u00e8les seront bien prioritaires &#8211; Actualit\u00e9"},"content":{"rendered":"<p style=\"text-align: justify;\">L\u2019\u00e9ch\u00e9ance approche. Pr\u00e8s d\u2019un an apr\u00e8s la p\u00e9rilleuse \u00e9dition 2025 de l\u2019Etoile de Bess\u00e8ges, la premi\u00e8re course par \u00e9tapes fran\u00e7aise de la saison s\u2019est pr\u00e9sent\u00e9e, officiellement, ce mercredi en fin d\u2019apr\u00e8s-midi, <strong><a href=\"https:\/\/www.directvelo.com\/actualite\/124570\/etoile-de-besseges-le-programme-2026#:~:text=Malgr%C3%A9%20les%20difficult%C3%A9s%20de%20l,%C3%A9tapes%201%2C%203%20et%205.\" target=\"_blank\" rel=\"noopener\">m\u00eame si les villes \u00e9tapes de la course avaient d\u2019ores-et-d\u00e9j\u00e0 \u00e9t\u00e9 r\u00e9v\u00e9l\u00e9es en octobre<\/a><\/strong>. Cette r\u00e9union entre organisateurs, b\u00e9n\u00e9voles et une poign\u00e9e de journalistes \u00e9tait l\u2019occasion de d\u00e9finitivement tourner la page apr\u00e8s les \u00e9pisodes du d\u00e9but d\u2019ann\u00e9e.<\/p>\n<p style=\"text-align: justify;\">\u201cApr\u00e8s la course, je n\u2019\u00e9tais pas tr\u00e8s motiv\u00e9e \u00e0 l\u2019id\u00e9e de repartir. Mais nous avons re\u00e7u un nombre incalculable de messages de soutien et \u00e7a nous a donn\u00e9 l\u2019\u00e9nergie de relancer la machine\u201d, rappelle Claudine Fangille, l\u2019organisatrice. <a href=\"https:\/\/www.directvelo.com\/actualite\/121706\/l-etoile-de-besseges-ne-compte-pas-cesser-de-briller\" target=\"_blank\" rel=\"noopener\"><strong>Comme annonc\u00e9 aupr\u00e8s de <\/strong><strong>DirectVelo<\/strong><strong> en juillet dernier, l\u2019\u00e9preuve gardoise va mettre le paquet sur la s\u00e9curit\u00e9 pour minimiser les risques d\u2019un nouveau couac<\/strong><\/a>. La r\u00e9duction du nombre d\u2019\u00e9quipes au d\u00e9part a elle aussi \u00e9t\u00e9 confirm\u00e9e \u00e0 l\u2019occasion de cette pr\u00e9sentation. Il ne devrait ainsi y avoir plus que 18 \u00e9quipes au d\u00e9part de Bellegarde, le 4 f\u00e9vrier prochain, contre 21 lors de la pr\u00e9c\u00e9dente \u00e9dition. <br \/><strong>ALPECIN ET LOTTO TOUJOURS L\u00c0<\/strong> <strong><br \/><\/strong><strong><br \/><\/strong>Fid\u00e8le \u00e0 leurs principes et leurs valeurs depuis de tr\u00e8s longues ann\u00e9es, les organisateurs ont d\u00e9cid\u00e9 de donner priorit\u00e9, comme toujours, aux habitu\u00e9s de la course. Un choix qui r\u00e9sonne encore plus fort dans ce contexte si sp\u00e9cifique post-2025.\u00a0\u201cOn pense d&rsquo;abord et surtout \u00e0 ceux qui ne nous ont pas l\u00e2ch\u00e9 et ont continu\u00e9 la course jusqu\u2019au bout l\u2019hiver dernier\u201d. Ainsi, les Belges d\u2019Alpecin et de la Lotto seront une nouvelle fois de la partie en 2026. Pour rappel, le leader de la Lotto,\u00a0<strong><a href=\"https:\/\/www.directvelo.com\/actualite\/118665\/arnaud-de-lie-on-a-respecte-l-organisateur\" target=\"_blank\" rel=\"noopener\">Arnaud De Lie, avait eu des mots forts de soutien pour l&rsquo;organisation apr\u00e8s sa victoire d&rsquo;\u00e9tape \u00e0 Bess\u00e8ges<\/a><\/strong> en d\u00e9but d&rsquo;ann\u00e9e.\u00a0<br \/>Quid des \u00e9quipes qui ont d\u00e9sert\u00e9 en f\u00e9vrier dernier ? Claudine Fangille, Romain Le Roux et leurs \u00e9quipes sont-ils rest\u00e9s sur leur position initiale de les \u00ab\u00a0boycotter\u00a0\u00bb ? Est-ce seulement possible en ce qui concerne les \u00e9quipes \u00e0 licence fran\u00e7aise ? D\u2019apr\u00e8s nos informations, la WorldTeam Decathlon CMA CGM, qui s\u2019\u00e9tait retir\u00e9e de l\u2019\u00e9preuve l\u2019an dernier &#8211; ce qui avait \u00e9norm\u00e9ment pein\u00e9 le comit\u00e9 d\u2019organisation &#8211; a fait savoir qu\u2019elle comptait bien\u00a0effectuer son retour sur la comp\u00e9tition gardoise. Les \u00e9quipes ont jusqu\u2019au 15 d\u00e9cembre prochain pour manifester leur souhait de venir sur l\u2019Etoile.<br \/><strong>Le programme de l\u2019\u00c9toile de Bess\u00e8ges 2026 :<br \/><\/strong>04\/02 &#8211; Et. 1 : Bellegarde &#8211; Bellegarde (150,1 km)<br \/>05\/02 &#8211; Et. 2 : Saint-Gilles &#8211; Domessargues (160,6 km)<br \/>06\/02 &#8211; Et. 3 : Bess\u00e8ges &#8211; Bess\u00e8ges (162,3 km)<br \/>07\/02 &#8211; Et. 4 : Saint-Christol-lez-Al\u00e8s &#8211; Vauvert (162,4 km)<br \/>08\/02 &#8211; Et. 5 : Al\u00e8s &#8211; L\u2019Hermitage (CLM individuel &#8211; 10,6 km)<\/p>\n<p>\u00a0<\/p>\n","protected":false},"excerpt":{"rendered":"L\u2019\u00e9ch\u00e9ance approche. Pr\u00e8s d\u2019un an apr\u00e8s la p\u00e9rilleuse \u00e9dition 2025 de l\u2019Etoile de Bess\u00e8ges, la premi\u00e8re course par&hellip;\n","protected":false},"author":2,"featured_media":581226,"comment_status":"","ping_status":"","sticky":false,"template":"","format":"standard","meta":{"footnotes":""},"categories":[1411],"tags":[834,828,836,829,837,827,83,826,824,823,1154,207,814,817,815,816,822,821,832,211,839,1011,27,820,818,819,835,831,830,833,838,60,212,208,825],"class_list":{"0":"post-581225","1":"post","2":"type-post","3":"status-publish","4":"format-standard","5":"has-post-thumbnail","7":"category-cyclisme","8":"tag-attaque","9":"tag-belgique","10":"tag-braquet","11":"tag-bretagne","12":"tag-chute","13":"tag-competition","14":"tag-coupe-de-france","15":"tag-coureur","16":"tag-course-cyclisme","17":"tag-course-cycliste","18":"tag-cycling","19":"tag-cyclisme","20":"tag-direct","21":"tag-direct-velo","22":"tag-directvelo","23":"tag-directvelo-com","24":"tag-epreuve","25":"tag-epreuve-cycliste","26":"tag-federation-francaise-de-cyclisme","27":"tag-ffc","28":"tag-flandres","29":"tag-fr","30":"tag-france","31":"tag-live","32":"tag-live-course","33":"tag-live-epreuve","34":"tag-peloton","35":"tag-radio-peloton","36":"tag-radio-tour","37":"tag-ravitaillement","38":"tag-relance","39":"tag-sports","40":"tag-uci","41":"tag-velo","42":"tag-velos"},"share_on_mastodon":{"url":"https:\/\/pubeurope.com\/@fr\/115670420271706590","error":""},"_links":{"self":[{"href":"https:\/\/www.europesays.com\/fr\/wp-json\/wp\/v2\/posts\/581225","targetHints":{"allow":["GET"]}}],"collection":[{"href":"https:\/\/www.europesays.com\/fr\/wp-json\/wp\/v2\/posts"}],"about":[{"href":"https:\/\/www.europesays.com\/fr\/wp-json\/wp\/v2\/types\/post"}],"author":[{"embeddable":true,"href":"https:\/\/www.europesays.com\/fr\/wp-json\/wp\/v2\/users\/2"}],"replies":[{"embeddable":true,"href":"https:\/\/www.europesays.com\/fr\/wp-json\/wp\/v2\/comments?post=581225"}],"version-history":[{"count":0,"href":"https:\/\/www.europesays.com\/fr\/wp-json\/wp\/v2\/posts\/581225\/revisions"}],"wp:featuredmedia":[{"embeddable":true,"href":"https:\/\/www.europesays.com\/fr\/wp-json\/wp\/v2\/media\/581226"}],"wp:attachment":[{"href":"https:\/\/www.europesays.com\/fr\/wp-json\/wp\/v2\/media?parent=581225"}],"wp:term":[{"taxonomy":"category","embeddable":true,"href":"https:\/\/www.europesays.com\/fr\/wp-json\/wp\/v2\/categories?post=581225"},{"taxonomy":"post_tag","embeddable":true,"href":"https:\/\/www.europesays.com\/fr\/wp-json\/wp\/v2\/tags?post=581225"}],"curies":[{"name":"wp","href":"https:\/\/api.w.org\/{rel}","templated":true}]}}