{"id":581227,"date":"2025-12-06T03:08:12","date_gmt":"2025-12-06T03:08:12","guid":{"rendered":"https:\/\/www.europesays.com\/fr\/581227\/"},"modified":"2025-12-06T03:08:12","modified_gmt":"2025-12-06T03:08:12","slug":"lol-ne-laisse-pas-le-choix-a-didier-deschamps","status":"publish","type":"post","link":"https:\/\/www.europesays.com\/fr\/581227\/","title":{"rendered":"L\u2019OL ne laisse pas le choix \u00e0 Didier Deschamps"},"content":{"rendered":"<p><b>Le tirage au sort de la Coupe du monde 2026 a eu lieu ce vendredi \u00e0 Washington, et la France est en grande partie fix\u00e9e sur son sort. <\/b><\/p>\n<p>Si un adversaire reste \u00e0 d\u00e9finir avec les barrages, il y aura la Norv\u00e8ge et le S\u00e9n\u00e9gal au programme.<\/p>\n<p>L\u2019occasion pour l\u2019Olympique Lyonnais de se r\u00e9veiller en signalant que son d\u00e9fenseur Moussa Niakhat\u00e9 sera tr\u00e8s probablement au rendez-vous de cette Coupe du monde. Et le club rhodanien esp\u00e8re bien que son taulier Corentin Tolisso sera aussi pr\u00e9sent. D\u2019un petit tweet malicieux, l\u2019OL a demand\u00e9 \u00e0 Didier Deschamps de ne pas g\u00e2cher ces retrouvailles aux Etats-Unis, m\u00eame si le s\u00e9lectionneur national a beaucoup de mal \u00e0 rappeler le capitaine lyonnais.<\/p>\n","protected":false},"excerpt":{"rendered":"Le tirage au sort de la Coupe du monde 2026 a eu lieu ce vendredi \u00e0 Washington, et&hellip;\n","protected":false},"author":2,"featured_media":581228,"comment_status":"","ping_status":"","sticky":false,"template":"","format":"standard","meta":{"footnotes":""},"categories":[1410],"tags":[64,63,1011,27,49871,241,60],"class_list":{"0":"post-581227","1":"post","2":"type-post","3":"status-publish","4":"format-standard","5":"has-post-thumbnail","7":"category-football","8":"tag-equipe-de-france","9":"tag-football","10":"tag-fr","11":"tag-france","12":"tag-mondial-2026","13":"tag-ol","14":"tag-sports"},"share_on_mastodon":{"url":"https:\/\/pubeurope.com\/@fr\/115670424290452553","error":""},"_links":{"self":[{"href":"https:\/\/www.europesays.com\/fr\/wp-json\/wp\/v2\/posts\/581227","targetHints":{"allow":["GET"]}}],"collection":[{"href":"https:\/\/www.europesays.com\/fr\/wp-json\/wp\/v2\/posts"}],"about":[{"href":"https:\/\/www.europesays.com\/fr\/wp-json\/wp\/v2\/types\/post"}],"author":[{"embeddable":true,"href":"https:\/\/www.europesays.com\/fr\/wp-json\/wp\/v2\/users\/2"}],"replies":[{"embeddable":true,"href":"https:\/\/www.europesays.com\/fr\/wp-json\/wp\/v2\/comments?post=581227"}],"version-history":[{"count":0,"href":"https:\/\/www.europesays.com\/fr\/wp-json\/wp\/v2\/posts\/581227\/revisions"}],"wp:featuredmedia":[{"embeddable":true,"href":"https:\/\/www.europesays.com\/fr\/wp-json\/wp\/v2\/media\/581228"}],"wp:attachment":[{"href":"https:\/\/www.europesays.com\/fr\/wp-json\/wp\/v2\/media?parent=581227"}],"wp:term":[{"taxonomy":"category","embeddable":true,"href":"https:\/\/www.europesays.com\/fr\/wp-json\/wp\/v2\/categories?post=581227"},{"taxonomy":"post_tag","embeddable":true,"href":"https:\/\/www.europesays.com\/fr\/wp-json\/wp\/v2\/tags?post=581227"}],"curies":[{"name":"wp","href":"https:\/\/api.w.org\/{rel}","templated":true}]}}