{"id":581229,"date":"2025-12-06T03:09:12","date_gmt":"2025-12-06T03:09:12","guid":{"rendered":"https:\/\/www.europesays.com\/fr\/581229\/"},"modified":"2025-12-06T03:09:12","modified_gmt":"2025-12-06T03:09:12","slug":"matthieu-delormeau-drague-par-alain-delon-sa-folle-anecdote-dans-tbt9","status":"publish","type":"post","link":"https:\/\/www.europesays.com\/fr\/581229\/","title":{"rendered":"Matthieu Delormeau \u00ab\u00a0dragu\u00e9\u00a0\u00bb par Alain Delon ? Sa folle anecdote dans \u00ab\u00a0TBT9\u00a0\u00bb"},"content":{"rendered":"<p>      R\u00e9sum\u00e9<\/p>\n<p>Lors d\u2019un d\u00eener chez Marc-Olivier Fogiel, Matthieu Delormeau a v\u00e9cu une rencontre inattendue avec Alain Delon, qui lui a fait une remarque \u00e9tonnante et m\u00e9morable.<\/p>\n<p>        Sommaire<\/p>\n<p>Chaque soir de la semaine, <strong><a href=\"https:\/\/www.public.fr\/tag\/cyril-hanouna\" target=\"_blank\" rel=\"noopener\">Cyril Hanouna<\/a> pr\u00e9sente <a href=\"https:\/\/x.com\/TBT9_W9\" target=\"_blank\" rel=\"noreferrer noopener\">Tout beau tout neuf<\/a> sur W9.<\/strong> Ce vendredi 5 d\u00e9cembre 2025, l&rsquo;animateur vedette \u00e9tait de retour \u00e0 l&rsquo;antenne avec un nouveau num\u00e9ro de son \u00e9mission culte. <\/p>\n<p>D\u00e8s le d\u00e9but du programme, le trublion et son \u00e9quipe ont eu le plaisir de recevoir sur le plateau un chef priv\u00e9 renomm\u00e9 : <a href=\"https:\/\/www.public.fr\/valentin-neraudeau-top-chef-depuis-mon-coming-out-j-ai-eu-quelques-milliers-de-demandes-en-mariage\" target=\"_blank\" rel=\"noopener\"><strong>Valentin N\u00e9raudeau<\/strong><\/a>.<\/p>\n<p>Du beau monde chez les chroniqueurs<\/p>\n<p>Actuellement en pleine promotion de son ouvrage baptis\u00e9 Du potager familial aux tables d&rsquo;exception (\u00e9ditions Fayard), le jeune chef s&rsquo;est longuement confi\u00e9 sur son m\u00e9tier. Il a notamment racont\u00e9 avoir d\u00e9j\u00e0 cuisin\u00e9 pour George Clooney, mais aussi pour Beyonc\u00e9, deux exp\u00e9riences qui ont marqu\u00e9 sa carri\u00e8re.<\/p>\n<p>Pour prolonger cette s\u00e9quence, Cyril Hanouna a ensuite profit\u00e9 de l&rsquo;occasion pour <strong>interroger ses chroniqueurs sur les personnalit\u00e9s avec lesquelles ils avaient eu la chance de d\u00eener.<\/strong><\/p>\n<p>Si Gilles Verdez a partag\u00e9 un repas avec George Weah, <strong>G\u00e9raldine Maillet a, pour sa part, accueilli plusieurs figures politiques,<\/strong> parmi lesquelles Manuel Valls, Fran\u00e7ois Hollande et Rachida Dati. <\/p>\n<p>Quant \u00e0 Jordan De Luxe, l&rsquo;animateur a eu le privil\u00e8ge de d\u00eener avec des personnalit\u00e9s du monde du spectacle, comme Afida Turner et Magloire.<\/p>\n<p>Matthieu Delormeau : sa rencontre inattendue avec Alain Delon<\/p>\n<p>Pour sa part, <strong>Matthieu Delormeau <\/strong>n&rsquo;a jamais officiellement re\u00e7u de personnalit\u00e9s \u00e0 sa table. Cependant, sa proximit\u00e9 avec Marc-Olivier Fogiel lui a offert des occasions uniques de rencontrer du beau monde. Un soir, il s&rsquo;est d&rsquo;ailleurs rendu chez l&rsquo;ancien directeur g\u00e9n\u00e9ral de BFMTV et s&rsquo;est retrouv\u00e9 aux c\u00f4t\u00e9s d&rsquo;<strong>Alain Delon<\/strong>. <\/p>\n<p>Au cours du d\u00eener, le monstre sacr\u00e9 du cin\u00e9ma aurait m\u00eame tent\u00e9 une approche. \u00ab\u00a0<strong>Si vous aviez \u00e9t\u00e9 plus jeune, je vous aurais dragu\u00e9<\/strong>\u00ab\u00a0, lui aurait-il lanc\u00e9. Une anecdote qui a suscit\u00e9 de vives r\u00e9actions. <\/p>\n<p>Outre le chroniqueur, le Gu\u00e9pard aurait aussi partag\u00e9 un repas avec Isabelle-Morini Bosc. \u00ab\u00a0Alain Delon \u00e9tait dans le quartier pour des affaires, il m&rsquo;a vu et il m&rsquo;a dit : &lsquo;Tiens, je monterais bien chez toi.&rsquo; Il est mont\u00e9 chez moi, et apr\u00e8s, on est all\u00e9 d\u00e9jeuner au Fouquet&rsquo;s, parce que quand il a vu ce qu&rsquo;il y avait chez moi, il s&rsquo;est dit qu&rsquo;il valait mieux ne pas y rester\u00a0\u00bb. Un beau souvenir. <\/p>\n<p>\n          Hits &amp; People en continu\n        <\/p>\n<p>\n          Public Radio\n        <\/p>\n<p>      Mentionn\u00e9s dans cet article<\/p>\n<p>      Sur le m\u00eame sujet<\/p>\n","protected":false},"excerpt":{"rendered":"R\u00e9sum\u00e9 Lors d\u2019un d\u00eener chez Marc-Olivier Fogiel, Matthieu Delormeau a v\u00e9cu une rencontre inattendue avec Alain Delon, qui&hellip;\n","protected":false},"author":2,"featured_media":581230,"comment_status":"","ping_status":"","sticky":false,"template":"","format":"standard","meta":{"footnotes":""},"categories":[1359],"tags":[5960,58,59,1011,27,7830,973,22498,22497],"class_list":{"0":"post-581229","1":"post","2":"type-post","3":"status-publish","4":"format-standard","5":"has-post-thumbnail","7":"category-people","8":"tag-alain-delon","9":"tag-divertissement","10":"tag-entertainment","11":"tag-fr","12":"tag-france","13":"tag-matthieu-delormeau","14":"tag-people","15":"tag-tout-9-tbt9","16":"tag-tout-beau"},"share_on_mastodon":{"url":"https:\/\/pubeurope.com\/@fr\/115670428221313905","error":""},"_links":{"self":[{"href":"https:\/\/www.europesays.com\/fr\/wp-json\/wp\/v2\/posts\/581229","targetHints":{"allow":["GET"]}}],"collection":[{"href":"https:\/\/www.europesays.com\/fr\/wp-json\/wp\/v2\/posts"}],"about":[{"href":"https:\/\/www.europesays.com\/fr\/wp-json\/wp\/v2\/types\/post"}],"author":[{"embeddable":true,"href":"https:\/\/www.europesays.com\/fr\/wp-json\/wp\/v2\/users\/2"}],"replies":[{"embeddable":true,"href":"https:\/\/www.europesays.com\/fr\/wp-json\/wp\/v2\/comments?post=581229"}],"version-history":[{"count":0,"href":"https:\/\/www.europesays.com\/fr\/wp-json\/wp\/v2\/posts\/581229\/revisions"}],"wp:featuredmedia":[{"embeddable":true,"href":"https:\/\/www.europesays.com\/fr\/wp-json\/wp\/v2\/media\/581230"}],"wp:attachment":[{"href":"https:\/\/www.europesays.com\/fr\/wp-json\/wp\/v2\/media?parent=581229"}],"wp:term":[{"taxonomy":"category","embeddable":true,"href":"https:\/\/www.europesays.com\/fr\/wp-json\/wp\/v2\/categories?post=581229"},{"taxonomy":"post_tag","embeddable":true,"href":"https:\/\/www.europesays.com\/fr\/wp-json\/wp\/v2\/tags?post=581229"}],"curies":[{"name":"wp","href":"https:\/\/api.w.org\/{rel}","templated":true}]}}