{"id":581231,"date":"2025-12-06T03:10:18","date_gmt":"2025-12-06T03:10:18","guid":{"rendered":"https:\/\/www.europesays.com\/fr\/581231\/"},"modified":"2025-12-06T03:10:18","modified_gmt":"2025-12-06T03:10:18","slug":"le-grand-architecte-frank-gehry-maitre-du-deconstructivisme-est-mort-05-12-2025-a-2345","status":"publish","type":"post","link":"https:\/\/www.europesays.com\/fr\/581231\/","title":{"rendered":"Le grand architecte Frank Gehry, ma\u00eetre du d\u00e9constructivisme, est mort &#8211; 05\/12\/2025 \u00e0 23:45"},"content":{"rendered":"<p>        <img decoding=\"async\" src=\"https:\/\/www.europesays.com\/fr\/wp-content\/uploads\/2025\/12\/7b1206e9db1103007e421d0e486747a4-760x506.jpg\" alt=\"L'architecte am\u00e9ricano-canadien Frank Gehry alors d'un concert de l'Orchestre philharmonique de Los Angeles, en son honneur au Walt Disney Concert Hall, le 5 octobre 2023 \u00e0 Los Angeles, en Californie ( Getty \/ Matt Winkelmeyer )\" loading=\"eager\" fetchpriority=\"high\" width=\"760\" height=\"506\" style=\"max-width: 100%!important; height: auto;\"\/><\/p>\n<p class=\"c-image-news__legend\">L&rsquo;architecte am\u00e9ricano-canadien Frank Gehry alors d&rsquo;un concert de l&rsquo;Orchestre philharmonique de Los Angeles, en son honneur au Walt Disney Concert Hall, le 5 octobre 2023 \u00e0 Los Angeles, en Californie ( Getty \/ Matt Winkelmeyer )<\/p>\n<p>\n L&rsquo;architecte am\u00e9ricano-canadien Frank Gehry, l&rsquo;un des rares de sa profession \u00e0 s&rsquo;\u00eatre hiss\u00e9 au rang de superstar \u00e0 travers la plan\u00e8te, est mort vendredi \u00e0 l&rsquo;\u00e2ge de 96 ans, a fait savoir \u00e0 l&rsquo;AFP l&rsquo;\u00e9quipe de ce ma\u00eetre du d\u00e9constructivisme.\n<\/p>\n<p>\n A l&rsquo;origine de b\u00e2timents embl\u00e9matiques tels que le mus\u00e9e Guggenheim de Bilbao en Espagne ou la Fondation Louis Vuitton \u00e0 Paris,<br \/>\n <a href=\"https:\/\/www.boursorama.com\/actualite-economique\/actualites\/frank-gehry-l-une-des-rares-superstars-de-l-architecture-fedcb05bb2c454fc5cd2579b7231bc16\" title=\"Frank Gehry, l une des rares superstars de l architecture\" target=\"_blank\" rel=\"noopener\"><br \/>\n  Frank Gehry<br \/>\n <\/a><br \/>\n est d\u00e9c\u00e9d\u00e9 \u00ab\u00a0ce matin dans sa maison de Santa Monica \u00e0 l&rsquo;issue d&rsquo;une courte maladie respiratoire\u00a0\u00bb, a \u00e9crit son \u00e9quipe dans un courriel \u00e0 l&rsquo;AFP.\n<\/p>\n<p>\n C&rsquo;est l\u00e0, sur la fa\u00e7ade maritime de Los Angeles en Californie, que le jeune architecte construit sa maison en 1978, une enveloppe autour d&rsquo;un bungalow hollandais qui pose les principes de son style architectural.\n<\/p>\n<p>        <img decoding=\"async\" src=\"https:\/\/www.europesays.com\/fr\/wp-content\/uploads\/2025\/12\/72cad0372c50c3e0054a745d056871f4-760x488.jpg\" alt=\"Le Walt Disney Concert Hall r\u00e9alis\u00e9 par l'architecte am\u00e9ricano-canadien Frank\u00a0Gehry, le 15 mars 2020 \u00e0 Los Angeles, en Californie ( Getty \/ MARIO TAMA )\" loading=\"eager\" fetchpriority=\"high\" width=\"760\" height=\"488\" style=\"max-width: 100%!important; height: auto;\"\/><\/p>\n<p class=\"c-image-news__legend\">Le Walt Disney Concert Hall r\u00e9alis\u00e9 par l&rsquo;architecte am\u00e9ricano-canadien Frank\u00a0Gehry, le 15 mars 2020 \u00e0 Los Angeles, en Californie ( Getty \/ MARIO TAMA )<\/p>\n<p>\n N\u00e9 Frank Owen Goldberg au Canada en 1929 au sein d&rsquo;une famille juive, il changera, apr\u00e8s ses \u00e9tudes en Californie, son nom pour se prot\u00e9ger de l&rsquo;antis\u00e9mitisme.\n<\/p>\n<p>\n Avec la facult\u00e9 de droit de Loyola \u00e0 Los Angeles, pens\u00e9e entre r\u00e9f\u00e9rences antique et ruptures, il r\u00e9alise sa premi\u00e8re oeuvre d&rsquo;envergure, et re\u00e7oit quelques ann\u00e9es plus tard, en 1989, le Prix Pritzker, plus haute distinction architecturale dans le monde.\n<\/p>\n<p>\n L&rsquo;ouverture en 1989 du mus\u00e9e Guggenheim \u00e0 Bilbao, en Espagne, assoit sa r\u00e9putation internationale. Il reprendra ces courbes complexes et asym\u00e9triques pour dessiner la vaste salle de concert Walt Disney, chez lui \u00e0 Los Angeles en 2003.\n<\/p>\n<p>\n L&rsquo;orchestre philharmonique de Los Angeles, qui utilise ce b\u00e2timent, s&rsquo;est dit vendredi sur X \u00ab\u00a0d\u00e9vast\u00e9\u00a0\u00bb par le d\u00e9c\u00e8s d&rsquo;un architecte \u00e0 \u00ab\u00a0l&rsquo;imagination audacieuse.\u00a0\u00bb\n<\/p>\n<p>\n Avec tous ces projets, Frank Gehry brouille la fronti\u00e8re entre architecture et art. Novateur, il \u00e9branle le monde de l&rsquo;architecture contemporaine et popularise la profession.\n<\/p>\n<p>\n L&rsquo;une de ses derni\u00e8res<br \/>\n <a href=\"https:\/\/www.boursorama.com\/actualite-economique\/actualites\/cinq-oeuvres-majeures-de-l-architecte-frank-gehry-fc2d315c5373adc68b15efe93f4815ba\" title=\"Cinq oeuvres majeures de l architecte Frank Gehry\" target=\"_blank\" rel=\"noopener\"><br \/>\n  oeuvres majeures<br \/>\n <\/a><br \/>\n sera la Fondation Louis Vuitton, monument futuriste de b\u00e9ton et de verre qui jouxte le Jardin d&rsquo;acclimatation du bois de Boulogne, dans l&rsquo;ouest de Paris.\n<\/p>\n<p>        <img decoding=\"async\" src=\"https:\/\/www.europesays.com\/fr\/wp-content\/uploads\/2025\/12\/d7b925212fa4f24080993f7813f380fc-760x496.jpg\" alt=\"Vue a\u00e9rienne de la Fondation Louis Vuitton r\u00e9alis\u00e9e par l'architecte am\u00e9ricano-canadien Frank Gehry, le 14 juillet 2018 \u00e0 Paris ( AFP \/ GERARD JULIEN )\" loading=\"eager\" fetchpriority=\"high\" width=\"760\" height=\"496\" style=\"max-width: 100%!important; height: auto;\"\/><\/p>\n<p class=\"c-image-news__legend\">Vue a\u00e9rienne de la Fondation Louis Vuitton r\u00e9alis\u00e9e par l&rsquo;architecte am\u00e9ricano-canadien Frank Gehry, le 14 juillet 2018 \u00e0 Paris ( AFP \/ GERARD JULIEN )<\/p>\n<p>\n Son commanditaire, le milliardaire fran\u00e7ais et patron du groupe de luxe<br \/>\n <a href=\"https:\/\/www.boursorama.com\/cours\/1rPMC\/\" target=\"_blank\" rel=\"noopener\"><br \/>\n  LVMH<br \/>\n <\/a><br \/>\n , Bernard Arnault, s&rsquo;est dit dans un communiqu\u00e9 \u00ab\u00a0immens\u00e9ment attrist\u00e9\u00a0\u00bb par le d\u00e9c\u00e8s de Frank Gehry. L&rsquo;architecte, affirme-t-il, \u00ab\u00a0savait incomparablement modeler les formes, plisser le verre comme une toile, le faire danser comme une silhouette\u00a0\u00bb\n<\/p>\n<p>\n \u00ab\u00a0Avec la Fondation Louis Vuitton pour la Cr\u00e9ation, il a donn\u00e9 \u00e0 Paris, \u00e0 la France, son plus beau chef d&rsquo;\u0153uvre et l&rsquo;expression la plus \u00e9lev\u00e9e de sa puissance cr\u00e9atrice, \u00e0 la hauteur de l&rsquo;amiti\u00e9 qu&rsquo;il portait \u00e0 notre ville et de l&rsquo;affection qu&rsquo;il t\u00e9moignait \u00e0 notre culture.\u00a0\u00bb<\/p>\n","protected":false},"excerpt":{"rendered":"L&rsquo;architecte am\u00e9ricano-canadien Frank Gehry alors d&rsquo;un concert de l&rsquo;Orchestre philharmonique de Los Angeles, en son honneur au Walt&hellip;\n","protected":false},"author":2,"featured_media":581232,"comment_status":"","ping_status":"","sticky":false,"template":"","format":"standard","meta":{"footnotes":""},"categories":[1358],"tags":[400,1348,1384,1385,398,408,405,1386,58,59,1011,27,403,402,399,404,401,406,407],"class_list":{"0":"post-581231","1":"post","2":"type-post","3":"status-publish","4":"format-standard","5":"has-post-thumbnail","7":"category-arts-et-design","8":"tag-action-cac-40","9":"tag-arts","10":"tag-arts-and-design","11":"tag-arts-et-design","12":"tag-bourse-de-paris","13":"tag-boursorama","14":"tag-cotations","15":"tag-design","16":"tag-divertissement","17":"tag-entertainment","18":"tag-fr","19":"tag-france","20":"tag-indices-devises","21":"tag-investir","22":"tag-investissement","23":"tag-marche-boursier","24":"tag-sicav","25":"tag-trackers","26":"tag-warrants"},"share_on_mastodon":{"url":"https:\/\/pubeurope.com\/@fr\/115670433042653107","error":""},"_links":{"self":[{"href":"https:\/\/www.europesays.com\/fr\/wp-json\/wp\/v2\/posts\/581231","targetHints":{"allow":["GET"]}}],"collection":[{"href":"https:\/\/www.europesays.com\/fr\/wp-json\/wp\/v2\/posts"}],"about":[{"href":"https:\/\/www.europesays.com\/fr\/wp-json\/wp\/v2\/types\/post"}],"author":[{"embeddable":true,"href":"https:\/\/www.europesays.com\/fr\/wp-json\/wp\/v2\/users\/2"}],"replies":[{"embeddable":true,"href":"https:\/\/www.europesays.com\/fr\/wp-json\/wp\/v2\/comments?post=581231"}],"version-history":[{"count":0,"href":"https:\/\/www.europesays.com\/fr\/wp-json\/wp\/v2\/posts\/581231\/revisions"}],"wp:featuredmedia":[{"embeddable":true,"href":"https:\/\/www.europesays.com\/fr\/wp-json\/wp\/v2\/media\/581232"}],"wp:attachment":[{"href":"https:\/\/www.europesays.com\/fr\/wp-json\/wp\/v2\/media?parent=581231"}],"wp:term":[{"taxonomy":"category","embeddable":true,"href":"https:\/\/www.europesays.com\/fr\/wp-json\/wp\/v2\/categories?post=581231"},{"taxonomy":"post_tag","embeddable":true,"href":"https:\/\/www.europesays.com\/fr\/wp-json\/wp\/v2\/tags?post=581231"}],"curies":[{"name":"wp","href":"https:\/\/api.w.org\/{rel}","templated":true}]}}