{"id":581233,"date":"2025-12-06T03:12:20","date_gmt":"2025-12-06T03:12:20","guid":{"rendered":"https:\/\/www.europesays.com\/fr\/581233\/"},"modified":"2025-12-06T03:12:20","modified_gmt":"2025-12-06T03:12:20","slug":"star-academy-2025-bastiaan-et-eddy-de-pretto-chantent-kid-tf1","status":"publish","type":"post","link":"https:\/\/www.europesays.com\/fr\/581233\/","title":{"rendered":"Star Academy 2025 &#8211; Bastiaan et Eddy de Pretto chantent &quot;Kid&quot; &#8211; TF1+"},"content":{"rendered":"<ol>\n<li><a href=\"https:\/\/news.google.com\/rss\/articles\/CBMitAFBVV95cUxNS3dxcnFOamt3TEQ5dzVvTzZ4aFZUVndOVHBQWXV5RHpQaDJIR0dNRjlzREpER3hGYmVqMGI2RGkxV1o2VWFRdi1VekREYnhtb1Vqdk84MmxvOFNXbHVRazZRUG1qZTlTbWMycF9VSjNFRW5CWXFmM2lVX19PYVdtVFcyS3A0cGMyZG9aVUJuOFlnS0t6VzVvMHJ1aGprMk5DR3IxTm8zZnVTbXNWaF9BdnNJY18?oc=5\" target=\"_blank\" rel=\"noopener\">Star Academy 2025 &#8211; Bastiaan et Eddy de Pretto chantent \u00ab\u00a0Kid\u00a0\u00bb<\/a>&nbsp;&nbsp;TF1+<\/li>\n<li><a href=\"https:\/\/news.google.com\/rss\/articles\/CBMirgFBVV95cUxQc2FuOFJFSXQtY3dYbU1ibnhGRjFXc01tRm5hY2RxQVh2TzVsMF96aWxncEMxREs4YzZBRmczbThUMmR6YzFOS1dMdXRrdzBnR0NzNnBsTkxoaXRFUFRGelhOeng1dVFXUC1VcGlfLVI1S2pQUXItNWpRV1AwNWliWnRyVS1LbGVpSzdNaG93VXc5YkRfVzg4Z3RPdnFVRDlFTVN3M1ZrS1prbnE2eHc?oc=5\" target=\"_blank\" rel=\"noopener\">Le classement et les notes de la 7e semaine de la Star Academy 2025<\/a>&nbsp;&nbsp;20 Minutes<\/li>\n<li><a href=\"https:\/\/news.google.com\/rss\/articles\/CBMi6wFBVV95cUxOWnl2d1gyMGhIS2IxNzY5UHM5dTZlMGxJbEVGdENSTDNYWkxfaUJYb1V2d3BSYXR0S1V6SFQ5dmlJeF9qMUtxeU94R19heWVpLW1DTjgyOVpzRnVqVFRtRFg3dDU4RkQybzBMTlNEU2hha2pVb2REVWN0WGdZejg4QVduT0ozZ3lyc0UyVkNlWUhCcm1iUmVPeVVaN1BPNjRTZUkwSTRob3lGeVlmTkkzWFQwYjQ3Z1I3SzBSZGJLc09IbGFwdDVSUncwTzZhNmx6MExZWWx6d0NMM29RaHNuYnhVaFBuVi1WYnBZ?oc=5\" target=\"_blank\" rel=\"noopener\">\u00ab Star Academy \u00bb : Lily \u00e9limin\u00e9e, Ambre et Sarah assur\u00e9es d\u2019aller en tourn\u00e9e<\/a>&nbsp;&nbsp;Le Parisien<\/li>\n<li><a href=\"https:\/\/news.google.com\/rss\/articles\/CBMi6AFBVV95cUxPS19MWVhnLVlJYU5hdXZNWlQtemJKN0tTYkdDZXdWa1p0dG52bzZFNk9zM3R6cXFSejdGbnJhZnNVUTJSLVhVY1BnWXpMelczcWdMbmVzb01DLXZhNFJHSko4M1VOTUhnVk1KdVgzSm5USzYyR3lHTTNNaXltVlNvT1VHR3kwLTlzNFRvc3BnM1dBZGtRV3ZRU0t1WWRYVTVJS0NNWC1NaWFJR29sUXctb1hId2RfTGpQREdrQUx2b0FPOTJCeS1tT1dCU1Bvbm1XWFhqTE1jWGtfWXBEQXRfaGp6MHV0Ymdy?oc=5\" target=\"_blank\" rel=\"noopener\">\u00ab\u00a0Star Academy\u00a0\u00bb : d\u00e9couvrez qui a quitt\u00e9 l&rsquo;aventure ce soir au terme d&rsquo;un prime de haute vol\u00e9e<\/a>&nbsp;&nbsp;TF1 Info<\/li>\n<li><a href=\"https:\/\/news.google.com\/rss\/articles\/CBMi6AFBVV95cUxNVjA1cXoyRXdRWm0yTkpyb1Q2NjU1X3ZTamJUemozS2t0cm1hLWNDcnNRaUxxZVpOQkppVFhPSHlGaXQ4TUt3RXhZVG9NcWVYbEFPT2tBUDBneEZ1UWRtalYxYnJWNjdrVV9pOXozSjNaRGNQa1ZBU1hsb3A1aXl0UXRWLWx0QUdjUHZQVDAtNE1GOHo1OEhNUE5oeV9VSEgzcUFIajJQS3VuUUl3RldHdkFWbkV2NEx5dVFSNUVUVzBZc0pKdldxNVJUNERPWkhqS2hyUUZwUmVNTVZoTnRrVHM4Ri04WXlX?oc=5\" target=\"_blank\" rel=\"noopener\">Lily (Star Academy) nomm\u00e9e : son compagnon Arnaud voit rouge et pointe du doigt la production de l\u2019\u00e9mission\u2026<\/a>&nbsp;&nbsp;Gala<\/li>\n<\/ol>\n","protected":false},"excerpt":{"rendered":"Star Academy 2025 &#8211; Bastiaan et Eddy de Pretto chantent \u00ab\u00a0Kid\u00a0\u00bb&nbsp;&nbsp;TF1+ Le classement et les notes de la&hellip;\n","protected":false},"author":2,"featured_media":581234,"comment_status":"","ping_status":"","sticky":false,"template":"","format":"standard","meta":{"footnotes":""},"categories":[1356],"tags":[58,59,3483,62736,62737,41321,1011,27,5095,62738,62739,62746,62750,62735,62747,62751,62743,62742,62748,62749,62744,62745,252,1364,62740,62741],"class_list":{"0":"post-581233","1":"post","2":"type-post","3":"status-publish","4":"format-standard","5":"has-post-thumbnail","7":"category-television","8":"tag-divertissement","9":"tag-entertainment","10":"tag-extrait","11":"tag-extrait-star-academy","12":"tag-extrait-star-academy-tf1","13":"tag-extrait-tf1","14":"tag-fr","15":"tag-france","16":"tag-star-academy","17":"tag-star-academy-extrait","18":"tag-star-academy-extrait-tf1","19":"tag-star-academy-streaming","20":"tag-star-academy-streaming-gratuit","21":"tag-star-academy-tf1","22":"tag-star-academy-tf1-streaming","23":"tag-star-academy-tf1-streaming-gratuit","24":"tag-star-academy-tf1-video","25":"tag-star-academy-video","26":"tag-streaming-gratuit-star-academy","27":"tag-streaming-gratuit-star-academy-tf1","28":"tag-streaming-star-academy","29":"tag-streaming-star-academy-tf1","30":"tag-television","31":"tag-tv","32":"tag-video-star-academy","33":"tag-video-star-academy-tf1"},"share_on_mastodon":{"url":"","error":"Validation failed: Text character limit of 500 exceeded"},"_links":{"self":[{"href":"https:\/\/www.europesays.com\/fr\/wp-json\/wp\/v2\/posts\/581233","targetHints":{"allow":["GET"]}}],"collection":[{"href":"https:\/\/www.europesays.com\/fr\/wp-json\/wp\/v2\/posts"}],"about":[{"href":"https:\/\/www.europesays.com\/fr\/wp-json\/wp\/v2\/types\/post"}],"author":[{"embeddable":true,"href":"https:\/\/www.europesays.com\/fr\/wp-json\/wp\/v2\/users\/2"}],"replies":[{"embeddable":true,"href":"https:\/\/www.europesays.com\/fr\/wp-json\/wp\/v2\/comments?post=581233"}],"version-history":[{"count":0,"href":"https:\/\/www.europesays.com\/fr\/wp-json\/wp\/v2\/posts\/581233\/revisions"}],"wp:featuredmedia":[{"embeddable":true,"href":"https:\/\/www.europesays.com\/fr\/wp-json\/wp\/v2\/media\/581234"}],"wp:attachment":[{"href":"https:\/\/www.europesays.com\/fr\/wp-json\/wp\/v2\/media?parent=581233"}],"wp:term":[{"taxonomy":"category","embeddable":true,"href":"https:\/\/www.europesays.com\/fr\/wp-json\/wp\/v2\/categories?post=581233"},{"taxonomy":"post_tag","embeddable":true,"href":"https:\/\/www.europesays.com\/fr\/wp-json\/wp\/v2\/tags?post=581233"}],"curies":[{"name":"wp","href":"https:\/\/api.w.org\/{rel}","templated":true}]}}