{"id":581238,"date":"2025-12-06T03:15:18","date_gmt":"2025-12-06T03:15:18","guid":{"rendered":"https:\/\/www.europesays.com\/fr\/581238\/"},"modified":"2025-12-06T03:15:18","modified_gmt":"2025-12-06T03:15:18","slug":"des-experts-nommes-sous-trump-chamboulent-les-recommandations-vaccinales-sur-lhepatite-b-06-12-2025-a-0226","status":"publish","type":"post","link":"https:\/\/www.europesays.com\/fr\/581238\/","title":{"rendered":"Des experts nomm\u00e9s sous Trump chamboulent les recommandations vaccinales sur l&rsquo;h\u00e9patite B &#8211; 06\/12\/2025 \u00e0 02:26"},"content":{"rendered":"<p>        <img decoding=\"async\" src=\"https:\/\/www.europesays.com\/fr\/wp-content\/uploads\/2025\/12\/d7fa00c769b9f82a1b47ad8aa96d8c81-760x506.jpg\" alt=\"Une infirmi\u00e8re s'appr\u00eate \u00e0 administrer une dose de vaccin contre l'h\u00e9patite B \u00e0 Lynwood,  le 27 ao\u00fbt 2013 en Californie ( AFP \/ ROBYN BECK )\" loading=\"eager\" fetchpriority=\"high\" width=\"760\" height=\"506\" style=\"max-width: 100%!important; height: auto;\"\/><\/p>\n<p class=\"c-image-news__legend\">Une infirmi\u00e8re s&rsquo;appr\u00eate \u00e0 administrer une dose de vaccin contre l&rsquo;h\u00e9patite B \u00e0 Lynwood,  le 27 ao\u00fbt 2013 en Californie ( AFP \/ ROBYN BECK )<\/p>\n<p>\n Un groupe d&rsquo;experts nomm\u00e9s par le ministre de la Sant\u00e9 vaccinosceptique de Donald Trump a d\u00e9cid\u00e9 vendredi de cesser de recommander le vaccin contre l&rsquo;h\u00e9patite B \u00e0 l&rsquo;ensemble des nouveau-n\u00e9s, et ce contre l&rsquo;avis de nombreux soignants.\n<\/p>\n<p>\n Cette d\u00e9cision, adopt\u00e9e par huit voix contre trois, devrait \u00eatre suivie par les autorit\u00e9s f\u00e9d\u00e9rales am\u00e9ricaines et conduire \u00e0 la fin de l&rsquo;actuelle politique de pr\u00e9vention du pays, en vigueur depuis plus de 30 ans.\n<\/p>\n<p>\n Donald Trump s&rsquo;est f\u00e9licit\u00e9 sur son r\u00e9seau Truth Social d&rsquo;une \u00ab\u00a0tr\u00e8s bonne d\u00e9cision\u00a0\u00bb.\n<\/p>\n<p>\n Selon la nouvelle recommandation, l&rsquo;administration d&rsquo;une premi\u00e8re dose de vaccin contre l&rsquo;h\u00e9patite B &#8211; sur trois &#8211; dans les premi\u00e8res heures de la vie d&rsquo;un enfant ne serait plus syst\u00e9matiquement recommand\u00e9e aux b\u00e9b\u00e9s dont la m\u00e8re a \u00e9t\u00e9 test\u00e9e n\u00e9gative.\n<\/p>\n<p>\n Ce changement majeur a \u00e9t\u00e9 imm\u00e9diatement d\u00e9nonc\u00e9 par des associations de soignants comme injustifi\u00e9 et m\u00eame dangereux, en raison notamment des failles dans le d\u00e9pistage des m\u00e8res aux Etats-Unis et de la possibilit\u00e9 que les nouveau-n\u00e9s soient contamin\u00e9s par d&rsquo;autres personnes de leur entourage.\n<\/p>\n<p>\n Cela \u00ab\u00a0entra\u00eenera une augmentation des infections par l&rsquo;h\u00e9patite B chez les nourrissons et les enfants\u00a0\u00bb, a ainsi fustig\u00e9 Susan Kressly, pr\u00e9sidente de l&rsquo;Acad\u00e9mie am\u00e9ricaine de p\u00e9diatrie.\n<\/p>\n<p>\n Le Comit\u00e9 consultatif sur les pratiques de vaccination (ACIP), enti\u00e8rement remani\u00e9 plus t\u00f4t cette ann\u00e9e par le ministre vaccinosceptique Robert Kennedy Jr. a \u00e9galement recommand\u00e9 qu&rsquo;un test s\u00e9rologique puisse \u00eatre r\u00e9alis\u00e9 apr\u00e8s une premi\u00e8re injection pour \u00e9valuer la n\u00e9cessit\u00e9 de doses futures.\n<\/p>\n<p> &#8211; \u00ab\u00a0Causer du tort\u00a0\u00bb &#8211;<\/p>\n<p>\n L&rsquo;h\u00e9patite B est une maladie virale du foie qui peut notamment \u00eatre transmise par la m\u00e8re lors de l&rsquo;accouchement et qui expose les personnes touch\u00e9es \u00e0 un risque \u00e9lev\u00e9 de d\u00e9c\u00e8s par cirrhose ou cancer du foie.\n<\/p>\n<p>\n La recommandation de vacciner l&rsquo;ensemble des nouveau-n\u00e9s, soutenue par l&rsquo;OMS, avait \u00e9t\u00e9 instaur\u00e9e aux Etats-Unis en 1991 et a permis de quasiment \u00e9radiquer les infections chez les jeunes dans le pays, selon les autorit\u00e9s.\n<\/p>\n<p>\n En amont du vote, le docteur Cody Meissner, l&rsquo;une des rares voix dissidentes du comit\u00e9 enti\u00e8rement remani\u00e9 par le ministre Robert Kennedy Jr, connu pour ses positions antivaccins, avait exhort\u00e9 ses coll\u00e8gues \u00e0 ne pas changer les recommandations en vigueur.\n<\/p>\n<p>\n \u00ab\u00a0En modifiant la formulation de cette recommandation, nous causons du tort\u00a0\u00bb, avait-il alert\u00e9.\n<\/p>\n<p>\n D&rsquo;autres membres d\u00e9fendaient au contraire une mesure permettant d&rsquo;aligner la politique vaccinale am\u00e9ricaine sur celle d&rsquo;autres pays comme la France, malgr\u00e9 les avertissements d&rsquo;experts pointant les probl\u00e8mes de surveillance et d&rsquo;acc\u00e8s aux soins sp\u00e9cifiques aux Etats-Unis.\n<\/p>\n<p> &#8211; Vaccinations en chute &#8211;<\/p>\n<p>\n D\u00e9sormais compos\u00e9 de personnalit\u00e9s pour beaucoup critiqu\u00e9es pour leur manque d&rsquo;expertise ou pour avoir relay\u00e9 de fausses informations sur les vaccins, le groupe avait d\u00e9j\u00e0 modifi\u00e9 en septembre les recommandations vaccinales sur le Covid-19 et la rougeole.\n<\/p>\n<p>\n Il a \u00e9galement entrepris vendredi une r\u00e9vision plus large du calendrier vaccinal des enfants, des travaux auxquels a particip\u00e9 l&rsquo;avocat am\u00e9ricain Aaron Siri, un proche de Robert Kennedy Jr. connu pour avoir relay\u00e9 comme lui des th\u00e9ories infond\u00e9es sur le sujet.\n<\/p>\n<p>\n Cette initiative suscite l&rsquo;inqui\u00e9tude au sein de la communaut\u00e9 m\u00e9dicale am\u00e9ricaine, qui accuse le groupe de chercher \u00e0 restreindre les acc\u00e8s aux vaccins, alors m\u00eame que les taux de vaccination du pays \u00e9voluent \u00e0 la baisse depuis la pand\u00e9mie et font craindre le retour de maladies contagieuses mortelles, comme la rougeole.\n<\/p>\n<p>\n En r\u00e9action, plusieurs institutions scientifiques am\u00e9ricaines et Etats d\u00e9mocrates ont r\u00e9cemment annonc\u00e9 cesser de suivre les recommandations de ce groupe et \u00e9laborer leurs propres directives.\n<\/p>\n<p>\n Au sein m\u00eame du Parti r\u00e9publicain, la d\u00e9cision de l&rsquo;ACIP vendredi a fait des remous, le s\u00e9nateur Bill Cassidy, m\u00e9decin de formation, ayant exhort\u00e9 sur X les autorit\u00e9s f\u00e9d\u00e9rales \u00e0 ne pas la mettre en oeuvre.\n<\/p>\n<p>\n Une fois adopt\u00e9es, ces recommandations dictent la prise en charge ou non de certains vaccins par des assurances et programmes des vaccinations. Un d\u00e9tail qui compte dans un pays o\u00f9 le prix d&rsquo;un seul vaccin peut s&rsquo;\u00e9lever \u00e0 plusieurs centaines de dollars.<\/p>\n","protected":false},"excerpt":{"rendered":"Une infirmi\u00e8re s&rsquo;appr\u00eate \u00e0 administrer une dose de vaccin contre l&rsquo;h\u00e9patite B \u00e0 Lynwood, le 27 ao\u00fbt 2013&hellip;\n","protected":false},"author":2,"featured_media":581239,"comment_status":"","ping_status":"","sticky":false,"template":"","format":"standard","meta":{"footnotes":""},"categories":[10],"tags":[400,398,408,405,1011,27,72,403,402,399,404,71,401,406,407],"class_list":{"0":"post-581238","1":"post","2":"type-post","3":"status-publish","4":"format-standard","5":"has-post-thumbnail","7":"category-sante","8":"tag-action-cac-40","9":"tag-bourse-de-paris","10":"tag-boursorama","11":"tag-cotations","12":"tag-fr","13":"tag-france","14":"tag-health","15":"tag-indices-devises","16":"tag-investir","17":"tag-investissement","18":"tag-marche-boursier","19":"tag-sante","20":"tag-sicav","21":"tag-trackers","22":"tag-warrants"},"share_on_mastodon":{"url":"https:\/\/pubeurope.com\/@fr\/115670451840114917","error":""},"_links":{"self":[{"href":"https:\/\/www.europesays.com\/fr\/wp-json\/wp\/v2\/posts\/581238","targetHints":{"allow":["GET"]}}],"collection":[{"href":"https:\/\/www.europesays.com\/fr\/wp-json\/wp\/v2\/posts"}],"about":[{"href":"https:\/\/www.europesays.com\/fr\/wp-json\/wp\/v2\/types\/post"}],"author":[{"embeddable":true,"href":"https:\/\/www.europesays.com\/fr\/wp-json\/wp\/v2\/users\/2"}],"replies":[{"embeddable":true,"href":"https:\/\/www.europesays.com\/fr\/wp-json\/wp\/v2\/comments?post=581238"}],"version-history":[{"count":0,"href":"https:\/\/www.europesays.com\/fr\/wp-json\/wp\/v2\/posts\/581238\/revisions"}],"wp:featuredmedia":[{"embeddable":true,"href":"https:\/\/www.europesays.com\/fr\/wp-json\/wp\/v2\/media\/581239"}],"wp:attachment":[{"href":"https:\/\/www.europesays.com\/fr\/wp-json\/wp\/v2\/media?parent=581238"}],"wp:term":[{"taxonomy":"category","embeddable":true,"href":"https:\/\/www.europesays.com\/fr\/wp-json\/wp\/v2\/categories?post=581238"},{"taxonomy":"post_tag","embeddable":true,"href":"https:\/\/www.europesays.com\/fr\/wp-json\/wp\/v2\/tags?post=581238"}],"curies":[{"name":"wp","href":"https:\/\/api.w.org\/{rel}","templated":true}]}}