{"id":581240,"date":"2025-12-06T03:17:12","date_gmt":"2025-12-06T03:17:12","guid":{"rendered":"https:\/\/www.europesays.com\/fr\/581240\/"},"modified":"2025-12-06T03:17:12","modified_gmt":"2025-12-06T03:17:12","slug":"meghan-markle-reprend-contact-avec-son-pere-apres-lannonce-de-son-amputation","status":"publish","type":"post","link":"https:\/\/www.europesays.com\/fr\/581240\/","title":{"rendered":"Meghan Markle reprend contact avec son p\u00e8re apr\u00e8s l\u2019annonce de son amputation"},"content":{"rendered":"<p>                             Par S.F.<\/p>\n<p>                Le 5 d\u00e9cembre 2025 \u00e0 23h27<\/p>\n<p>    Meghan Markle, duchesse de Sussex, s\u2019exprime sur sc\u00e8ne lors du sommet TIME100 2025, le 23 avril 2025 \u00e0 New York.<br \/>\n                JEMAL COUNTESS \/ Getty Images via AFP<\/p>\n<p>\n    La duchesse de Sussex a renou\u00e9 avec son p\u00e8re Thomas Markle, dont elle est brouill\u00e9e depuis 2018, apr\u00e8s avoir appris qu\u2019il avait subi une amputation de la jambe aux Philippines.<\/p>\n<p class=\"fig-paragraph\">Sept ans de brouille et puis un geste.\u00a0<a href=\"https:\/\/madame.lefigaro.fr\/tag\/meghan-markle\" target=\"_blank\" data-fig-type=\"Keyword\" rel=\"sponsored noopener\" data-gtm-custom-categorie=\"navigation\" data-gtm-custom-action=\"crossclick\" data-gtm-custom-label=\"Contextuel\" data-gtm-event=\"customEventSPE\" data-fig-domain=\"MADAME\">Meghan Markle<\/a>\u00a0a cherch\u00e9 \u00e0 joindre son p\u00e8re Thomas Markle apr\u00e8s les r\u00e9v\u00e9lations sur\u00a0<a href=\"http:\/\/madame.lefigaro.fr\/royaute\/une-question-de-vie-ou-de-mort-thomas-markle-le-pere-de-meghan-a-ete-ampute-d-une-jambe-20251205\" target=\"_blank\" data-fig-type=\"Article\" rel=\"noopener\" data-gtm-custom-categorie=\"navigation\" data-gtm-custom-action=\"crossclick\" data-gtm-custom-label=\"Contextuel\" data-gtm-event=\"customEventSPE\" data-fig-domain=\"MADAME\">son amputation d\u2019une jambe<\/a>, a confirm\u00e9 ce vendredi 5 d\u00e9cembre un porte-parole de la duchesse de Sussex \u00e0 l\u2019agence Reuters. \u00abJe peux confirmer qu\u2019elle a contact\u00e9 son p\u00e8re\u00bb, a d\u00e9clar\u00e9 le communicant, sans donner plus de d\u00e9tails sur la nature de cet \u00e9change.<\/p>\n<p class=\"fig-paragraph\">Thomas Markle, 81 ans, se trouverait actuellement aux Philippines, o\u00f9 il aurait d\u00e9m\u00e9nag\u00e9 plus t\u00f4t dans l\u2019ann\u00e9e, selon plusieurs m\u00e9dias britanniques. C\u2019est l\u00e0 qu\u2019il aurait subi cette intervention chirurgicale. Il r\u00e9sidait auparavant au Mexique.<\/p>\n<p>                                                                <a class=\"fig-a11y-skip\" href=\"#fig-a11y-skip-main-inarticle\" data-module=\"a11y-skip\" data-context=\"was @visible\"><br \/>\n    Passer la publicit\u00e9<br \/>\n<\/a>            <\/p>\n<p>                                                                Une rupture qui remonte au mariage<\/p>\n<p class=\"fig-paragraph\">Les relations entre Meghan Markle et son p\u00e8re se sont d\u00e9t\u00e9rior\u00e9es quelques jours avant son mariage avec le prince Harry, en mai 2018. Thomas Markle avait alors annonc\u00e9 qu\u2019il n\u2019assisterait pas \u00e0 la c\u00e9r\u00e9monie, invoquant alors des probl\u00e8mes de sant\u00e9. Cette d\u00e9cision \u00e9tait pourtant intervenue apr\u00e8s qu\u2019il eut admis avoir pos\u00e9 pour des photos mises en sc\u00e8ne avec des paparazzi, ce qui avait provoqu\u00e9 un scandale m\u00e9diatique et embarrass\u00e9 la future duchesse de Sussex.<\/p>\n<p class=\"fig-paragraph\">Depuis, p\u00e8re et fille avaient coup\u00e9 les ponts. Thomas Markle s\u2019est r\u00e9guli\u00e8rement exprim\u00e9 dans les m\u00e9dias, souvent de mani\u00e8re critique envers sa fille et son gendre, tandis que Meghan Markle est rest\u00e9e silencieuse sur le sujet. Cette main tendue marque-t-elle le d\u00e9but d\u2019une r\u00e9conciliation\u00a0? L\u2019avenir le dira.<\/p>\n","protected":false},"excerpt":{"rendered":"Par S.F. Le 5 d\u00e9cembre 2025 \u00e0 23h27 Meghan Markle, duchesse de Sussex, s\u2019exprime sur sc\u00e8ne lors du&hellip;\n","protected":false},"author":2,"featured_media":581241,"comment_status":"","ping_status":"","sticky":false,"template":"","format":"standard","meta":{"footnotes":""},"categories":[8],"tags":[970,58,59,1011,27,908,971],"class_list":{"0":"post-581240","1":"post","2":"type-post","3":"status-publish","4":"format-standard","5":"has-post-thumbnail","7":"category-divertissement","8":"tag-aristo-co","9":"tag-divertissement","10":"tag-entertainment","11":"tag-fr","12":"tag-france","13":"tag-meghan-markle","14":"tag-royaute"},"share_on_mastodon":{"url":"https:\/\/pubeurope.com\/@fr\/115670459886511606","error":""},"_links":{"self":[{"href":"https:\/\/www.europesays.com\/fr\/wp-json\/wp\/v2\/posts\/581240","targetHints":{"allow":["GET"]}}],"collection":[{"href":"https:\/\/www.europesays.com\/fr\/wp-json\/wp\/v2\/posts"}],"about":[{"href":"https:\/\/www.europesays.com\/fr\/wp-json\/wp\/v2\/types\/post"}],"author":[{"embeddable":true,"href":"https:\/\/www.europesays.com\/fr\/wp-json\/wp\/v2\/users\/2"}],"replies":[{"embeddable":true,"href":"https:\/\/www.europesays.com\/fr\/wp-json\/wp\/v2\/comments?post=581240"}],"version-history":[{"count":0,"href":"https:\/\/www.europesays.com\/fr\/wp-json\/wp\/v2\/posts\/581240\/revisions"}],"wp:featuredmedia":[{"embeddable":true,"href":"https:\/\/www.europesays.com\/fr\/wp-json\/wp\/v2\/media\/581241"}],"wp:attachment":[{"href":"https:\/\/www.europesays.com\/fr\/wp-json\/wp\/v2\/media?parent=581240"}],"wp:term":[{"taxonomy":"category","embeddable":true,"href":"https:\/\/www.europesays.com\/fr\/wp-json\/wp\/v2\/categories?post=581240"},{"taxonomy":"post_tag","embeddable":true,"href":"https:\/\/www.europesays.com\/fr\/wp-json\/wp\/v2\/tags?post=581240"}],"curies":[{"name":"wp","href":"https:\/\/api.w.org\/{rel}","templated":true}]}}